{"id":4598,"date":"2022-11-09T15:55:06","date_gmt":"2022-11-09T14:55:06","guid":{"rendered":"https:\/\/tuplice.pl\/?p=4598"},"modified":"2022-11-09T15:55:06","modified_gmt":"2022-11-09T14:55:06","slug":"asystent-osoby-niepelnosprawnej-edycja-2023","status":"publish","type":"post","link":"https:\/\/tuplice.pl\/index.php\/2022\/11\/09\/asystent-osoby-niepelnosprawnej-edycja-2023\/","title":{"rendered":"Asystent osoby niepe\u0142nosprawnej &#8211; edycja 2023"},"content":{"rendered":"<p><strong>ASYSTENT OSOBISTY OSOBY NIEPE\u0141NOSPRAWNEJ &#8211; EDYCJA 2023<\/strong><\/p>\n<p>W zwi\u0105zku z mo\u017cliwo\u015bci\u0105 aplikowania o \u015brodki z Programu \u201eAsystent osobisty osoby niepe\u0142nosprawnej\u201d \u2013 edycja 2023, realizowanego ze \u015brodk\u00f3w Funduszu Solidarno\u015bciowego, O\u015brodek Pomocy Spo\u0142ecznej w Tuplicach prosi o kontakt osoby zainteresowane uzyskaniem wsparcia.<\/p>\n<p>G\u0142\u00f3wnym celem Programu jest wprowadzenie us\u0142ug asystencji osobistej jako formy og\u00f3lnodost\u0119pnego wsparcia w wykonywaniu codziennych czynno\u015bci oraz funkcjonowaniu w \u017cyciu spo\u0142ecznym, kt\u00f3rych adresatami s\u0105:<\/p>\n<ul>\n<li>dzieci do 16. roku \u017cycia z orzeczeniem o niepe\u0142nosprawno\u015bci \u0142\u0105cznie ze wskazaniami: konieczno\u015bci sta\u0142ej lub d\u0142ugotrwa\u0142ej opieki lub pomocy innej osoby w zwi\u0105zku ze znacznie ograniczon\u0105 mo\u017cliwo\u015bci\u0105 samodzielnej egzystencji oraz konieczno\u015bci sta\u0142ego wsp\u00f3\u0142udzia\u0142u na co dzie\u0144 opiekuna dziecka w procesie jego leczenia, rehabilitacji i edukacji oraz<\/li>\n<\/ul>\n<p>Us\u0142ugi asystencji osobistej polegaj\u0105 w szczeg\u00f3lno\u015bci na pomocy asystenta w:<\/p>\n<ul>\n<li>wykonywaniu przez uczestnika czynno\u015bci dnia codziennego;<\/li>\n<li>wyj\u015bciu, powrocie lub dojazdach z uczestnikiem w wybrane przez uczestnika miejsca;<\/li>\n<li>za\u0142atwianiu przez uczestnika spraw urz\u0119dowych;<\/li>\n<li>korzystaniu przez uczestnika z d\u00f3br kultury (np. muzeum, teatr, kino, galeria sztuki, wystawa);<\/li>\n<li>zaprowadzaniu i odebraniu dzieci z orzeczeniem o niepe\u0142nosprawno\u015bci do plac\u00f3wki o\u015bwiatowej.<\/li>\n<\/ul>\n<p><strong>Osoby zainteresowane uzyskaniem wsparcia prosimy o kontakt z OPS w Tuplicach pod nr tel.\u00a0 690341926, email na adres: ops@tuplice.pl do dnia 08.11.2022 r.<\/strong><\/p>\n<p>Za\u0142\u0105czniki:<\/p>\n<ul>\n<li><a href=\"https:\/\/tuplice.pl\/wp-content\/uploads\/2022\/11\/PROGRAM_AOON_JST_EDYCJA-2023.docx\">program asystent osoby niepe\u0142nosprawnej.doc<\/a><\/li>\n<li><a href=\"https:\/\/tuplice.pl\/wp-content\/uploads\/2022\/11\/Za\u0142\u0105cznik-nr-7-do-Programu-AOON-Karta-zg\u0142oszenia-do-Programu.docx\">Karta zg\u0142oszenia do programu.doc<\/a><\/li>\n<\/ul>\n","protected":false},"excerpt":{"rendered":"<p>ASYSTENT OSOBISTY OSOBY NIEPE\u0141NOSPRAWNEJ &#8211; EDYCJA 2023 W zwi\u0105zku z mo\u017cliwo\u015bci\u0105 aplikowania o \u015brodki z Programu \u201eAsystent osobisty osoby niepe\u0142nosprawnej\u201d \u2013 edycja 2023, realizowanego ze \u015brodk\u00f3w Funduszu Solidarno\u015bciowego, O\u015brodek Pomocy Spo\u0142ecznej w Tuplicach prosi o kontakt osoby zainteresowane uzyskaniem wsparcia. G\u0142\u00f3wnym celem Programu jest wprowadzenie us\u0142ug asystencji osobistej jako formy og\u00f3lnodost\u0119pnego wsparcia w wykonywaniu codziennych [&hellip;]<\/p>\n","protected":false},"author":3,"featured_media":4602,"comment_status":"closed","ping_status":"closed","sticky":false,"template":"","format":"standard","meta":{"_et_pb_use_builder":"","_et_pb_old_content":"","_et_gb_content_width":"","_monsterinsights_skip_tracking":false},"categories":[82],"tags":[],"aioseo_notices":[],"aioseo_head":"\n\t\t<!-- All in One SEO 4.9.10 - aioseo.com -->\n\t<meta name=\"description\" content=\"ASYSTENT OSOBISTY OSOBY NIEPE\u0141NOSPRAWNEJ - EDYCJA 2023 W zwi\u0105zku z mo\u017cliwo\u015bci\u0105 aplikowania o \u015brodki z Programu \u201eAsystent osobisty osoby niepe\u0142nosprawnej\u201d \u2013 edycja 2023, realizowanego ze \u015brodk\u00f3w Funduszu Solidarno\u015bciowego, O\u015brodek Pomocy Spo\u0142ecznej w Tuplicach prosi o kontakt osoby zainteresowane uzyskaniem wsparcia. G\u0142\u00f3wnym celem Programu jest wprowadzenie us\u0142ug asystencji osobistej jako formy og\u00f3lnodost\u0119pnego wsparcia w wykonywaniu codziennych\" \/>\n\t<meta name=\"robots\" content=\"max-image-preview:large\" \/>\n\t<meta name=\"author\" content=\"Jacek Konieczy\u0144ski\"\/>\n\t<link rel=\"canonical\" href=\"https:\/\/tuplice.pl\/index.php\/2022\/11\/09\/asystent-osoby-niepelnosprawnej-edycja-2023\/\" \/>\n\t<meta name=\"generator\" content=\"All in One SEO (AIOSEO) 4.9.10\" \/>\n\t\t<meta property=\"og:locale\" content=\"pl_PL\" \/>\n\t\t<meta property=\"og:site_name\" content=\"Gmina Tuplice - Strona Gminy Tuplice\" \/>\n\t\t<meta property=\"og:type\" content=\"article\" \/>\n\t\t<meta property=\"og:title\" content=\"Asystent osoby niepe\u0142nosprawnej \u2013 edycja 2023 - Gmina Tuplice\" \/>\n\t\t<meta property=\"og:description\" content=\"ASYSTENT OSOBISTY OSOBY NIEPE\u0141NOSPRAWNEJ - EDYCJA 2023 W zwi\u0105zku z mo\u017cliwo\u015bci\u0105 aplikowania o \u015brodki z Programu \u201eAsystent osobisty osoby niepe\u0142nosprawnej\u201d \u2013 edycja 2023, realizowanego ze \u015brodk\u00f3w Funduszu Solidarno\u015bciowego, O\u015brodek Pomocy Spo\u0142ecznej w Tuplicach prosi o kontakt osoby zainteresowane uzyskaniem wsparcia. G\u0142\u00f3wnym celem Programu jest wprowadzenie us\u0142ug asystencji osobistej jako formy og\u00f3lnodost\u0119pnego wsparcia w wykonywaniu codziennych\" \/>\n\t\t<meta property=\"og:url\" content=\"https:\/\/tuplice.pl\/index.php\/2022\/11\/09\/asystent-osoby-niepelnosprawnej-edycja-2023\/\" \/>\n\t\t<meta property=\"article:published_time\" content=\"2022-11-09T14:55:06+00:00\" \/>\n\t\t<meta property=\"article:modified_time\" content=\"2022-11-09T14:55:06+00:00\" \/>\n\t\t<meta property=\"article:publisher\" content=\"https:\/\/facebook.com\/Tuplicki Biuletyn Informacyjny\" \/>\n\t\t<meta name=\"twitter:card\" content=\"summary_large_image\" \/>\n\t\t<meta name=\"twitter:title\" content=\"Asystent osoby niepe\u0142nosprawnej \u2013 edycja 2023 - Gmina Tuplice\" \/>\n\t\t<meta name=\"twitter:description\" content=\"ASYSTENT OSOBISTY OSOBY NIEPE\u0141NOSPRAWNEJ - EDYCJA 2023 W zwi\u0105zku z mo\u017cliwo\u015bci\u0105 aplikowania o \u015brodki z Programu \u201eAsystent osobisty osoby niepe\u0142nosprawnej\u201d \u2013 edycja 2023, realizowanego ze \u015brodk\u00f3w Funduszu Solidarno\u015bciowego, O\u015brodek Pomocy Spo\u0142ecznej w Tuplicach prosi o kontakt osoby zainteresowane uzyskaniem wsparcia. G\u0142\u00f3wnym celem Programu jest wprowadzenie us\u0142ug asystencji osobistej jako formy og\u00f3lnodost\u0119pnego wsparcia w wykonywaniu codziennych\" \/>\n\t\t<script type=\"application\/ld+json\" class=\"aioseo-schema\">\n\t\t\t{\"@context\":\"https:\\\/\\\/schema.org\",\"@graph\":[{\"@type\":\"BlogPosting\",\"@id\":\"https:\\\/\\\/tuplice.pl\\\/index.php\\\/2022\\\/11\\\/09\\\/asystent-osoby-niepelnosprawnej-edycja-2023\\\/#blogposting\",\"name\":\"Asystent osoby niepe\\u0142nosprawnej \\u2013 edycja 2023 - Gmina Tuplice\",\"headline\":\"Asystent osoby niepe\\u0142nosprawnej &#8211; edycja 2023\",\"author\":{\"@id\":\"https:\\\/\\\/tuplice.pl\\\/index.php\\\/author\\\/tuplice\\\/#author\"},\"publisher\":{\"@id\":\"https:\\\/\\\/tuplice.pl\\\/#organization\"},\"image\":{\"@type\":\"ImageObject\",\"url\":\"https:\\\/\\\/tuplice.pl\\\/wp-content\\\/uploads\\\/2022\\\/11\\\/asystent-osoby-nieplnosprawnej.jpg\",\"width\":900,\"height\":600},\"datePublished\":\"2022-11-09T15:55:06+01:00\",\"dateModified\":\"2022-11-09T15:55:06+01:00\",\"inLanguage\":\"pl-PL\",\"mainEntityOfPage\":{\"@id\":\"https:\\\/\\\/tuplice.pl\\\/index.php\\\/2022\\\/11\\\/09\\\/asystent-osoby-niepelnosprawnej-edycja-2023\\\/#webpage\"},\"isPartOf\":{\"@id\":\"https:\\\/\\\/tuplice.pl\\\/index.php\\\/2022\\\/11\\\/09\\\/asystent-osoby-niepelnosprawnej-edycja-2023\\\/#webpage\"},\"articleSection\":\"Aktualno\\u015bci\"},{\"@type\":\"BreadcrumbList\",\"@id\":\"https:\\\/\\\/tuplice.pl\\\/index.php\\\/2022\\\/11\\\/09\\\/asystent-osoby-niepelnosprawnej-edycja-2023\\\/#breadcrumblist\",\"itemListElement\":[{\"@type\":\"ListItem\",\"@id\":\"https:\\\/\\\/tuplice.pl#listItem\",\"position\":1,\"name\":\"Home\",\"item\":\"https:\\\/\\\/tuplice.pl\",\"nextItem\":{\"@type\":\"ListItem\",\"@id\":\"https:\\\/\\\/tuplice.pl\\\/index.php\\\/category\\\/aktualnosci\\\/#listItem\",\"name\":\"Aktualno\\u015bci\"}},{\"@type\":\"ListItem\",\"@id\":\"https:\\\/\\\/tuplice.pl\\\/index.php\\\/category\\\/aktualnosci\\\/#listItem\",\"position\":2,\"name\":\"Aktualno\\u015bci\",\"item\":\"https:\\\/\\\/tuplice.pl\\\/index.php\\\/category\\\/aktualnosci\\\/\",\"nextItem\":{\"@type\":\"ListItem\",\"@id\":\"https:\\\/\\\/tuplice.pl\\\/index.php\\\/2022\\\/11\\\/09\\\/asystent-osoby-niepelnosprawnej-edycja-2023\\\/#listItem\",\"name\":\"Asystent osoby niepe\\u0142nosprawnej &#8211; edycja 2023\"},\"previousItem\":{\"@type\":\"ListItem\",\"@id\":\"https:\\\/\\\/tuplice.pl#listItem\",\"name\":\"Home\"}},{\"@type\":\"ListItem\",\"@id\":\"https:\\\/\\\/tuplice.pl\\\/index.php\\\/2022\\\/11\\\/09\\\/asystent-osoby-niepelnosprawnej-edycja-2023\\\/#listItem\",\"position\":3,\"name\":\"Asystent osoby niepe\\u0142nosprawnej &#8211; edycja 2023\",\"previousItem\":{\"@type\":\"ListItem\",\"@id\":\"https:\\\/\\\/tuplice.pl\\\/index.php\\\/category\\\/aktualnosci\\\/#listItem\",\"name\":\"Aktualno\\u015bci\"}}]},{\"@type\":\"Organization\",\"@id\":\"https:\\\/\\\/tuplice.pl\\\/#organization\",\"name\":\"Gmina Tuplice Gmina Tuplice\",\"description\":\"Strona Gminy Tuplice Strona Urz\\u0119du Gminy Tuplice\",\"url\":\"https:\\\/\\\/tuplice.pl\\\/\",\"telephone\":\"+48683625720\",\"logo\":{\"@type\":\"ImageObject\",\"url\":\"https:\\\/\\\/tuplice.pl\\\/wp-content\\\/uploads\\\/2025\\\/07\\\/images.png\",\"@id\":\"https:\\\/\\\/tuplice.pl\\\/index.php\\\/2022\\\/11\\\/09\\\/asystent-osoby-niepelnosprawnej-edycja-2023\\\/#organizationLogo\",\"width\":282,\"height\":179},\"image\":{\"@id\":\"https:\\\/\\\/tuplice.pl\\\/index.php\\\/2022\\\/11\\\/09\\\/asystent-osoby-niepelnosprawnej-edycja-2023\\\/#organizationLogo\"},\"sameAs\":[\"https:\\\/\\\/facebook.com\\\/Tuplicki Biuletyn Informacyjny\",\"https:\\\/\\\/pinterest.com\\\/Tuplicki Biuletyn Informacyjny\",\"https:\\\/\\\/youtube.com\\\/Tuplicki Biuletyn Informacyjny\"]},{\"@type\":\"Person\",\"@id\":\"https:\\\/\\\/tuplice.pl\\\/index.php\\\/author\\\/tuplice\\\/#author\",\"url\":\"https:\\\/\\\/tuplice.pl\\\/index.php\\\/author\\\/tuplice\\\/\",\"name\":\"Jacek Konieczy\\u0144ski\",\"image\":{\"@type\":\"ImageObject\",\"@id\":\"https:\\\/\\\/tuplice.pl\\\/index.php\\\/2022\\\/11\\\/09\\\/asystent-osoby-niepelnosprawnej-edycja-2023\\\/#authorImage\",\"url\":\"https:\\\/\\\/secure.gravatar.com\\\/avatar\\\/8aa224da0ce3c7d7e2a92a582397a6f3?s=96&d=mm&r=g\",\"width\":96,\"height\":96,\"caption\":\"Jacek Konieczy\\u0144ski\"}},{\"@type\":\"WebPage\",\"@id\":\"https:\\\/\\\/tuplice.pl\\\/index.php\\\/2022\\\/11\\\/09\\\/asystent-osoby-niepelnosprawnej-edycja-2023\\\/#webpage\",\"url\":\"https:\\\/\\\/tuplice.pl\\\/index.php\\\/2022\\\/11\\\/09\\\/asystent-osoby-niepelnosprawnej-edycja-2023\\\/\",\"name\":\"Asystent osoby niepe\\u0142nosprawnej \\u2013 edycja 2023 - Gmina Tuplice\",\"description\":\"ASYSTENT OSOBISTY OSOBY NIEPE\\u0141NOSPRAWNEJ - EDYCJA 2023 W zwi\\u0105zku z mo\\u017cliwo\\u015bci\\u0105 aplikowania o \\u015brodki z Programu \\u201eAsystent osobisty osoby niepe\\u0142nosprawnej\\u201d \\u2013 edycja 2023, realizowanego ze \\u015brodk\\u00f3w Funduszu Solidarno\\u015bciowego, O\\u015brodek Pomocy Spo\\u0142ecznej w Tuplicach prosi o kontakt osoby zainteresowane uzyskaniem wsparcia. G\\u0142\\u00f3wnym celem Programu jest wprowadzenie us\\u0142ug asystencji osobistej jako formy og\\u00f3lnodost\\u0119pnego wsparcia w wykonywaniu codziennych\",\"inLanguage\":\"pl-PL\",\"isPartOf\":{\"@id\":\"https:\\\/\\\/tuplice.pl\\\/#website\"},\"breadcrumb\":{\"@id\":\"https:\\\/\\\/tuplice.pl\\\/index.php\\\/2022\\\/11\\\/09\\\/asystent-osoby-niepelnosprawnej-edycja-2023\\\/#breadcrumblist\"},\"author\":{\"@id\":\"https:\\\/\\\/tuplice.pl\\\/index.php\\\/author\\\/tuplice\\\/#author\"},\"creator\":{\"@id\":\"https:\\\/\\\/tuplice.pl\\\/index.php\\\/author\\\/tuplice\\\/#author\"},\"image\":{\"@type\":\"ImageObject\",\"url\":\"https:\\\/\\\/tuplice.pl\\\/wp-content\\\/uploads\\\/2022\\\/11\\\/asystent-osoby-nieplnosprawnej.jpg\",\"@id\":\"https:\\\/\\\/tuplice.pl\\\/index.php\\\/2022\\\/11\\\/09\\\/asystent-osoby-niepelnosprawnej-edycja-2023\\\/#mainImage\",\"width\":900,\"height\":600},\"primaryImageOfPage\":{\"@id\":\"https:\\\/\\\/tuplice.pl\\\/index.php\\\/2022\\\/11\\\/09\\\/asystent-osoby-niepelnosprawnej-edycja-2023\\\/#mainImage\"},\"datePublished\":\"2022-11-09T15:55:06+01:00\",\"dateModified\":\"2022-11-09T15:55:06+01:00\"},{\"@type\":\"WebSite\",\"@id\":\"https:\\\/\\\/tuplice.pl\\\/#website\",\"url\":\"https:\\\/\\\/tuplice.pl\\\/\",\"name\":\"Gmina Tuplice\",\"description\":\"Strona Gminy Tuplice\",\"inLanguage\":\"pl-PL\",\"publisher\":{\"@id\":\"https:\\\/\\\/tuplice.pl\\\/#organization\"}}]}\n\t\t<\/script>\n\t\t<!-- All in One SEO -->\n\n","aioseo_head_json":{"title":"Asystent osoby niepe\u0142nosprawnej \u2013 edycja 2023 - Gmina Tuplice","description":"ASYSTENT OSOBISTY OSOBY NIEPE\u0141NOSPRAWNEJ - EDYCJA 2023 W zwi\u0105zku z mo\u017cliwo\u015bci\u0105 aplikowania o \u015brodki z Programu \u201eAsystent osobisty osoby niepe\u0142nosprawnej\u201d \u2013 edycja 2023, realizowanego ze \u015brodk\u00f3w Funduszu Solidarno\u015bciowego, O\u015brodek Pomocy Spo\u0142ecznej w Tuplicach prosi o kontakt osoby zainteresowane uzyskaniem wsparcia. G\u0142\u00f3wnym celem Programu jest wprowadzenie us\u0142ug asystencji osobistej jako formy og\u00f3lnodost\u0119pnego wsparcia w wykonywaniu codziennych","canonical_url":"https:\/\/tuplice.pl\/index.php\/2022\/11\/09\/asystent-osoby-niepelnosprawnej-edycja-2023\/","robots":"max-image-preview:large","keywords":"","webmasterTools":{"miscellaneous":""},"schema":{"@context":"https:\/\/schema.org","@graph":[{"@type":"BlogPosting","@id":"https:\/\/tuplice.pl\/index.php\/2022\/11\/09\/asystent-osoby-niepelnosprawnej-edycja-2023\/#blogposting","name":"Asystent osoby niepe\u0142nosprawnej \u2013 edycja 2023 - Gmina Tuplice","headline":"Asystent osoby niepe\u0142nosprawnej &#8211; edycja 2023","author":{"@id":"https:\/\/tuplice.pl\/index.php\/author\/tuplice\/#author"},"publisher":{"@id":"https:\/\/tuplice.pl\/#organization"},"image":{"@type":"ImageObject","url":"https:\/\/tuplice.pl\/wp-content\/uploads\/2022\/11\/asystent-osoby-nieplnosprawnej.jpg","width":900,"height":600},"datePublished":"2022-11-09T15:55:06+01:00","dateModified":"2022-11-09T15:55:06+01:00","inLanguage":"pl-PL","mainEntityOfPage":{"@id":"https:\/\/tuplice.pl\/index.php\/2022\/11\/09\/asystent-osoby-niepelnosprawnej-edycja-2023\/#webpage"},"isPartOf":{"@id":"https:\/\/tuplice.pl\/index.php\/2022\/11\/09\/asystent-osoby-niepelnosprawnej-edycja-2023\/#webpage"},"articleSection":"Aktualno\u015bci"},{"@type":"BreadcrumbList","@id":"https:\/\/tuplice.pl\/index.php\/2022\/11\/09\/asystent-osoby-niepelnosprawnej-edycja-2023\/#breadcrumblist","itemListElement":[{"@type":"ListItem","@id":"https:\/\/tuplice.pl#listItem","position":1,"name":"Home","item":"https:\/\/tuplice.pl","nextItem":{"@type":"ListItem","@id":"https:\/\/tuplice.pl\/index.php\/category\/aktualnosci\/#listItem","name":"Aktualno\u015bci"}},{"@type":"ListItem","@id":"https:\/\/tuplice.pl\/index.php\/category\/aktualnosci\/#listItem","position":2,"name":"Aktualno\u015bci","item":"https:\/\/tuplice.pl\/index.php\/category\/aktualnosci\/","nextItem":{"@type":"ListItem","@id":"https:\/\/tuplice.pl\/index.php\/2022\/11\/09\/asystent-osoby-niepelnosprawnej-edycja-2023\/#listItem","name":"Asystent osoby niepe\u0142nosprawnej &#8211; edycja 2023"},"previousItem":{"@type":"ListItem","@id":"https:\/\/tuplice.pl#listItem","name":"Home"}},{"@type":"ListItem","@id":"https:\/\/tuplice.pl\/index.php\/2022\/11\/09\/asystent-osoby-niepelnosprawnej-edycja-2023\/#listItem","position":3,"name":"Asystent osoby niepe\u0142nosprawnej &#8211; edycja 2023","previousItem":{"@type":"ListItem","@id":"https:\/\/tuplice.pl\/index.php\/category\/aktualnosci\/#listItem","name":"Aktualno\u015bci"}}]},{"@type":"Organization","@id":"https:\/\/tuplice.pl\/#organization","name":"Gmina Tuplice Gmina Tuplice","description":"Strona Gminy Tuplice Strona Urz\u0119du Gminy Tuplice","url":"https:\/\/tuplice.pl\/","telephone":"+48683625720","logo":{"@type":"ImageObject","url":"https:\/\/tuplice.pl\/wp-content\/uploads\/2025\/07\/images.png","@id":"https:\/\/tuplice.pl\/index.php\/2022\/11\/09\/asystent-osoby-niepelnosprawnej-edycja-2023\/#organizationLogo","width":282,"height":179},"image":{"@id":"https:\/\/tuplice.pl\/index.php\/2022\/11\/09\/asystent-osoby-niepelnosprawnej-edycja-2023\/#organizationLogo"},"sameAs":["https:\/\/facebook.com\/Tuplicki Biuletyn Informacyjny","https:\/\/pinterest.com\/Tuplicki Biuletyn Informacyjny","https:\/\/youtube.com\/Tuplicki Biuletyn Informacyjny"]},{"@type":"Person","@id":"https:\/\/tuplice.pl\/index.php\/author\/tuplice\/#author","url":"https:\/\/tuplice.pl\/index.php\/author\/tuplice\/","name":"Jacek Konieczy\u0144ski","image":{"@type":"ImageObject","@id":"https:\/\/tuplice.pl\/index.php\/2022\/11\/09\/asystent-osoby-niepelnosprawnej-edycja-2023\/#authorImage","url":"https:\/\/secure.gravatar.com\/avatar\/8aa224da0ce3c7d7e2a92a582397a6f3?s=96&d=mm&r=g","width":96,"height":96,"caption":"Jacek Konieczy\u0144ski"}},{"@type":"WebPage","@id":"https:\/\/tuplice.pl\/index.php\/2022\/11\/09\/asystent-osoby-niepelnosprawnej-edycja-2023\/#webpage","url":"https:\/\/tuplice.pl\/index.php\/2022\/11\/09\/asystent-osoby-niepelnosprawnej-edycja-2023\/","name":"Asystent osoby niepe\u0142nosprawnej \u2013 edycja 2023 - Gmina Tuplice","description":"ASYSTENT OSOBISTY OSOBY NIEPE\u0141NOSPRAWNEJ - EDYCJA 2023 W zwi\u0105zku z mo\u017cliwo\u015bci\u0105 aplikowania o \u015brodki z Programu \u201eAsystent osobisty osoby niepe\u0142nosprawnej\u201d \u2013 edycja 2023, realizowanego ze \u015brodk\u00f3w Funduszu Solidarno\u015bciowego, O\u015brodek Pomocy Spo\u0142ecznej w Tuplicach prosi o kontakt osoby zainteresowane uzyskaniem wsparcia. G\u0142\u00f3wnym celem Programu jest wprowadzenie us\u0142ug asystencji osobistej jako formy og\u00f3lnodost\u0119pnego wsparcia w wykonywaniu codziennych","inLanguage":"pl-PL","isPartOf":{"@id":"https:\/\/tuplice.pl\/#website"},"breadcrumb":{"@id":"https:\/\/tuplice.pl\/index.php\/2022\/11\/09\/asystent-osoby-niepelnosprawnej-edycja-2023\/#breadcrumblist"},"author":{"@id":"https:\/\/tuplice.pl\/index.php\/author\/tuplice\/#author"},"creator":{"@id":"https:\/\/tuplice.pl\/index.php\/author\/tuplice\/#author"},"image":{"@type":"ImageObject","url":"https:\/\/tuplice.pl\/wp-content\/uploads\/2022\/11\/asystent-osoby-nieplnosprawnej.jpg","@id":"https:\/\/tuplice.pl\/index.php\/2022\/11\/09\/asystent-osoby-niepelnosprawnej-edycja-2023\/#mainImage","width":900,"height":600},"primaryImageOfPage":{"@id":"https:\/\/tuplice.pl\/index.php\/2022\/11\/09\/asystent-osoby-niepelnosprawnej-edycja-2023\/#mainImage"},"datePublished":"2022-11-09T15:55:06+01:00","dateModified":"2022-11-09T15:55:06+01:00"},{"@type":"WebSite","@id":"https:\/\/tuplice.pl\/#website","url":"https:\/\/tuplice.pl\/","name":"Gmina Tuplice","description":"Strona Gminy Tuplice","inLanguage":"pl-PL","publisher":{"@id":"https:\/\/tuplice.pl\/#organization"}}]},"og:locale":"pl_PL","og:site_name":"Gmina Tuplice - Strona Gminy Tuplice","og:type":"article","og:title":"Asystent osoby niepe\u0142nosprawnej \u2013 edycja 2023 - Gmina Tuplice","og:description":"ASYSTENT OSOBISTY OSOBY NIEPE\u0141NOSPRAWNEJ - EDYCJA 2023 W zwi\u0105zku z mo\u017cliwo\u015bci\u0105 aplikowania o \u015brodki z Programu \u201eAsystent osobisty osoby niepe\u0142nosprawnej\u201d \u2013 edycja 2023, realizowanego ze \u015brodk\u00f3w Funduszu Solidarno\u015bciowego, O\u015brodek Pomocy Spo\u0142ecznej w Tuplicach prosi o kontakt osoby zainteresowane uzyskaniem wsparcia. G\u0142\u00f3wnym celem Programu jest wprowadzenie us\u0142ug asystencji osobistej jako formy og\u00f3lnodost\u0119pnego wsparcia w wykonywaniu codziennych","og:url":"https:\/\/tuplice.pl\/index.php\/2022\/11\/09\/asystent-osoby-niepelnosprawnej-edycja-2023\/","article:published_time":"2022-11-09T14:55:06+00:00","article:modified_time":"2022-11-09T14:55:06+00:00","article:publisher":"https:\/\/facebook.com\/Tuplicki Biuletyn Informacyjny","twitter:card":"summary_large_image","twitter:title":"Asystent osoby niepe\u0142nosprawnej \u2013 edycja 2023 - Gmina Tuplice","twitter:description":"ASYSTENT OSOBISTY OSOBY NIEPE\u0141NOSPRAWNEJ - EDYCJA 2023 W zwi\u0105zku z mo\u017cliwo\u015bci\u0105 aplikowania o \u015brodki z Programu \u201eAsystent osobisty osoby niepe\u0142nosprawnej\u201d \u2013 edycja 2023, realizowanego ze \u015brodk\u00f3w Funduszu Solidarno\u015bciowego, O\u015brodek Pomocy Spo\u0142ecznej w Tuplicach prosi o kontakt osoby zainteresowane uzyskaniem wsparcia. G\u0142\u00f3wnym celem Programu jest wprowadzenie us\u0142ug asystencji osobistej jako formy og\u00f3lnodost\u0119pnego wsparcia w wykonywaniu codziennych"},"aioseo_meta_data":{"post_id":"4598","title":null,"description":null,"keywords":null,"keyphrases":null,"primary_term":null,"canonical_url":null,"og_title":null,"og_description":null,"og_object_type":"default","og_image_type":"default","og_image_url":null,"og_image_width":null,"og_image_height":null,"og_image_custom_url":null,"og_image_custom_fields":null,"og_video":null,"og_custom_url":null,"og_article_section":null,"og_article_tags":null,"twitter_use_og":false,"twitter_card":"default","twitter_image_type":"default","twitter_image_url":null,"twitter_image_custom_url":null,"twitter_image_custom_fields":null,"twitter_title":null,"twitter_description":null,"schema":{"blockGraphs":[],"customGraphs":[],"default":{"data":{"Article":[],"Course":[],"Dataset":[],"FAQPage":[],"Movie":[],"Person":[],"Product":[],"ProductReview":[],"Car":[],"Recipe":[],"Service":[],"SoftwareApplication":[],"WebPage":[]},"graphName":"","isEnabled":true},"graphs":[]},"schema_type":"default","schema_type_options":null,"pillar_content":false,"robots_default":true,"robots_noindex":false,"robots_noarchive":false,"robots_nosnippet":false,"robots_nofollow":false,"robots_noimageindex":false,"robots_noodp":false,"robots_notranslate":false,"robots_max_snippet":null,"robots_max_videopreview":null,"robots_max_imagepreview":"large","priority":null,"frequency":null,"local_seo":null,"breadcrumb_settings":null,"limit_modified_date":false,"ai":null,"created":"2025-07-22 23:54:55","updated":"2025-07-22 23:54:55","seo_analyzer_scan_date":null},"aioseo_breadcrumb":"<div class=\"aioseo-breadcrumbs\"><span class=\"aioseo-breadcrumb\">\n\t\t\t<a href=\"https:\/\/tuplice.pl\" title=\"Home\">Home<\/a>\n\t\t<\/span><span class=\"aioseo-breadcrumb-separator\">&raquo;<\/span><span class=\"aioseo-breadcrumb\">\n\t\t\t<a href=\"https:\/\/tuplice.pl\/index.php\/category\/aktualnosci\/\" title=\"Aktualno\u015bci\">Aktualno\u015bci<\/a>\n\t\t<\/span><span class=\"aioseo-breadcrumb-separator\">&raquo;<\/span><span class=\"aioseo-breadcrumb\">\n\t\t\tAsystent osoby niepe\u0142nosprawnej \u2013 edycja 2023\n\t\t<\/span><\/div>","aioseo_breadcrumb_json":[{"label":"Home","link":"https:\/\/tuplice.pl"},{"label":"Aktualno\u015bci","link":"https:\/\/tuplice.pl\/index.php\/category\/aktualnosci\/"},{"label":"Asystent osoby niepe\u0142nosprawnej &#8211; edycja 2023","link":"https:\/\/tuplice.pl\/index.php\/2022\/11\/09\/asystent-osoby-niepelnosprawnej-edycja-2023\/"}],"a3_pvc":{"activated":false,"total_views":0,"today_views":0},"_links":{"self":[{"href":"https:\/\/tuplice.pl\/index.php\/wp-json\/wp\/v2\/posts\/4598"}],"collection":[{"href":"https:\/\/tuplice.pl\/index.php\/wp-json\/wp\/v2\/posts"}],"about":[{"href":"https:\/\/tuplice.pl\/index.php\/wp-json\/wp\/v2\/types\/post"}],"author":[{"embeddable":true,"href":"https:\/\/tuplice.pl\/index.php\/wp-json\/wp\/v2\/users\/3"}],"replies":[{"embeddable":true,"href":"https:\/\/tuplice.pl\/index.php\/wp-json\/wp\/v2\/comments?post=4598"}],"version-history":[{"count":1,"href":"https:\/\/tuplice.pl\/index.php\/wp-json\/wp\/v2\/posts\/4598\/revisions"}],"predecessor-version":[{"id":4603,"href":"https:\/\/tuplice.pl\/index.php\/wp-json\/wp\/v2\/posts\/4598\/revisions\/4603"}],"wp:featuredmedia":[{"embeddable":true,"href":"https:\/\/tuplice.pl\/index.php\/wp-json\/wp\/v2\/media\/4602"}],"wp:attachment":[{"href":"https:\/\/tuplice.pl\/index.php\/wp-json\/wp\/v2\/media?parent=4598"}],"wp:term":[{"taxonomy":"category","embeddable":true,"href":"https:\/\/tuplice.pl\/index.php\/wp-json\/wp\/v2\/categories?post=4598"},{"taxonomy":"post_tag","embeddable":true,"href":"https:\/\/tuplice.pl\/index.php\/wp-json\/wp\/v2\/tags?post=4598"}],"curies":[{"name":"wp","href":"https:\/\/api.w.org\/{rel}","templated":true}]}}