{"id":4647,"date":"2023-01-23T14:31:59","date_gmt":"2023-01-23T13:31:59","guid":{"rendered":"https:\/\/tuplice.pl\/?p=4647"},"modified":"2023-01-23T14:33:10","modified_gmt":"2023-01-23T13:33:10","slug":"ogloszenie-wojta-gminy-tuplice-o-zwolaniu-zebrania-wiejskiego-w-solectwie-chelmica-wybor-soltysa","status":"publish","type":"post","link":"https:\/\/tuplice.pl\/index.php\/2023\/01\/23\/ogloszenie-wojta-gminy-tuplice-o-zwolaniu-zebrania-wiejskiego-w-solectwie-chelmica-wybor-soltysa\/","title":{"rendered":"Og\u0142oszenie W\u00f3jta Gminy Tuplice o zwo\u0142aniu zebrania wiejskiego w so\u0142ectwie Che\u0142mica &#8211; wyb\u00f3r so\u0142tysa"},"content":{"rendered":"<p style=\"text-align: center;\"><span id=\"page3R_mcid0\" class=\"markedContent\"><span dir=\"ltr\" role=\"presentation\">O G \u0141 O S Z E N I E<\/span><\/span><span id=\"page3R_mcid1\" class=\"markedContent\"><\/span><span id=\"page3R_mcid2\" class=\"markedContent\"><\/span><span id=\"page3R_mcid3\" class=\"markedContent\"><\/span><span id=\"page3R_mcid4\" class=\"markedContent\"><\/span><span id=\"page3R_mcid5\" class=\"markedContent\"><\/span><\/p>\n<p style=\"text-align: center;\"><span id=\"page3R_mcid5\" class=\"markedContent\"><br role=\"presentation\" \/><span dir=\"ltr\" role=\"presentation\">Na podstawie \u00a7<\/span> <span dir=\"ltr\" role=\"presentation\">19<\/span> <span dir=\"ltr\" role=\"presentation\">ust.<\/span> <span dir=\"ltr\" role=\"presentation\">1<\/span> <span dir=\"ltr\" role=\"presentation\">Statutu So\u0142ectwa<\/span> <span dir=\"ltr\" role=\"presentation\">Che\u0142mica<\/span><span dir=\"ltr\" role=\"presentation\">, w<\/span><\/span><span id=\"page3R_mcid6\" class=\"markedContent\"><\/span><span id=\"page3R_mcid7\" class=\"markedContent\"> <span dir=\"ltr\" role=\"presentation\">zwi\u0105zku<\/span> <span dir=\"ltr\" role=\"presentation\">z<\/span> <span dir=\"ltr\" role=\"presentation\">rezygnacj\u0105 z funkcji<\/span> <span dir=\"ltr\" role=\"presentation\">So\u0142tysa<\/span><br role=\"presentation\" \/><span dir=\"ltr\" role=\"presentation\">w so\u0142ectwie<\/span> <span dir=\"ltr\" role=\"presentation\">Che\u0142mica<\/span><span dir=\"ltr\" role=\"presentation\">,<\/span><\/span><span id=\"page3R_mcid8\" class=\"markedContent\"><\/span><span id=\"page3R_mcid9\" class=\"markedContent\"><br role=\"presentation\" \/><span dir=\"ltr\" role=\"presentation\">W\u00f3jt Gminy Tuplice zawiadamia<\/span> <span dir=\"ltr\" role=\"presentation\">mieszka\u0144c\u00f3w so\u0142ectwa<\/span> <span dir=\"ltr\" role=\"presentation\">Che\u0142mica<\/span> <span dir=\"ltr\" role=\"presentation\">po\u0142o\u017conego<\/span><\/span><span id=\"page3R_mcid10\" class=\"markedContent\"><\/span><span id=\"page3R_mcid11\" class=\"markedContent\"><br role=\"presentation\" \/><span dir=\"ltr\" role=\"presentation\">w Gminie Tuplice o<\/span><\/span><span id=\"page3R_mcid12\" class=\"markedContent\"><\/span><span id=\"page3R_mcid13\" class=\"markedContent\"> <span dir=\"ltr\" role=\"presentation\">zwo\u0142aniu:<\/span><\/span><span id=\"page3R_mcid14\" class=\"markedContent\"><\/span><span id=\"page3R_mcid15\" class=\"markedContent\"><\/span><span id=\"page3R_mcid16\" class=\"markedContent\"><\/span><span id=\"page3R_mcid17\" class=\"markedContent\"><br role=\"presentation\" \/><span dir=\"ltr\" role=\"presentation\">w dniu<\/span> <span dir=\"ltr\" role=\"presentation\">6<\/span> <span dir=\"ltr\" role=\"presentation\">lutego 2023<\/span> <span dir=\"ltr\" role=\"presentation\">r.<\/span><\/span><span id=\"page3R_mcid18\" class=\"markedContent\"><\/span><span id=\"page3R_mcid19\" class=\"markedContent\"><br role=\"presentation\" \/><span dir=\"ltr\" role=\"presentation\">o godzinie 17<\/span><span dir=\"ltr\" role=\"presentation\">0<\/span><span dir=\"ltr\" role=\"presentation\">0<\/span><\/span><span id=\"page3R_mcid20\" class=\"markedContent\"><\/span><span id=\"page3R_mcid21\" class=\"markedContent\"><br role=\"presentation\" \/><span dir=\"ltr\" role=\"presentation\">w<\/span> <span dir=\"ltr\" role=\"presentation\">\u015bwietlicy wiejskiej<\/span> <span dir=\"ltr\" role=\"presentation\">w<\/span> <span dir=\"ltr\" role=\"presentation\">Che\u0142micy<\/span><\/span><span id=\"page3R_mcid22\" class=\"markedContent\"><\/span><span id=\"page3R_mcid23\" class=\"markedContent\"><\/span><span id=\"page3R_mcid24\" class=\"markedContent\"><br role=\"presentation\" \/><span dir=\"ltr\" role=\"presentation\">Zebrania Wiejskiego<\/span><\/span><span id=\"page3R_mcid25\" class=\"markedContent\"><\/span><span id=\"page3R_mcid26\" class=\"markedContent\"><br role=\"presentation\" \/><span dir=\"ltr\" role=\"presentation\">Wybory So\u0142tysa<\/span><\/span><span id=\"page3R_mcid27\" class=\"markedContent\"><\/span><span id=\"page3R_mcid28\" class=\"markedContent\"><\/span><span id=\"page3R_mcid29\" class=\"markedContent\"><\/span><span id=\"page3R_mcid30\" class=\"markedContent\"><\/span><span id=\"page3R_mcid31\" class=\"markedContent\"><\/span><span id=\"page3R_mcid32\" class=\"markedContent\"><\/span><\/p>\n<p style=\"text-align: left;\"><span id=\"page3R_mcid32\" class=\"markedContent\"><br role=\"presentation\" \/><span dir=\"ltr\" role=\"presentation\">Proponowany Program Zebrania:<\/span><\/span><span id=\"page3R_mcid33\" class=\"markedContent\"><\/span><span id=\"page3R_mcid34\" class=\"markedContent\"><\/span><span id=\"page3R_mcid35\" class=\"markedContent\"><br role=\"presentation\" \/><span dir=\"ltr\" role=\"presentation\">1.<\/span> <span dir=\"ltr\" role=\"presentation\">Otwarcie Zebrania Wiejskiego<\/span><span dir=\"ltr\" role=\"presentation\">.<\/span><\/span><span id=\"page3R_mcid36\" class=\"markedContent\"><\/span><span id=\"page3R_mcid37\" class=\"markedContent\"><br role=\"presentation\" \/><span dir=\"ltr\" role=\"presentation\">2.<\/span> <span dir=\"ltr\" role=\"presentation\">Powo\u0142anie<\/span> <span dir=\"ltr\" role=\"presentation\">K<\/span><span dir=\"ltr\" role=\"presentation\">omisji skrutacyjnej<\/span><span dir=\"ltr\" role=\"presentation\">.<\/span><\/span><span id=\"page3R_mcid38\" class=\"markedContent\"><\/span><span id=\"page3R_mcid39\" class=\"markedContent\"><br role=\"presentation\" \/><span dir=\"ltr\" role=\"presentation\">3.<\/span> <span dir=\"ltr\" role=\"presentation\">Zg\u0142oszenie kandydat\u00f3w na So\u0142tysa<\/span><span dir=\"ltr\" role=\"presentation\">.<\/span><\/span><span id=\"page3R_mcid40\" class=\"markedContent\"><\/span><span id=\"page3R_mcid41\" class=\"markedContent\"><br role=\"presentation\" \/><span dir=\"ltr\" role=\"presentation\">4.<\/span> <span dir=\"ltr\" role=\"presentation\">Przeprowadzenie wybor\u00f3w<\/span> <span dir=\"ltr\" role=\"presentation\">So\u0142tysa i og\u0142oszenie wynik\u00f3w<\/span><span dir=\"ltr\" role=\"presentation\">.<\/span><\/span><span id=\"page3R_mcid42\" class=\"markedContent\"><\/span><span id=\"page3R_mcid43\" class=\"markedContent\"><br role=\"presentation\" \/><span dir=\"ltr\" role=\"presentation\">5.<\/span> <span dir=\"ltr\" role=\"presentation\">Sprawy r\u00f3\u017cne.<\/span><\/span><span id=\"page3R_mcid44\" class=\"markedContent\"><\/span><span id=\"page3R_mcid45\" class=\"markedContent\"><br role=\"presentation\" \/><span dir=\"ltr\" role=\"presentation\">6.<\/span> <span dir=\"ltr\" role=\"presentation\">Zamkni\u0119cie Zebrania<\/span> <span dir=\"ltr\" role=\"presentation\">W<\/span><span dir=\"ltr\" role=\"presentation\">iejskiego<\/span><span dir=\"ltr\" role=\"presentation\">.<\/span><\/span><span id=\"page3R_mcid46\" class=\"markedContent\"><\/span><span id=\"page3R_mcid47\" class=\"markedContent\"><\/span><span id=\"page3R_mcid48\" class=\"markedContent\"><\/span><span id=\"page3R_mcid49\" class=\"markedContent\"><\/span><\/p>\n<p style=\"text-align: center;\"><span id=\"page3R_mcid49\" class=\"markedContent\"><br role=\"presentation\" \/><span dir=\"ltr\" role=\"presentation\">Prawo do udzia\u0142u w Zebraniu Wiejskim maj\u0105 wszyscy mieszka\u0144cy so\u0142ectwa<\/span><span dir=\"ltr\" role=\"presentation\">, zaproszeni<\/span><br role=\"presentation\" \/><span dir=\"ltr\" role=\"presentation\">go\u015bcie oraz inne osob<\/span><span dir=\"ltr\" role=\"presentation\">y zainteresowane tematyk\u0105 zebrania.<\/span><\/span><span id=\"page3R_mcid50\" class=\"markedContent\"><\/span><span id=\"page3R_mcid51\" class=\"markedContent\"><\/span><span id=\"page3R_mcid52\" class=\"markedContent\"><br role=\"presentation\" \/><span dir=\"ltr\" role=\"presentation\">Prawo wybierania (czynne prawo wyborcze) so<\/span><span dir=\"ltr\" role=\"presentation\">\u0142tysa i rady so\u0142eckiej przys<\/span><span dir=\"ltr\" role=\"presentation\">\u0142uguje osobie<\/span><br role=\"presentation\" \/><span dir=\"ltr\" role=\"presentation\">posiadaj\u0105cej czynne prawo wyborcze do rady gminy, kt\u00f3ra stale zamieszkuje na<\/span> <span dir=\"ltr\" role=\"presentation\">ob<\/span><span dir=\"ltr\" role=\"presentation\">szarze tego<\/span><br role=\"presentation\" \/><span dir=\"ltr\" role=\"presentation\">so\u0142ectwa<\/span><span dir=\"ltr\" role=\"presentation\">.<\/span><\/span><span id=\"page3R_mcid53\" class=\"markedContent\"><\/span><span id=\"page3R_mcid54\" class=\"markedContent\"><\/span><span id=\"page3R_mcid55\" class=\"markedContent\"><br role=\"presentation\" \/><span dir=\"ltr\" role=\"presentation\">Ze wzgl\u0119du na wag\u0119 sprawy, prosimy mieszka\u0144c\u00f3w o obecno\u015b\u0107 na zebraniu<\/span> <span dir=\"ltr\" role=\"presentation\">i<\/span> <span dir=\"ltr\" role=\"presentation\">czynny udzia\u0142<\/span><br role=\"presentation\" \/><span dir=\"ltr\" role=\"presentation\">w wyborze nowego S<\/span><span dir=\"ltr\" role=\"presentation\">o\u0142tysa<\/span><span dir=\"ltr\" role=\"presentation\">.<\/span><\/span><span id=\"page3R_mcid56\" class=\"markedContent\"><\/span><span id=\"page3R_mcid57\" class=\"markedContent\"><\/span><span id=\"page3R_mcid58\" class=\"markedContent\"><\/span><\/p>\n<p style=\"text-align: right;\"><span id=\"page3R_mcid58\" class=\"markedContent\"><br role=\"presentation\" \/><span dir=\"ltr\" role=\"presentation\">W\u00f3jt Gminy Tuplice<\/span><\/span><span id=\"page3R_mcid59\" class=\"markedContent\"><\/span><span id=\"page3R_mcid60\" class=\"markedContent\"><\/span><span id=\"page3R_mcid61\" class=\"markedContent\"><\/span><span id=\"page3R_mcid62\" class=\"markedContent\"><br role=\"presentation\" \/><span dir=\"ltr\" role=\"presentation\">\/<\/span><span dir=\"ltr\" role=\"presentation\">&#8211;<\/span><span dir=\"ltr\" role=\"presentation\">\/ Katarzyna Kromp<\/span><\/span><\/p>\n<ul>\n<li>Zarz\u0105dzenie W\u00f3jta Gminy &#8211; <a href=\"https:\/\/tuplice.biuletyn.net\/?bip=1&amp;cid=33\">link<\/a><\/li>\n<\/ul>\n","protected":false},"excerpt":{"rendered":"<p>O G \u0141 O S Z E N I E Na podstawie \u00a7 19 ust. 1 Statutu So\u0142ectwa Che\u0142mica, w zwi\u0105zku z rezygnacj\u0105 z funkcji So\u0142tysaw so\u0142ectwie Che\u0142mica,W\u00f3jt Gminy Tuplice zawiadamia mieszka\u0144c\u00f3w so\u0142ectwa Che\u0142mica po\u0142o\u017conegow Gminie Tuplice o zwo\u0142aniu:w dniu 6 lutego 2023 r.o godzinie 1700w \u015bwietlicy wiejskiej w Che\u0142micyZebrania WiejskiegoWybory So\u0142tysa Proponowany Program Zebrania:1. [&hellip;]<\/p>\n","protected":false},"author":3,"featured_media":4648,"comment_status":"closed","ping_status":"closed","sticky":false,"template":"","format":"standard","meta":{"_et_pb_use_builder":"","_et_pb_old_content":"","_et_gb_content_width":"","_monsterinsights_skip_tracking":false},"categories":[82],"tags":[],"aioseo_notices":[],"aioseo_head":"\n\t\t<!-- All in One SEO 4.9.10 - aioseo.com -->\n\t<meta name=\"description\" content=\"O G \u0141 O S Z E N I E Na podstawie \u00a7 19 ust. 1 Statutu So\u0142ectwa Che\u0142mica, w zwi\u0105zku z rezygnacj\u0105 z funkcji So\u0142tysaw so\u0142ectwie Che\u0142mica,W\u00f3jt Gminy Tuplice zawiadamia mieszka\u0144c\u00f3w so\u0142ectwa Che\u0142mica po\u0142o\u017conegow Gminie Tuplice o zwo\u0142aniu:w dniu 6 lutego 2023 r.o godzinie 1700w \u015bwietlicy wiejskiej w Che\u0142micyZebrania WiejskiegoWybory So\u0142tysa Proponowany Program Zebrania:1.\" \/>\n\t<meta name=\"robots\" content=\"max-image-preview:large\" \/>\n\t<meta name=\"author\" content=\"Jacek Konieczy\u0144ski\"\/>\n\t<link rel=\"canonical\" href=\"https:\/\/tuplice.pl\/index.php\/2023\/01\/23\/ogloszenie-wojta-gminy-tuplice-o-zwolaniu-zebrania-wiejskiego-w-solectwie-chelmica-wybor-soltysa\/\" \/>\n\t<meta name=\"generator\" content=\"All in One SEO (AIOSEO) 4.9.10\" \/>\n\t\t<meta property=\"og:locale\" content=\"pl_PL\" \/>\n\t\t<meta property=\"og:site_name\" content=\"Gmina Tuplice - Strona Gminy Tuplice\" \/>\n\t\t<meta property=\"og:type\" content=\"article\" \/>\n\t\t<meta property=\"og:title\" content=\"Og\u0142oszenie W\u00f3jta Gminy Tuplice o zwo\u0142aniu zebrania wiejskiego w so\u0142ectwie Che\u0142mica \u2013 wyb\u00f3r so\u0142tysa - Gmina Tuplice\" \/>\n\t\t<meta property=\"og:description\" content=\"O G \u0141 O S Z E N I E Na podstawie \u00a7 19 ust. 1 Statutu So\u0142ectwa Che\u0142mica, w zwi\u0105zku z rezygnacj\u0105 z funkcji So\u0142tysaw so\u0142ectwie Che\u0142mica,W\u00f3jt Gminy Tuplice zawiadamia mieszka\u0144c\u00f3w so\u0142ectwa Che\u0142mica po\u0142o\u017conegow Gminie Tuplice o zwo\u0142aniu:w dniu 6 lutego 2023 r.o godzinie 1700w \u015bwietlicy wiejskiej w Che\u0142micyZebrania WiejskiegoWybory So\u0142tysa Proponowany Program Zebrania:1.\" \/>\n\t\t<meta property=\"og:url\" content=\"https:\/\/tuplice.pl\/index.php\/2023\/01\/23\/ogloszenie-wojta-gminy-tuplice-o-zwolaniu-zebrania-wiejskiego-w-solectwie-chelmica-wybor-soltysa\/\" \/>\n\t\t<meta property=\"article:published_time\" content=\"2023-01-23T13:31:59+00:00\" \/>\n\t\t<meta property=\"article:modified_time\" content=\"2023-01-23T13:33:10+00:00\" \/>\n\t\t<meta property=\"article:publisher\" content=\"https:\/\/facebook.com\/Tuplicki Biuletyn Informacyjny\" \/>\n\t\t<meta name=\"twitter:card\" content=\"summary_large_image\" \/>\n\t\t<meta name=\"twitter:title\" content=\"Og\u0142oszenie W\u00f3jta Gminy Tuplice o zwo\u0142aniu zebrania wiejskiego w so\u0142ectwie Che\u0142mica \u2013 wyb\u00f3r so\u0142tysa - Gmina Tuplice\" \/>\n\t\t<meta name=\"twitter:description\" content=\"O G \u0141 O S Z E N I E Na podstawie \u00a7 19 ust. 1 Statutu So\u0142ectwa Che\u0142mica, w zwi\u0105zku z rezygnacj\u0105 z funkcji So\u0142tysaw so\u0142ectwie Che\u0142mica,W\u00f3jt Gminy Tuplice zawiadamia mieszka\u0144c\u00f3w so\u0142ectwa Che\u0142mica po\u0142o\u017conegow Gminie Tuplice o zwo\u0142aniu:w dniu 6 lutego 2023 r.o godzinie 1700w \u015bwietlicy wiejskiej w Che\u0142micyZebrania WiejskiegoWybory So\u0142tysa Proponowany Program Zebrania:1.\" \/>\n\t\t<script type=\"application\/ld+json\" class=\"aioseo-schema\">\n\t\t\t{\"@context\":\"https:\\\/\\\/schema.org\",\"@graph\":[{\"@type\":\"BlogPosting\",\"@id\":\"https:\\\/\\\/tuplice.pl\\\/index.php\\\/2023\\\/01\\\/23\\\/ogloszenie-wojta-gminy-tuplice-o-zwolaniu-zebrania-wiejskiego-w-solectwie-chelmica-wybor-soltysa\\\/#blogposting\",\"name\":\"Og\\u0142oszenie W\\u00f3jta Gminy Tuplice o zwo\\u0142aniu zebrania wiejskiego w so\\u0142ectwie Che\\u0142mica \\u2013 wyb\\u00f3r so\\u0142tysa - Gmina Tuplice\",\"headline\":\"Og\\u0142oszenie W\\u00f3jta Gminy Tuplice o zwo\\u0142aniu zebrania wiejskiego w so\\u0142ectwie Che\\u0142mica &#8211; wyb\\u00f3r so\\u0142tysa\",\"author\":{\"@id\":\"https:\\\/\\\/tuplice.pl\\\/index.php\\\/author\\\/tuplice\\\/#author\"},\"publisher\":{\"@id\":\"https:\\\/\\\/tuplice.pl\\\/#organization\"},\"image\":{\"@type\":\"ImageObject\",\"url\":\"https:\\\/\\\/tuplice.pl\\\/wp-content\\\/uploads\\\/2023\\\/01\\\/wyboryurna.jpg\",\"width\":900,\"height\":508},\"datePublished\":\"2023-01-23T14:31:59+01:00\",\"dateModified\":\"2023-01-23T14:33:10+01:00\",\"inLanguage\":\"pl-PL\",\"mainEntityOfPage\":{\"@id\":\"https:\\\/\\\/tuplice.pl\\\/index.php\\\/2023\\\/01\\\/23\\\/ogloszenie-wojta-gminy-tuplice-o-zwolaniu-zebrania-wiejskiego-w-solectwie-chelmica-wybor-soltysa\\\/#webpage\"},\"isPartOf\":{\"@id\":\"https:\\\/\\\/tuplice.pl\\\/index.php\\\/2023\\\/01\\\/23\\\/ogloszenie-wojta-gminy-tuplice-o-zwolaniu-zebrania-wiejskiego-w-solectwie-chelmica-wybor-soltysa\\\/#webpage\"},\"articleSection\":\"Aktualno\\u015bci\"},{\"@type\":\"BreadcrumbList\",\"@id\":\"https:\\\/\\\/tuplice.pl\\\/index.php\\\/2023\\\/01\\\/23\\\/ogloszenie-wojta-gminy-tuplice-o-zwolaniu-zebrania-wiejskiego-w-solectwie-chelmica-wybor-soltysa\\\/#breadcrumblist\",\"itemListElement\":[{\"@type\":\"ListItem\",\"@id\":\"https:\\\/\\\/tuplice.pl#listItem\",\"position\":1,\"name\":\"Home\",\"item\":\"https:\\\/\\\/tuplice.pl\",\"nextItem\":{\"@type\":\"ListItem\",\"@id\":\"https:\\\/\\\/tuplice.pl\\\/index.php\\\/category\\\/aktualnosci\\\/#listItem\",\"name\":\"Aktualno\\u015bci\"}},{\"@type\":\"ListItem\",\"@id\":\"https:\\\/\\\/tuplice.pl\\\/index.php\\\/category\\\/aktualnosci\\\/#listItem\",\"position\":2,\"name\":\"Aktualno\\u015bci\",\"item\":\"https:\\\/\\\/tuplice.pl\\\/index.php\\\/category\\\/aktualnosci\\\/\",\"nextItem\":{\"@type\":\"ListItem\",\"@id\":\"https:\\\/\\\/tuplice.pl\\\/index.php\\\/2023\\\/01\\\/23\\\/ogloszenie-wojta-gminy-tuplice-o-zwolaniu-zebrania-wiejskiego-w-solectwie-chelmica-wybor-soltysa\\\/#listItem\",\"name\":\"Og\\u0142oszenie W\\u00f3jta Gminy Tuplice o zwo\\u0142aniu zebrania wiejskiego w so\\u0142ectwie Che\\u0142mica &#8211; wyb\\u00f3r so\\u0142tysa\"},\"previousItem\":{\"@type\":\"ListItem\",\"@id\":\"https:\\\/\\\/tuplice.pl#listItem\",\"name\":\"Home\"}},{\"@type\":\"ListItem\",\"@id\":\"https:\\\/\\\/tuplice.pl\\\/index.php\\\/2023\\\/01\\\/23\\\/ogloszenie-wojta-gminy-tuplice-o-zwolaniu-zebrania-wiejskiego-w-solectwie-chelmica-wybor-soltysa\\\/#listItem\",\"position\":3,\"name\":\"Og\\u0142oszenie W\\u00f3jta Gminy Tuplice o zwo\\u0142aniu zebrania wiejskiego w so\\u0142ectwie Che\\u0142mica &#8211; wyb\\u00f3r so\\u0142tysa\",\"previousItem\":{\"@type\":\"ListItem\",\"@id\":\"https:\\\/\\\/tuplice.pl\\\/index.php\\\/category\\\/aktualnosci\\\/#listItem\",\"name\":\"Aktualno\\u015bci\"}}]},{\"@type\":\"Organization\",\"@id\":\"https:\\\/\\\/tuplice.pl\\\/#organization\",\"name\":\"Gmina Tuplice Gmina Tuplice\",\"description\":\"Strona Gminy Tuplice Strona Urz\\u0119du Gminy Tuplice\",\"url\":\"https:\\\/\\\/tuplice.pl\\\/\",\"telephone\":\"+48683625720\",\"logo\":{\"@type\":\"ImageObject\",\"url\":\"https:\\\/\\\/tuplice.pl\\\/wp-content\\\/uploads\\\/2025\\\/07\\\/images.png\",\"@id\":\"https:\\\/\\\/tuplice.pl\\\/index.php\\\/2023\\\/01\\\/23\\\/ogloszenie-wojta-gminy-tuplice-o-zwolaniu-zebrania-wiejskiego-w-solectwie-chelmica-wybor-soltysa\\\/#organizationLogo\",\"width\":282,\"height\":179},\"image\":{\"@id\":\"https:\\\/\\\/tuplice.pl\\\/index.php\\\/2023\\\/01\\\/23\\\/ogloszenie-wojta-gminy-tuplice-o-zwolaniu-zebrania-wiejskiego-w-solectwie-chelmica-wybor-soltysa\\\/#organizationLogo\"},\"sameAs\":[\"https:\\\/\\\/facebook.com\\\/Tuplicki Biuletyn Informacyjny\",\"https:\\\/\\\/pinterest.com\\\/Tuplicki Biuletyn Informacyjny\",\"https:\\\/\\\/youtube.com\\\/Tuplicki Biuletyn Informacyjny\"]},{\"@type\":\"Person\",\"@id\":\"https:\\\/\\\/tuplice.pl\\\/index.php\\\/author\\\/tuplice\\\/#author\",\"url\":\"https:\\\/\\\/tuplice.pl\\\/index.php\\\/author\\\/tuplice\\\/\",\"name\":\"Jacek Konieczy\\u0144ski\",\"image\":{\"@type\":\"ImageObject\",\"@id\":\"https:\\\/\\\/tuplice.pl\\\/index.php\\\/2023\\\/01\\\/23\\\/ogloszenie-wojta-gminy-tuplice-o-zwolaniu-zebrania-wiejskiego-w-solectwie-chelmica-wybor-soltysa\\\/#authorImage\",\"url\":\"https:\\\/\\\/secure.gravatar.com\\\/avatar\\\/8aa224da0ce3c7d7e2a92a582397a6f3?s=96&d=mm&r=g\",\"width\":96,\"height\":96,\"caption\":\"Jacek Konieczy\\u0144ski\"}},{\"@type\":\"WebPage\",\"@id\":\"https:\\\/\\\/tuplice.pl\\\/index.php\\\/2023\\\/01\\\/23\\\/ogloszenie-wojta-gminy-tuplice-o-zwolaniu-zebrania-wiejskiego-w-solectwie-chelmica-wybor-soltysa\\\/#webpage\",\"url\":\"https:\\\/\\\/tuplice.pl\\\/index.php\\\/2023\\\/01\\\/23\\\/ogloszenie-wojta-gminy-tuplice-o-zwolaniu-zebrania-wiejskiego-w-solectwie-chelmica-wybor-soltysa\\\/\",\"name\":\"Og\\u0142oszenie W\\u00f3jta Gminy Tuplice o zwo\\u0142aniu zebrania wiejskiego w so\\u0142ectwie Che\\u0142mica \\u2013 wyb\\u00f3r so\\u0142tysa - Gmina Tuplice\",\"description\":\"O G \\u0141 O S Z E N I E Na podstawie \\u00a7 19 ust. 1 Statutu So\\u0142ectwa Che\\u0142mica, w zwi\\u0105zku z rezygnacj\\u0105 z funkcji So\\u0142tysaw so\\u0142ectwie Che\\u0142mica,W\\u00f3jt Gminy Tuplice zawiadamia mieszka\\u0144c\\u00f3w so\\u0142ectwa Che\\u0142mica po\\u0142o\\u017conegow Gminie Tuplice o zwo\\u0142aniu:w dniu 6 lutego 2023 r.o godzinie 1700w \\u015bwietlicy wiejskiej w Che\\u0142micyZebrania WiejskiegoWybory So\\u0142tysa Proponowany Program Zebrania:1.\",\"inLanguage\":\"pl-PL\",\"isPartOf\":{\"@id\":\"https:\\\/\\\/tuplice.pl\\\/#website\"},\"breadcrumb\":{\"@id\":\"https:\\\/\\\/tuplice.pl\\\/index.php\\\/2023\\\/01\\\/23\\\/ogloszenie-wojta-gminy-tuplice-o-zwolaniu-zebrania-wiejskiego-w-solectwie-chelmica-wybor-soltysa\\\/#breadcrumblist\"},\"author\":{\"@id\":\"https:\\\/\\\/tuplice.pl\\\/index.php\\\/author\\\/tuplice\\\/#author\"},\"creator\":{\"@id\":\"https:\\\/\\\/tuplice.pl\\\/index.php\\\/author\\\/tuplice\\\/#author\"},\"image\":{\"@type\":\"ImageObject\",\"url\":\"https:\\\/\\\/tuplice.pl\\\/wp-content\\\/uploads\\\/2023\\\/01\\\/wyboryurna.jpg\",\"@id\":\"https:\\\/\\\/tuplice.pl\\\/index.php\\\/2023\\\/01\\\/23\\\/ogloszenie-wojta-gminy-tuplice-o-zwolaniu-zebrania-wiejskiego-w-solectwie-chelmica-wybor-soltysa\\\/#mainImage\",\"width\":900,\"height\":508},\"primaryImageOfPage\":{\"@id\":\"https:\\\/\\\/tuplice.pl\\\/index.php\\\/2023\\\/01\\\/23\\\/ogloszenie-wojta-gminy-tuplice-o-zwolaniu-zebrania-wiejskiego-w-solectwie-chelmica-wybor-soltysa\\\/#mainImage\"},\"datePublished\":\"2023-01-23T14:31:59+01:00\",\"dateModified\":\"2023-01-23T14:33:10+01:00\"},{\"@type\":\"WebSite\",\"@id\":\"https:\\\/\\\/tuplice.pl\\\/#website\",\"url\":\"https:\\\/\\\/tuplice.pl\\\/\",\"name\":\"Gmina Tuplice\",\"description\":\"Strona Gminy Tuplice\",\"inLanguage\":\"pl-PL\",\"publisher\":{\"@id\":\"https:\\\/\\\/tuplice.pl\\\/#organization\"}}]}\n\t\t<\/script>\n\t\t<!-- All in One SEO -->\n\n","aioseo_head_json":{"title":"Og\u0142oszenie W\u00f3jta Gminy Tuplice o zwo\u0142aniu zebrania wiejskiego w so\u0142ectwie Che\u0142mica \u2013 wyb\u00f3r so\u0142tysa - Gmina Tuplice","description":"O G \u0141 O S Z E N I E Na podstawie \u00a7 19 ust. 1 Statutu So\u0142ectwa Che\u0142mica, w zwi\u0105zku z rezygnacj\u0105 z funkcji So\u0142tysaw so\u0142ectwie Che\u0142mica,W\u00f3jt Gminy Tuplice zawiadamia mieszka\u0144c\u00f3w so\u0142ectwa Che\u0142mica po\u0142o\u017conegow Gminie Tuplice o zwo\u0142aniu:w dniu 6 lutego 2023 r.o godzinie 1700w \u015bwietlicy wiejskiej w Che\u0142micyZebrania WiejskiegoWybory So\u0142tysa Proponowany Program Zebrania:1.","canonical_url":"https:\/\/tuplice.pl\/index.php\/2023\/01\/23\/ogloszenie-wojta-gminy-tuplice-o-zwolaniu-zebrania-wiejskiego-w-solectwie-chelmica-wybor-soltysa\/","robots":"max-image-preview:large","keywords":"","webmasterTools":{"miscellaneous":""},"schema":{"@context":"https:\/\/schema.org","@graph":[{"@type":"BlogPosting","@id":"https:\/\/tuplice.pl\/index.php\/2023\/01\/23\/ogloszenie-wojta-gminy-tuplice-o-zwolaniu-zebrania-wiejskiego-w-solectwie-chelmica-wybor-soltysa\/#blogposting","name":"Og\u0142oszenie W\u00f3jta Gminy Tuplice o zwo\u0142aniu zebrania wiejskiego w so\u0142ectwie Che\u0142mica \u2013 wyb\u00f3r so\u0142tysa - Gmina Tuplice","headline":"Og\u0142oszenie W\u00f3jta Gminy Tuplice o zwo\u0142aniu zebrania wiejskiego w so\u0142ectwie Che\u0142mica &#8211; wyb\u00f3r so\u0142tysa","author":{"@id":"https:\/\/tuplice.pl\/index.php\/author\/tuplice\/#author"},"publisher":{"@id":"https:\/\/tuplice.pl\/#organization"},"image":{"@type":"ImageObject","url":"https:\/\/tuplice.pl\/wp-content\/uploads\/2023\/01\/wyboryurna.jpg","width":900,"height":508},"datePublished":"2023-01-23T14:31:59+01:00","dateModified":"2023-01-23T14:33:10+01:00","inLanguage":"pl-PL","mainEntityOfPage":{"@id":"https:\/\/tuplice.pl\/index.php\/2023\/01\/23\/ogloszenie-wojta-gminy-tuplice-o-zwolaniu-zebrania-wiejskiego-w-solectwie-chelmica-wybor-soltysa\/#webpage"},"isPartOf":{"@id":"https:\/\/tuplice.pl\/index.php\/2023\/01\/23\/ogloszenie-wojta-gminy-tuplice-o-zwolaniu-zebrania-wiejskiego-w-solectwie-chelmica-wybor-soltysa\/#webpage"},"articleSection":"Aktualno\u015bci"},{"@type":"BreadcrumbList","@id":"https:\/\/tuplice.pl\/index.php\/2023\/01\/23\/ogloszenie-wojta-gminy-tuplice-o-zwolaniu-zebrania-wiejskiego-w-solectwie-chelmica-wybor-soltysa\/#breadcrumblist","itemListElement":[{"@type":"ListItem","@id":"https:\/\/tuplice.pl#listItem","position":1,"name":"Home","item":"https:\/\/tuplice.pl","nextItem":{"@type":"ListItem","@id":"https:\/\/tuplice.pl\/index.php\/category\/aktualnosci\/#listItem","name":"Aktualno\u015bci"}},{"@type":"ListItem","@id":"https:\/\/tuplice.pl\/index.php\/category\/aktualnosci\/#listItem","position":2,"name":"Aktualno\u015bci","item":"https:\/\/tuplice.pl\/index.php\/category\/aktualnosci\/","nextItem":{"@type":"ListItem","@id":"https:\/\/tuplice.pl\/index.php\/2023\/01\/23\/ogloszenie-wojta-gminy-tuplice-o-zwolaniu-zebrania-wiejskiego-w-solectwie-chelmica-wybor-soltysa\/#listItem","name":"Og\u0142oszenie W\u00f3jta Gminy Tuplice o zwo\u0142aniu zebrania wiejskiego w so\u0142ectwie Che\u0142mica &#8211; wyb\u00f3r so\u0142tysa"},"previousItem":{"@type":"ListItem","@id":"https:\/\/tuplice.pl#listItem","name":"Home"}},{"@type":"ListItem","@id":"https:\/\/tuplice.pl\/index.php\/2023\/01\/23\/ogloszenie-wojta-gminy-tuplice-o-zwolaniu-zebrania-wiejskiego-w-solectwie-chelmica-wybor-soltysa\/#listItem","position":3,"name":"Og\u0142oszenie W\u00f3jta Gminy Tuplice o zwo\u0142aniu zebrania wiejskiego w so\u0142ectwie Che\u0142mica &#8211; wyb\u00f3r so\u0142tysa","previousItem":{"@type":"ListItem","@id":"https:\/\/tuplice.pl\/index.php\/category\/aktualnosci\/#listItem","name":"Aktualno\u015bci"}}]},{"@type":"Organization","@id":"https:\/\/tuplice.pl\/#organization","name":"Gmina Tuplice Gmina Tuplice","description":"Strona Gminy Tuplice Strona Urz\u0119du Gminy Tuplice","url":"https:\/\/tuplice.pl\/","telephone":"+48683625720","logo":{"@type":"ImageObject","url":"https:\/\/tuplice.pl\/wp-content\/uploads\/2025\/07\/images.png","@id":"https:\/\/tuplice.pl\/index.php\/2023\/01\/23\/ogloszenie-wojta-gminy-tuplice-o-zwolaniu-zebrania-wiejskiego-w-solectwie-chelmica-wybor-soltysa\/#organizationLogo","width":282,"height":179},"image":{"@id":"https:\/\/tuplice.pl\/index.php\/2023\/01\/23\/ogloszenie-wojta-gminy-tuplice-o-zwolaniu-zebrania-wiejskiego-w-solectwie-chelmica-wybor-soltysa\/#organizationLogo"},"sameAs":["https:\/\/facebook.com\/Tuplicki Biuletyn Informacyjny","https:\/\/pinterest.com\/Tuplicki Biuletyn Informacyjny","https:\/\/youtube.com\/Tuplicki Biuletyn Informacyjny"]},{"@type":"Person","@id":"https:\/\/tuplice.pl\/index.php\/author\/tuplice\/#author","url":"https:\/\/tuplice.pl\/index.php\/author\/tuplice\/","name":"Jacek Konieczy\u0144ski","image":{"@type":"ImageObject","@id":"https:\/\/tuplice.pl\/index.php\/2023\/01\/23\/ogloszenie-wojta-gminy-tuplice-o-zwolaniu-zebrania-wiejskiego-w-solectwie-chelmica-wybor-soltysa\/#authorImage","url":"https:\/\/secure.gravatar.com\/avatar\/8aa224da0ce3c7d7e2a92a582397a6f3?s=96&d=mm&r=g","width":96,"height":96,"caption":"Jacek Konieczy\u0144ski"}},{"@type":"WebPage","@id":"https:\/\/tuplice.pl\/index.php\/2023\/01\/23\/ogloszenie-wojta-gminy-tuplice-o-zwolaniu-zebrania-wiejskiego-w-solectwie-chelmica-wybor-soltysa\/#webpage","url":"https:\/\/tuplice.pl\/index.php\/2023\/01\/23\/ogloszenie-wojta-gminy-tuplice-o-zwolaniu-zebrania-wiejskiego-w-solectwie-chelmica-wybor-soltysa\/","name":"Og\u0142oszenie W\u00f3jta Gminy Tuplice o zwo\u0142aniu zebrania wiejskiego w so\u0142ectwie Che\u0142mica \u2013 wyb\u00f3r so\u0142tysa - Gmina Tuplice","description":"O G \u0141 O S Z E N I E Na podstawie \u00a7 19 ust. 1 Statutu So\u0142ectwa Che\u0142mica, w zwi\u0105zku z rezygnacj\u0105 z funkcji So\u0142tysaw so\u0142ectwie Che\u0142mica,W\u00f3jt Gminy Tuplice zawiadamia mieszka\u0144c\u00f3w so\u0142ectwa Che\u0142mica po\u0142o\u017conegow Gminie Tuplice o zwo\u0142aniu:w dniu 6 lutego 2023 r.o godzinie 1700w \u015bwietlicy wiejskiej w Che\u0142micyZebrania WiejskiegoWybory So\u0142tysa Proponowany Program Zebrania:1.","inLanguage":"pl-PL","isPartOf":{"@id":"https:\/\/tuplice.pl\/#website"},"breadcrumb":{"@id":"https:\/\/tuplice.pl\/index.php\/2023\/01\/23\/ogloszenie-wojta-gminy-tuplice-o-zwolaniu-zebrania-wiejskiego-w-solectwie-chelmica-wybor-soltysa\/#breadcrumblist"},"author":{"@id":"https:\/\/tuplice.pl\/index.php\/author\/tuplice\/#author"},"creator":{"@id":"https:\/\/tuplice.pl\/index.php\/author\/tuplice\/#author"},"image":{"@type":"ImageObject","url":"https:\/\/tuplice.pl\/wp-content\/uploads\/2023\/01\/wyboryurna.jpg","@id":"https:\/\/tuplice.pl\/index.php\/2023\/01\/23\/ogloszenie-wojta-gminy-tuplice-o-zwolaniu-zebrania-wiejskiego-w-solectwie-chelmica-wybor-soltysa\/#mainImage","width":900,"height":508},"primaryImageOfPage":{"@id":"https:\/\/tuplice.pl\/index.php\/2023\/01\/23\/ogloszenie-wojta-gminy-tuplice-o-zwolaniu-zebrania-wiejskiego-w-solectwie-chelmica-wybor-soltysa\/#mainImage"},"datePublished":"2023-01-23T14:31:59+01:00","dateModified":"2023-01-23T14:33:10+01:00"},{"@type":"WebSite","@id":"https:\/\/tuplice.pl\/#website","url":"https:\/\/tuplice.pl\/","name":"Gmina Tuplice","description":"Strona Gminy Tuplice","inLanguage":"pl-PL","publisher":{"@id":"https:\/\/tuplice.pl\/#organization"}}]},"og:locale":"pl_PL","og:site_name":"Gmina Tuplice - Strona Gminy Tuplice","og:type":"article","og:title":"Og\u0142oszenie W\u00f3jta Gminy Tuplice o zwo\u0142aniu zebrania wiejskiego w so\u0142ectwie Che\u0142mica \u2013 wyb\u00f3r so\u0142tysa - Gmina Tuplice","og:description":"O G \u0141 O S Z E N I E Na podstawie \u00a7 19 ust. 1 Statutu So\u0142ectwa Che\u0142mica, w zwi\u0105zku z rezygnacj\u0105 z funkcji So\u0142tysaw so\u0142ectwie Che\u0142mica,W\u00f3jt Gminy Tuplice zawiadamia mieszka\u0144c\u00f3w so\u0142ectwa Che\u0142mica po\u0142o\u017conegow Gminie Tuplice o zwo\u0142aniu:w dniu 6 lutego 2023 r.o godzinie 1700w \u015bwietlicy wiejskiej w Che\u0142micyZebrania WiejskiegoWybory So\u0142tysa Proponowany Program Zebrania:1.","og:url":"https:\/\/tuplice.pl\/index.php\/2023\/01\/23\/ogloszenie-wojta-gminy-tuplice-o-zwolaniu-zebrania-wiejskiego-w-solectwie-chelmica-wybor-soltysa\/","article:published_time":"2023-01-23T13:31:59+00:00","article:modified_time":"2023-01-23T13:33:10+00:00","article:publisher":"https:\/\/facebook.com\/Tuplicki Biuletyn Informacyjny","twitter:card":"summary_large_image","twitter:title":"Og\u0142oszenie W\u00f3jta Gminy Tuplice o zwo\u0142aniu zebrania wiejskiego w so\u0142ectwie Che\u0142mica \u2013 wyb\u00f3r so\u0142tysa - Gmina Tuplice","twitter:description":"O G \u0141 O S Z E N I E Na podstawie \u00a7 19 ust. 1 Statutu So\u0142ectwa Che\u0142mica, w zwi\u0105zku z rezygnacj\u0105 z funkcji So\u0142tysaw so\u0142ectwie Che\u0142mica,W\u00f3jt Gminy Tuplice zawiadamia mieszka\u0144c\u00f3w so\u0142ectwa Che\u0142mica po\u0142o\u017conegow Gminie Tuplice o zwo\u0142aniu:w dniu 6 lutego 2023 r.o godzinie 1700w \u015bwietlicy wiejskiej w Che\u0142micyZebrania WiejskiegoWybory So\u0142tysa Proponowany Program Zebrania:1."},"aioseo_meta_data":{"post_id":"4647","title":null,"description":null,"keywords":null,"keyphrases":null,"primary_term":null,"canonical_url":null,"og_title":null,"og_description":null,"og_object_type":"default","og_image_type":"default","og_image_url":null,"og_image_width":null,"og_image_height":null,"og_image_custom_url":null,"og_image_custom_fields":null,"og_video":null,"og_custom_url":null,"og_article_section":null,"og_article_tags":null,"twitter_use_og":false,"twitter_card":"default","twitter_image_type":"default","twitter_image_url":null,"twitter_image_custom_url":null,"twitter_image_custom_fields":null,"twitter_title":null,"twitter_description":null,"schema":{"blockGraphs":[],"customGraphs":[],"default":{"data":{"Article":[],"Course":[],"Dataset":[],"FAQPage":[],"Movie":[],"Person":[],"Product":[],"ProductReview":[],"Car":[],"Recipe":[],"Service":[],"SoftwareApplication":[],"WebPage":[]},"graphName":"","isEnabled":true},"graphs":[]},"schema_type":"default","schema_type_options":null,"pillar_content":false,"robots_default":true,"robots_noindex":false,"robots_noarchive":false,"robots_nosnippet":false,"robots_nofollow":false,"robots_noimageindex":false,"robots_noodp":false,"robots_notranslate":false,"robots_max_snippet":null,"robots_max_videopreview":null,"robots_max_imagepreview":"large","priority":null,"frequency":null,"local_seo":null,"breadcrumb_settings":null,"limit_modified_date":false,"ai":null,"created":"2025-07-22 23:59:16","updated":"2025-07-22 23:59:16","seo_analyzer_scan_date":null},"aioseo_breadcrumb":"<div class=\"aioseo-breadcrumbs\"><span class=\"aioseo-breadcrumb\">\n\t\t\t<a href=\"https:\/\/tuplice.pl\" title=\"Home\">Home<\/a>\n\t\t<\/span><span class=\"aioseo-breadcrumb-separator\">&raquo;<\/span><span class=\"aioseo-breadcrumb\">\n\t\t\t<a href=\"https:\/\/tuplice.pl\/index.php\/category\/aktualnosci\/\" title=\"Aktualno\u015bci\">Aktualno\u015bci<\/a>\n\t\t<\/span><span class=\"aioseo-breadcrumb-separator\">&raquo;<\/span><span class=\"aioseo-breadcrumb\">\n\t\t\tOg\u0142oszenie W\u00f3jta Gminy Tuplice o zwo\u0142aniu zebrania wiejskiego w so\u0142ectwie Che\u0142mica \u2013 wyb\u00f3r so\u0142tysa\n\t\t<\/span><\/div>","aioseo_breadcrumb_json":[{"label":"Home","link":"https:\/\/tuplice.pl"},{"label":"Aktualno\u015bci","link":"https:\/\/tuplice.pl\/index.php\/category\/aktualnosci\/"},{"label":"Og\u0142oszenie W\u00f3jta Gminy Tuplice o zwo\u0142aniu zebrania wiejskiego w so\u0142ectwie Che\u0142mica &#8211; wyb\u00f3r so\u0142tysa","link":"https:\/\/tuplice.pl\/index.php\/2023\/01\/23\/ogloszenie-wojta-gminy-tuplice-o-zwolaniu-zebrania-wiejskiego-w-solectwie-chelmica-wybor-soltysa\/"}],"a3_pvc":{"activated":false,"total_views":0,"today_views":0},"_links":{"self":[{"href":"https:\/\/tuplice.pl\/index.php\/wp-json\/wp\/v2\/posts\/4647"}],"collection":[{"href":"https:\/\/tuplice.pl\/index.php\/wp-json\/wp\/v2\/posts"}],"about":[{"href":"https:\/\/tuplice.pl\/index.php\/wp-json\/wp\/v2\/types\/post"}],"author":[{"embeddable":true,"href":"https:\/\/tuplice.pl\/index.php\/wp-json\/wp\/v2\/users\/3"}],"replies":[{"embeddable":true,"href":"https:\/\/tuplice.pl\/index.php\/wp-json\/wp\/v2\/comments?post=4647"}],"version-history":[{"count":2,"href":"https:\/\/tuplice.pl\/index.php\/wp-json\/wp\/v2\/posts\/4647\/revisions"}],"predecessor-version":[{"id":4650,"href":"https:\/\/tuplice.pl\/index.php\/wp-json\/wp\/v2\/posts\/4647\/revisions\/4650"}],"wp:featuredmedia":[{"embeddable":true,"href":"https:\/\/tuplice.pl\/index.php\/wp-json\/wp\/v2\/media\/4648"}],"wp:attachment":[{"href":"https:\/\/tuplice.pl\/index.php\/wp-json\/wp\/v2\/media?parent=4647"}],"wp:term":[{"taxonomy":"category","embeddable":true,"href":"https:\/\/tuplice.pl\/index.php\/wp-json\/wp\/v2\/categories?post=4647"},{"taxonomy":"post_tag","embeddable":true,"href":"https:\/\/tuplice.pl\/index.php\/wp-json\/wp\/v2\/tags?post=4647"}],"curies":[{"name":"wp","href":"https:\/\/api.w.org\/{rel}","templated":true}]}}