{"id":4659,"date":"2023-02-10T07:51:39","date_gmt":"2023-02-10T06:51:39","guid":{"rendered":"https:\/\/tuplice.pl\/?p=4659"},"modified":"2023-02-10T07:51:39","modified_gmt":"2023-02-10T06:51:39","slug":"mozliwosci-dofinansowania-do-zakupu-samochodu-dla-osob-z-niepelnosprawnosciami-w-wojewodztwie-lubuskim","status":"publish","type":"post","link":"https:\/\/tuplice.pl\/index.php\/2023\/02\/10\/mozliwosci-dofinansowania-do-zakupu-samochodu-dla-osob-z-niepelnosprawnosciami-w-wojewodztwie-lubuskim\/","title":{"rendered":"Mo\u017cliwo\u015bci dofinansowania do zakupu samochodu dla os\u00f3b z niepe\u0142nosprawno\u015bciami w wojew\u00f3dztwie lubuskim."},"content":{"rendered":"<h4 style=\"text-align: center;\">Szczeg\u00f3\u0142y programu s\u0105 w linku poni\u017cej:<\/h4>\n<h4 style=\"text-align: center;\"><\/h4>\n<h4 style=\"text-align: center;\"><a href=\"https:\/\/www.pfron.org.pl\/o-funduszu\/programy-i-zadania-pfron\/programy-i-zadania-real\/samodzielnosc-aktywnosc-mobilnosc-mobilnosc-osob-z-niepelnosprawnoscia\/\">https:\/\/www.pfron.org.pl\/o-funduszu\/programy-i-zadania-pfron\/programy-i-zadania-real\/samodzielnosc-aktywnosc-mobilnosc-mobilnosc-osob-z-niepelnosprawnoscia\/<\/a><\/h4>\n","protected":false},"excerpt":{"rendered":"<p>Szczeg\u00f3\u0142y programu s\u0105 w linku poni\u017cej: https:\/\/www.pfron.org.pl\/o-funduszu\/programy-i-zadania-pfron\/programy-i-zadania-real\/samodzielnosc-aktywnosc-mobilnosc-mobilnosc-osob-z-niepelnosprawnoscia\/<\/p>\n","protected":false},"author":3,"featured_media":4660,"comment_status":"closed","ping_status":"closed","sticky":false,"template":"","format":"standard","meta":{"_et_pb_use_builder":"","_et_pb_old_content":"","_et_gb_content_width":"","_monsterinsights_skip_tracking":false},"categories":[82],"tags":[],"aioseo_notices":[],"aioseo_head":"\n\t\t<!-- All in One SEO 4.9.10 - aioseo.com -->\n\t<meta name=\"description\" content=\"Szczeg\u00f3\u0142y programu s\u0105 w linku poni\u017cej: https:\/\/www.pfron.org.pl\/o-funduszu\/programy-i-zadania-pfron\/programy-i-zadania-real\/samodzielnosc-aktywnosc-mobilnosc-mobilnosc-osob-z-niepelnosprawnoscia\/\" \/>\n\t<meta name=\"robots\" content=\"max-image-preview:large\" \/>\n\t<meta name=\"author\" content=\"Jacek Konieczy\u0144ski\"\/>\n\t<link rel=\"canonical\" href=\"https:\/\/tuplice.pl\/index.php\/2023\/02\/10\/mozliwosci-dofinansowania-do-zakupu-samochodu-dla-osob-z-niepelnosprawnosciami-w-wojewodztwie-lubuskim\/\" \/>\n\t<meta name=\"generator\" content=\"All in One SEO (AIOSEO) 4.9.10\" \/>\n\t\t<meta property=\"og:locale\" content=\"pl_PL\" \/>\n\t\t<meta property=\"og:site_name\" content=\"Gmina Tuplice - Strona Gminy Tuplice\" \/>\n\t\t<meta property=\"og:type\" content=\"article\" \/>\n\t\t<meta property=\"og:title\" content=\"Mo\u017cliwo\u015bci dofinansowania do zakupu samochodu dla os\u00f3b z niepe\u0142nosprawno\u015bciami w wojew\u00f3dztwie lubuskim. - Gmina Tuplice\" \/>\n\t\t<meta property=\"og:description\" content=\"Szczeg\u00f3\u0142y programu s\u0105 w linku poni\u017cej: https:\/\/www.pfron.org.pl\/o-funduszu\/programy-i-zadania-pfron\/programy-i-zadania-real\/samodzielnosc-aktywnosc-mobilnosc-mobilnosc-osob-z-niepelnosprawnoscia\/\" \/>\n\t\t<meta property=\"og:url\" content=\"https:\/\/tuplice.pl\/index.php\/2023\/02\/10\/mozliwosci-dofinansowania-do-zakupu-samochodu-dla-osob-z-niepelnosprawnosciami-w-wojewodztwie-lubuskim\/\" \/>\n\t\t<meta property=\"article:published_time\" content=\"2023-02-10T06:51:39+00:00\" \/>\n\t\t<meta property=\"article:modified_time\" content=\"2023-02-10T06:51:39+00:00\" \/>\n\t\t<meta property=\"article:publisher\" content=\"https:\/\/facebook.com\/Tuplicki Biuletyn Informacyjny\" \/>\n\t\t<meta name=\"twitter:card\" content=\"summary_large_image\" \/>\n\t\t<meta name=\"twitter:title\" content=\"Mo\u017cliwo\u015bci dofinansowania do zakupu samochodu dla os\u00f3b z niepe\u0142nosprawno\u015bciami w wojew\u00f3dztwie lubuskim. - Gmina Tuplice\" \/>\n\t\t<meta name=\"twitter:description\" content=\"Szczeg\u00f3\u0142y programu s\u0105 w linku poni\u017cej: https:\/\/www.pfron.org.pl\/o-funduszu\/programy-i-zadania-pfron\/programy-i-zadania-real\/samodzielnosc-aktywnosc-mobilnosc-mobilnosc-osob-z-niepelnosprawnoscia\/\" \/>\n\t\t<script type=\"application\/ld+json\" class=\"aioseo-schema\">\n\t\t\t{\"@context\":\"https:\\\/\\\/schema.org\",\"@graph\":[{\"@type\":\"BlogPosting\",\"@id\":\"https:\\\/\\\/tuplice.pl\\\/index.php\\\/2023\\\/02\\\/10\\\/mozliwosci-dofinansowania-do-zakupu-samochodu-dla-osob-z-niepelnosprawnosciami-w-wojewodztwie-lubuskim\\\/#blogposting\",\"name\":\"Mo\\u017cliwo\\u015bci dofinansowania do zakupu samochodu dla os\\u00f3b z niepe\\u0142nosprawno\\u015bciami w wojew\\u00f3dztwie lubuskim. - Gmina Tuplice\",\"headline\":\"Mo\\u017cliwo\\u015bci dofinansowania do zakupu samochodu dla os\\u00f3b z niepe\\u0142nosprawno\\u015bciami w wojew\\u00f3dztwie lubuskim.\",\"author\":{\"@id\":\"https:\\\/\\\/tuplice.pl\\\/index.php\\\/author\\\/tuplice\\\/#author\"},\"publisher\":{\"@id\":\"https:\\\/\\\/tuplice.pl\\\/#organization\"},\"image\":{\"@type\":\"ImageObject\",\"url\":\"https:\\\/\\\/tuplice.pl\\\/wp-content\\\/uploads\\\/2023\\\/02\\\/PFRON_wersja_uzupelniajaca_RBG-01.jpg\",\"width\":2126,\"height\":1311},\"datePublished\":\"2023-02-10T07:51:39+01:00\",\"dateModified\":\"2023-02-10T07:51:39+01:00\",\"inLanguage\":\"pl-PL\",\"mainEntityOfPage\":{\"@id\":\"https:\\\/\\\/tuplice.pl\\\/index.php\\\/2023\\\/02\\\/10\\\/mozliwosci-dofinansowania-do-zakupu-samochodu-dla-osob-z-niepelnosprawnosciami-w-wojewodztwie-lubuskim\\\/#webpage\"},\"isPartOf\":{\"@id\":\"https:\\\/\\\/tuplice.pl\\\/index.php\\\/2023\\\/02\\\/10\\\/mozliwosci-dofinansowania-do-zakupu-samochodu-dla-osob-z-niepelnosprawnosciami-w-wojewodztwie-lubuskim\\\/#webpage\"},\"articleSection\":\"Aktualno\\u015bci\"},{\"@type\":\"BreadcrumbList\",\"@id\":\"https:\\\/\\\/tuplice.pl\\\/index.php\\\/2023\\\/02\\\/10\\\/mozliwosci-dofinansowania-do-zakupu-samochodu-dla-osob-z-niepelnosprawnosciami-w-wojewodztwie-lubuskim\\\/#breadcrumblist\",\"itemListElement\":[{\"@type\":\"ListItem\",\"@id\":\"https:\\\/\\\/tuplice.pl#listItem\",\"position\":1,\"name\":\"Home\",\"item\":\"https:\\\/\\\/tuplice.pl\",\"nextItem\":{\"@type\":\"ListItem\",\"@id\":\"https:\\\/\\\/tuplice.pl\\\/index.php\\\/category\\\/aktualnosci\\\/#listItem\",\"name\":\"Aktualno\\u015bci\"}},{\"@type\":\"ListItem\",\"@id\":\"https:\\\/\\\/tuplice.pl\\\/index.php\\\/category\\\/aktualnosci\\\/#listItem\",\"position\":2,\"name\":\"Aktualno\\u015bci\",\"item\":\"https:\\\/\\\/tuplice.pl\\\/index.php\\\/category\\\/aktualnosci\\\/\",\"nextItem\":{\"@type\":\"ListItem\",\"@id\":\"https:\\\/\\\/tuplice.pl\\\/index.php\\\/2023\\\/02\\\/10\\\/mozliwosci-dofinansowania-do-zakupu-samochodu-dla-osob-z-niepelnosprawnosciami-w-wojewodztwie-lubuskim\\\/#listItem\",\"name\":\"Mo\\u017cliwo\\u015bci dofinansowania do zakupu samochodu dla os\\u00f3b z niepe\\u0142nosprawno\\u015bciami w wojew\\u00f3dztwie lubuskim.\"},\"previousItem\":{\"@type\":\"ListItem\",\"@id\":\"https:\\\/\\\/tuplice.pl#listItem\",\"name\":\"Home\"}},{\"@type\":\"ListItem\",\"@id\":\"https:\\\/\\\/tuplice.pl\\\/index.php\\\/2023\\\/02\\\/10\\\/mozliwosci-dofinansowania-do-zakupu-samochodu-dla-osob-z-niepelnosprawnosciami-w-wojewodztwie-lubuskim\\\/#listItem\",\"position\":3,\"name\":\"Mo\\u017cliwo\\u015bci dofinansowania do zakupu samochodu dla os\\u00f3b z niepe\\u0142nosprawno\\u015bciami w wojew\\u00f3dztwie lubuskim.\",\"previousItem\":{\"@type\":\"ListItem\",\"@id\":\"https:\\\/\\\/tuplice.pl\\\/index.php\\\/category\\\/aktualnosci\\\/#listItem\",\"name\":\"Aktualno\\u015bci\"}}]},{\"@type\":\"Organization\",\"@id\":\"https:\\\/\\\/tuplice.pl\\\/#organization\",\"name\":\"Gmina Tuplice Gmina Tuplice\",\"description\":\"Strona Gminy Tuplice Strona Urz\\u0119du Gminy Tuplice\",\"url\":\"https:\\\/\\\/tuplice.pl\\\/\",\"telephone\":\"+48683625720\",\"logo\":{\"@type\":\"ImageObject\",\"url\":\"https:\\\/\\\/tuplice.pl\\\/wp-content\\\/uploads\\\/2025\\\/07\\\/images.png\",\"@id\":\"https:\\\/\\\/tuplice.pl\\\/index.php\\\/2023\\\/02\\\/10\\\/mozliwosci-dofinansowania-do-zakupu-samochodu-dla-osob-z-niepelnosprawnosciami-w-wojewodztwie-lubuskim\\\/#organizationLogo\",\"width\":282,\"height\":179},\"image\":{\"@id\":\"https:\\\/\\\/tuplice.pl\\\/index.php\\\/2023\\\/02\\\/10\\\/mozliwosci-dofinansowania-do-zakupu-samochodu-dla-osob-z-niepelnosprawnosciami-w-wojewodztwie-lubuskim\\\/#organizationLogo\"},\"sameAs\":[\"https:\\\/\\\/facebook.com\\\/Tuplicki Biuletyn Informacyjny\",\"https:\\\/\\\/pinterest.com\\\/Tuplicki Biuletyn Informacyjny\",\"https:\\\/\\\/youtube.com\\\/Tuplicki Biuletyn Informacyjny\"]},{\"@type\":\"Person\",\"@id\":\"https:\\\/\\\/tuplice.pl\\\/index.php\\\/author\\\/tuplice\\\/#author\",\"url\":\"https:\\\/\\\/tuplice.pl\\\/index.php\\\/author\\\/tuplice\\\/\",\"name\":\"Jacek Konieczy\\u0144ski\",\"image\":{\"@type\":\"ImageObject\",\"@id\":\"https:\\\/\\\/tuplice.pl\\\/index.php\\\/2023\\\/02\\\/10\\\/mozliwosci-dofinansowania-do-zakupu-samochodu-dla-osob-z-niepelnosprawnosciami-w-wojewodztwie-lubuskim\\\/#authorImage\",\"url\":\"https:\\\/\\\/secure.gravatar.com\\\/avatar\\\/8aa224da0ce3c7d7e2a92a582397a6f3?s=96&d=mm&r=g\",\"width\":96,\"height\":96,\"caption\":\"Jacek Konieczy\\u0144ski\"}},{\"@type\":\"WebPage\",\"@id\":\"https:\\\/\\\/tuplice.pl\\\/index.php\\\/2023\\\/02\\\/10\\\/mozliwosci-dofinansowania-do-zakupu-samochodu-dla-osob-z-niepelnosprawnosciami-w-wojewodztwie-lubuskim\\\/#webpage\",\"url\":\"https:\\\/\\\/tuplice.pl\\\/index.php\\\/2023\\\/02\\\/10\\\/mozliwosci-dofinansowania-do-zakupu-samochodu-dla-osob-z-niepelnosprawnosciami-w-wojewodztwie-lubuskim\\\/\",\"name\":\"Mo\\u017cliwo\\u015bci dofinansowania do zakupu samochodu dla os\\u00f3b z niepe\\u0142nosprawno\\u015bciami w wojew\\u00f3dztwie lubuskim. - Gmina Tuplice\",\"description\":\"Szczeg\\u00f3\\u0142y programu s\\u0105 w linku poni\\u017cej: https:\\\/\\\/www.pfron.org.pl\\\/o-funduszu\\\/programy-i-zadania-pfron\\\/programy-i-zadania-real\\\/samodzielnosc-aktywnosc-mobilnosc-mobilnosc-osob-z-niepelnosprawnoscia\\\/\",\"inLanguage\":\"pl-PL\",\"isPartOf\":{\"@id\":\"https:\\\/\\\/tuplice.pl\\\/#website\"},\"breadcrumb\":{\"@id\":\"https:\\\/\\\/tuplice.pl\\\/index.php\\\/2023\\\/02\\\/10\\\/mozliwosci-dofinansowania-do-zakupu-samochodu-dla-osob-z-niepelnosprawnosciami-w-wojewodztwie-lubuskim\\\/#breadcrumblist\"},\"author\":{\"@id\":\"https:\\\/\\\/tuplice.pl\\\/index.php\\\/author\\\/tuplice\\\/#author\"},\"creator\":{\"@id\":\"https:\\\/\\\/tuplice.pl\\\/index.php\\\/author\\\/tuplice\\\/#author\"},\"image\":{\"@type\":\"ImageObject\",\"url\":\"https:\\\/\\\/tuplice.pl\\\/wp-content\\\/uploads\\\/2023\\\/02\\\/PFRON_wersja_uzupelniajaca_RBG-01.jpg\",\"@id\":\"https:\\\/\\\/tuplice.pl\\\/index.php\\\/2023\\\/02\\\/10\\\/mozliwosci-dofinansowania-do-zakupu-samochodu-dla-osob-z-niepelnosprawnosciami-w-wojewodztwie-lubuskim\\\/#mainImage\",\"width\":2126,\"height\":1311},\"primaryImageOfPage\":{\"@id\":\"https:\\\/\\\/tuplice.pl\\\/index.php\\\/2023\\\/02\\\/10\\\/mozliwosci-dofinansowania-do-zakupu-samochodu-dla-osob-z-niepelnosprawnosciami-w-wojewodztwie-lubuskim\\\/#mainImage\"},\"datePublished\":\"2023-02-10T07:51:39+01:00\",\"dateModified\":\"2023-02-10T07:51:39+01:00\"},{\"@type\":\"WebSite\",\"@id\":\"https:\\\/\\\/tuplice.pl\\\/#website\",\"url\":\"https:\\\/\\\/tuplice.pl\\\/\",\"name\":\"Gmina Tuplice\",\"description\":\"Strona Gminy Tuplice\",\"inLanguage\":\"pl-PL\",\"publisher\":{\"@id\":\"https:\\\/\\\/tuplice.pl\\\/#organization\"}}]}\n\t\t<\/script>\n\t\t<!-- All in One SEO -->\n\n","aioseo_head_json":{"title":"Mo\u017cliwo\u015bci dofinansowania do zakupu samochodu dla os\u00f3b z niepe\u0142nosprawno\u015bciami w wojew\u00f3dztwie lubuskim. - Gmina Tuplice","description":"Szczeg\u00f3\u0142y programu s\u0105 w linku poni\u017cej: https:\/\/www.pfron.org.pl\/o-funduszu\/programy-i-zadania-pfron\/programy-i-zadania-real\/samodzielnosc-aktywnosc-mobilnosc-mobilnosc-osob-z-niepelnosprawnoscia\/","canonical_url":"https:\/\/tuplice.pl\/index.php\/2023\/02\/10\/mozliwosci-dofinansowania-do-zakupu-samochodu-dla-osob-z-niepelnosprawnosciami-w-wojewodztwie-lubuskim\/","robots":"max-image-preview:large","keywords":"","webmasterTools":{"miscellaneous":""},"schema":{"@context":"https:\/\/schema.org","@graph":[{"@type":"BlogPosting","@id":"https:\/\/tuplice.pl\/index.php\/2023\/02\/10\/mozliwosci-dofinansowania-do-zakupu-samochodu-dla-osob-z-niepelnosprawnosciami-w-wojewodztwie-lubuskim\/#blogposting","name":"Mo\u017cliwo\u015bci dofinansowania do zakupu samochodu dla os\u00f3b z niepe\u0142nosprawno\u015bciami w wojew\u00f3dztwie lubuskim. - Gmina Tuplice","headline":"Mo\u017cliwo\u015bci dofinansowania do zakupu samochodu dla os\u00f3b z niepe\u0142nosprawno\u015bciami w wojew\u00f3dztwie lubuskim.","author":{"@id":"https:\/\/tuplice.pl\/index.php\/author\/tuplice\/#author"},"publisher":{"@id":"https:\/\/tuplice.pl\/#organization"},"image":{"@type":"ImageObject","url":"https:\/\/tuplice.pl\/wp-content\/uploads\/2023\/02\/PFRON_wersja_uzupelniajaca_RBG-01.jpg","width":2126,"height":1311},"datePublished":"2023-02-10T07:51:39+01:00","dateModified":"2023-02-10T07:51:39+01:00","inLanguage":"pl-PL","mainEntityOfPage":{"@id":"https:\/\/tuplice.pl\/index.php\/2023\/02\/10\/mozliwosci-dofinansowania-do-zakupu-samochodu-dla-osob-z-niepelnosprawnosciami-w-wojewodztwie-lubuskim\/#webpage"},"isPartOf":{"@id":"https:\/\/tuplice.pl\/index.php\/2023\/02\/10\/mozliwosci-dofinansowania-do-zakupu-samochodu-dla-osob-z-niepelnosprawnosciami-w-wojewodztwie-lubuskim\/#webpage"},"articleSection":"Aktualno\u015bci"},{"@type":"BreadcrumbList","@id":"https:\/\/tuplice.pl\/index.php\/2023\/02\/10\/mozliwosci-dofinansowania-do-zakupu-samochodu-dla-osob-z-niepelnosprawnosciami-w-wojewodztwie-lubuskim\/#breadcrumblist","itemListElement":[{"@type":"ListItem","@id":"https:\/\/tuplice.pl#listItem","position":1,"name":"Home","item":"https:\/\/tuplice.pl","nextItem":{"@type":"ListItem","@id":"https:\/\/tuplice.pl\/index.php\/category\/aktualnosci\/#listItem","name":"Aktualno\u015bci"}},{"@type":"ListItem","@id":"https:\/\/tuplice.pl\/index.php\/category\/aktualnosci\/#listItem","position":2,"name":"Aktualno\u015bci","item":"https:\/\/tuplice.pl\/index.php\/category\/aktualnosci\/","nextItem":{"@type":"ListItem","@id":"https:\/\/tuplice.pl\/index.php\/2023\/02\/10\/mozliwosci-dofinansowania-do-zakupu-samochodu-dla-osob-z-niepelnosprawnosciami-w-wojewodztwie-lubuskim\/#listItem","name":"Mo\u017cliwo\u015bci dofinansowania do zakupu samochodu dla os\u00f3b z niepe\u0142nosprawno\u015bciami w wojew\u00f3dztwie lubuskim."},"previousItem":{"@type":"ListItem","@id":"https:\/\/tuplice.pl#listItem","name":"Home"}},{"@type":"ListItem","@id":"https:\/\/tuplice.pl\/index.php\/2023\/02\/10\/mozliwosci-dofinansowania-do-zakupu-samochodu-dla-osob-z-niepelnosprawnosciami-w-wojewodztwie-lubuskim\/#listItem","position":3,"name":"Mo\u017cliwo\u015bci dofinansowania do zakupu samochodu dla os\u00f3b z niepe\u0142nosprawno\u015bciami w wojew\u00f3dztwie lubuskim.","previousItem":{"@type":"ListItem","@id":"https:\/\/tuplice.pl\/index.php\/category\/aktualnosci\/#listItem","name":"Aktualno\u015bci"}}]},{"@type":"Organization","@id":"https:\/\/tuplice.pl\/#organization","name":"Gmina Tuplice Gmina Tuplice","description":"Strona Gminy Tuplice Strona Urz\u0119du Gminy Tuplice","url":"https:\/\/tuplice.pl\/","telephone":"+48683625720","logo":{"@type":"ImageObject","url":"https:\/\/tuplice.pl\/wp-content\/uploads\/2025\/07\/images.png","@id":"https:\/\/tuplice.pl\/index.php\/2023\/02\/10\/mozliwosci-dofinansowania-do-zakupu-samochodu-dla-osob-z-niepelnosprawnosciami-w-wojewodztwie-lubuskim\/#organizationLogo","width":282,"height":179},"image":{"@id":"https:\/\/tuplice.pl\/index.php\/2023\/02\/10\/mozliwosci-dofinansowania-do-zakupu-samochodu-dla-osob-z-niepelnosprawnosciami-w-wojewodztwie-lubuskim\/#organizationLogo"},"sameAs":["https:\/\/facebook.com\/Tuplicki Biuletyn Informacyjny","https:\/\/pinterest.com\/Tuplicki Biuletyn Informacyjny","https:\/\/youtube.com\/Tuplicki Biuletyn Informacyjny"]},{"@type":"Person","@id":"https:\/\/tuplice.pl\/index.php\/author\/tuplice\/#author","url":"https:\/\/tuplice.pl\/index.php\/author\/tuplice\/","name":"Jacek Konieczy\u0144ski","image":{"@type":"ImageObject","@id":"https:\/\/tuplice.pl\/index.php\/2023\/02\/10\/mozliwosci-dofinansowania-do-zakupu-samochodu-dla-osob-z-niepelnosprawnosciami-w-wojewodztwie-lubuskim\/#authorImage","url":"https:\/\/secure.gravatar.com\/avatar\/8aa224da0ce3c7d7e2a92a582397a6f3?s=96&d=mm&r=g","width":96,"height":96,"caption":"Jacek Konieczy\u0144ski"}},{"@type":"WebPage","@id":"https:\/\/tuplice.pl\/index.php\/2023\/02\/10\/mozliwosci-dofinansowania-do-zakupu-samochodu-dla-osob-z-niepelnosprawnosciami-w-wojewodztwie-lubuskim\/#webpage","url":"https:\/\/tuplice.pl\/index.php\/2023\/02\/10\/mozliwosci-dofinansowania-do-zakupu-samochodu-dla-osob-z-niepelnosprawnosciami-w-wojewodztwie-lubuskim\/","name":"Mo\u017cliwo\u015bci dofinansowania do zakupu samochodu dla os\u00f3b z niepe\u0142nosprawno\u015bciami w wojew\u00f3dztwie lubuskim. - Gmina Tuplice","description":"Szczeg\u00f3\u0142y programu s\u0105 w linku poni\u017cej: https:\/\/www.pfron.org.pl\/o-funduszu\/programy-i-zadania-pfron\/programy-i-zadania-real\/samodzielnosc-aktywnosc-mobilnosc-mobilnosc-osob-z-niepelnosprawnoscia\/","inLanguage":"pl-PL","isPartOf":{"@id":"https:\/\/tuplice.pl\/#website"},"breadcrumb":{"@id":"https:\/\/tuplice.pl\/index.php\/2023\/02\/10\/mozliwosci-dofinansowania-do-zakupu-samochodu-dla-osob-z-niepelnosprawnosciami-w-wojewodztwie-lubuskim\/#breadcrumblist"},"author":{"@id":"https:\/\/tuplice.pl\/index.php\/author\/tuplice\/#author"},"creator":{"@id":"https:\/\/tuplice.pl\/index.php\/author\/tuplice\/#author"},"image":{"@type":"ImageObject","url":"https:\/\/tuplice.pl\/wp-content\/uploads\/2023\/02\/PFRON_wersja_uzupelniajaca_RBG-01.jpg","@id":"https:\/\/tuplice.pl\/index.php\/2023\/02\/10\/mozliwosci-dofinansowania-do-zakupu-samochodu-dla-osob-z-niepelnosprawnosciami-w-wojewodztwie-lubuskim\/#mainImage","width":2126,"height":1311},"primaryImageOfPage":{"@id":"https:\/\/tuplice.pl\/index.php\/2023\/02\/10\/mozliwosci-dofinansowania-do-zakupu-samochodu-dla-osob-z-niepelnosprawnosciami-w-wojewodztwie-lubuskim\/#mainImage"},"datePublished":"2023-02-10T07:51:39+01:00","dateModified":"2023-02-10T07:51:39+01:00"},{"@type":"WebSite","@id":"https:\/\/tuplice.pl\/#website","url":"https:\/\/tuplice.pl\/","name":"Gmina Tuplice","description":"Strona Gminy Tuplice","inLanguage":"pl-PL","publisher":{"@id":"https:\/\/tuplice.pl\/#organization"}}]},"og:locale":"pl_PL","og:site_name":"Gmina Tuplice - Strona Gminy Tuplice","og:type":"article","og:title":"Mo\u017cliwo\u015bci dofinansowania do zakupu samochodu dla os\u00f3b z niepe\u0142nosprawno\u015bciami w wojew\u00f3dztwie lubuskim. - Gmina Tuplice","og:description":"Szczeg\u00f3\u0142y programu s\u0105 w linku poni\u017cej: https:\/\/www.pfron.org.pl\/o-funduszu\/programy-i-zadania-pfron\/programy-i-zadania-real\/samodzielnosc-aktywnosc-mobilnosc-mobilnosc-osob-z-niepelnosprawnoscia\/","og:url":"https:\/\/tuplice.pl\/index.php\/2023\/02\/10\/mozliwosci-dofinansowania-do-zakupu-samochodu-dla-osob-z-niepelnosprawnosciami-w-wojewodztwie-lubuskim\/","article:published_time":"2023-02-10T06:51:39+00:00","article:modified_time":"2023-02-10T06:51:39+00:00","article:publisher":"https:\/\/facebook.com\/Tuplicki Biuletyn Informacyjny","twitter:card":"summary_large_image","twitter:title":"Mo\u017cliwo\u015bci dofinansowania do zakupu samochodu dla os\u00f3b z niepe\u0142nosprawno\u015bciami w wojew\u00f3dztwie lubuskim. - Gmina Tuplice","twitter:description":"Szczeg\u00f3\u0142y programu s\u0105 w linku poni\u017cej: https:\/\/www.pfron.org.pl\/o-funduszu\/programy-i-zadania-pfron\/programy-i-zadania-real\/samodzielnosc-aktywnosc-mobilnosc-mobilnosc-osob-z-niepelnosprawnoscia\/"},"aioseo_meta_data":{"post_id":"4659","title":null,"description":null,"keywords":null,"keyphrases":null,"primary_term":null,"canonical_url":null,"og_title":null,"og_description":null,"og_object_type":"default","og_image_type":"default","og_image_url":null,"og_image_width":null,"og_image_height":null,"og_image_custom_url":null,"og_image_custom_fields":null,"og_video":null,"og_custom_url":null,"og_article_section":null,"og_article_tags":null,"twitter_use_og":false,"twitter_card":"default","twitter_image_type":"default","twitter_image_url":null,"twitter_image_custom_url":null,"twitter_image_custom_fields":null,"twitter_title":null,"twitter_description":null,"schema":{"blockGraphs":[],"customGraphs":[],"default":{"data":{"Article":[],"Course":[],"Dataset":[],"FAQPage":[],"Movie":[],"Person":[],"Product":[],"ProductReview":[],"Car":[],"Recipe":[],"Service":[],"SoftwareApplication":[],"WebPage":[]},"graphName":"","isEnabled":true},"graphs":[]},"schema_type":"default","schema_type_options":null,"pillar_content":false,"robots_default":true,"robots_noindex":false,"robots_noarchive":false,"robots_nosnippet":false,"robots_nofollow":false,"robots_noimageindex":false,"robots_noodp":false,"robots_notranslate":false,"robots_max_snippet":null,"robots_max_videopreview":null,"robots_max_imagepreview":"large","priority":null,"frequency":null,"local_seo":null,"breadcrumb_settings":null,"limit_modified_date":false,"ai":null,"created":"2025-07-22 23:59:16","updated":"2025-07-22 23:59:16","seo_analyzer_scan_date":null},"aioseo_breadcrumb":"<div class=\"aioseo-breadcrumbs\"><span class=\"aioseo-breadcrumb\">\n\t\t\t<a href=\"https:\/\/tuplice.pl\" title=\"Home\">Home<\/a>\n\t\t<\/span><span class=\"aioseo-breadcrumb-separator\">&raquo;<\/span><span class=\"aioseo-breadcrumb\">\n\t\t\t<a href=\"https:\/\/tuplice.pl\/index.php\/category\/aktualnosci\/\" title=\"Aktualno\u015bci\">Aktualno\u015bci<\/a>\n\t\t<\/span><span class=\"aioseo-breadcrumb-separator\">&raquo;<\/span><span class=\"aioseo-breadcrumb\">\n\t\t\tMo\u017cliwo\u015bci dofinansowania do zakupu samochodu dla os\u00f3b z niepe\u0142nosprawno\u015bciami w wojew\u00f3dztwie lubuskim.\n\t\t<\/span><\/div>","aioseo_breadcrumb_json":[{"label":"Home","link":"https:\/\/tuplice.pl"},{"label":"Aktualno\u015bci","link":"https:\/\/tuplice.pl\/index.php\/category\/aktualnosci\/"},{"label":"Mo\u017cliwo\u015bci dofinansowania do zakupu samochodu dla os\u00f3b z niepe\u0142nosprawno\u015bciami w wojew\u00f3dztwie lubuskim.","link":"https:\/\/tuplice.pl\/index.php\/2023\/02\/10\/mozliwosci-dofinansowania-do-zakupu-samochodu-dla-osob-z-niepelnosprawnosciami-w-wojewodztwie-lubuskim\/"}],"a3_pvc":{"activated":false,"total_views":0,"today_views":0},"_links":{"self":[{"href":"https:\/\/tuplice.pl\/index.php\/wp-json\/wp\/v2\/posts\/4659"}],"collection":[{"href":"https:\/\/tuplice.pl\/index.php\/wp-json\/wp\/v2\/posts"}],"about":[{"href":"https:\/\/tuplice.pl\/index.php\/wp-json\/wp\/v2\/types\/post"}],"author":[{"embeddable":true,"href":"https:\/\/tuplice.pl\/index.php\/wp-json\/wp\/v2\/users\/3"}],"replies":[{"embeddable":true,"href":"https:\/\/tuplice.pl\/index.php\/wp-json\/wp\/v2\/comments?post=4659"}],"version-history":[{"count":1,"href":"https:\/\/tuplice.pl\/index.php\/wp-json\/wp\/v2\/posts\/4659\/revisions"}],"predecessor-version":[{"id":4661,"href":"https:\/\/tuplice.pl\/index.php\/wp-json\/wp\/v2\/posts\/4659\/revisions\/4661"}],"wp:featuredmedia":[{"embeddable":true,"href":"https:\/\/tuplice.pl\/index.php\/wp-json\/wp\/v2\/media\/4660"}],"wp:attachment":[{"href":"https:\/\/tuplice.pl\/index.php\/wp-json\/wp\/v2\/media?parent=4659"}],"wp:term":[{"taxonomy":"category","embeddable":true,"href":"https:\/\/tuplice.pl\/index.php\/wp-json\/wp\/v2\/categories?post=4659"},{"taxonomy":"post_tag","embeddable":true,"href":"https:\/\/tuplice.pl\/index.php\/wp-json\/wp\/v2\/tags?post=4659"}],"curies":[{"name":"wp","href":"https:\/\/api.w.org\/{rel}","templated":true}]}}