{"id":4684,"date":"2023-03-07T11:08:42","date_gmt":"2023-03-07T10:08:42","guid":{"rendered":"https:\/\/tuplice.pl\/?p=4684"},"modified":"2023-03-07T11:08:42","modified_gmt":"2023-03-07T10:08:42","slug":"ogloszenie-o-naborze-wnioskow-stowarzyszenie-lokalna-grupa-dzialania-miedzy-odra-a-bobrem-oraz-fundacja-rozwoju-holistycznego-rozpoczynaja-nabor-wnioskow-na-mikrodotacje-w-ramach-projektu-pn-no","status":"publish","type":"post","link":"https:\/\/tuplice.pl\/index.php\/2023\/03\/07\/ogloszenie-o-naborze-wnioskow-stowarzyszenie-lokalna-grupa-dzialania-miedzy-odra-a-bobrem-oraz-fundacja-rozwoju-holistycznego-rozpoczynaja-nabor-wnioskow-na-mikrodotacje-w-ramach-projektu-pn-no\/","title":{"rendered":"OG\u0141OSZENIE O NABORZE WNIOSK\u00d3W Stowarzyszenie Lokalna Grupa Dzia\u0142ania &#8222;Mi\u0119dzy Odr\u0105 a Bobrem&#8221; oraz Fundacja Rozwoju Holistycznego rozpoczynaj\u0105 nab\u00f3r wniosk\u00f3w na mikrodotacje w ramach projektu pn. &#8222;NOWEFIO &#8211; lubuskie lokalnie&#8221;"},"content":{"rendered":"<div class=\"wp-block-image\"><img decoding=\"async\" loading=\"lazy\" class=\"aligncenter size-full wp-image-4682\" src=\"https:\/\/tuplice.pl\/wp-content\/uploads\/2023\/03\/0001_01-scaled.jpg\" alt=\"\" width=\"1808\" height=\"2560\" srcset=\"https:\/\/tuplice.pl\/wp-content\/uploads\/2023\/03\/0001_01-scaled.jpg 1808w, https:\/\/tuplice.pl\/wp-content\/uploads\/2023\/03\/0001_01-212x300.jpg 212w, https:\/\/tuplice.pl\/wp-content\/uploads\/2023\/03\/0001_01-723x1024.jpg 723w, https:\/\/tuplice.pl\/wp-content\/uploads\/2023\/03\/0001_01-768x1087.jpg 768w, https:\/\/tuplice.pl\/wp-content\/uploads\/2023\/03\/0001_01-1085x1536.jpg 1085w, https:\/\/tuplice.pl\/wp-content\/uploads\/2023\/03\/0001_01-1446x2048.jpg 1446w, https:\/\/tuplice.pl\/wp-content\/uploads\/2023\/03\/0001_01-1080x1529.jpg 1080w\" sizes=\"(max-width: 1808px) 100vw, 1808px\" \/><\/p>\n<div class=\"wp-block-image\"><img decoding=\"async\" loading=\"lazy\" class=\"aligncenter size-full wp-image-4685\" src=\"https:\/\/tuplice.pl\/wp-content\/uploads\/2023\/03\/0002_01-scaled.jpg\" alt=\"\" width=\"1808\" height=\"2560\" srcset=\"https:\/\/tuplice.pl\/wp-content\/uploads\/2023\/03\/0002_01-scaled.jpg 1808w, https:\/\/tuplice.pl\/wp-content\/uploads\/2023\/03\/0002_01-212x300.jpg 212w, https:\/\/tuplice.pl\/wp-content\/uploads\/2023\/03\/0002_01-723x1024.jpg 723w, https:\/\/tuplice.pl\/wp-content\/uploads\/2023\/03\/0002_01-768x1087.jpg 768w, https:\/\/tuplice.pl\/wp-content\/uploads\/2023\/03\/0002_01-1085x1536.jpg 1085w, https:\/\/tuplice.pl\/wp-content\/uploads\/2023\/03\/0002_01-1446x2048.jpg 1446w, https:\/\/tuplice.pl\/wp-content\/uploads\/2023\/03\/0002_01-1080x1529.jpg 1080w\" sizes=\"(max-width: 1808px) 100vw, 1808px\" \/><\/p>\n<div class=\"wp-block-image\"><img decoding=\"async\" loading=\"lazy\" class=\"aligncenter size-full wp-image-4686\" src=\"https:\/\/tuplice.pl\/wp-content\/uploads\/2023\/03\/nowefio_plakat_2023-PDF-scaled.jpg\" alt=\"\" width=\"1810\" height=\"2560\" srcset=\"https:\/\/tuplice.pl\/wp-content\/uploads\/2023\/03\/nowefio_plakat_2023-PDF-scaled.jpg 1810w, https:\/\/tuplice.pl\/wp-content\/uploads\/2023\/03\/nowefio_plakat_2023-PDF-212x300.jpg 212w, https:\/\/tuplice.pl\/wp-content\/uploads\/2023\/03\/nowefio_plakat_2023-PDF-724x1024.jpg 724w, https:\/\/tuplice.pl\/wp-content\/uploads\/2023\/03\/nowefio_plakat_2023-PDF-768x1086.jpg 768w, https:\/\/tuplice.pl\/wp-content\/uploads\/2023\/03\/nowefio_plakat_2023-PDF-1086x1536.jpg 1086w, https:\/\/tuplice.pl\/wp-content\/uploads\/2023\/03\/nowefio_plakat_2023-PDF-1448x2048.jpg 1448w, https:\/\/tuplice.pl\/wp-content\/uploads\/2023\/03\/nowefio_plakat_2023-PDF-1080x1527.jpg 1080w, https:\/\/tuplice.pl\/wp-content\/uploads\/2023\/03\/nowefio_plakat_2023-PDF-1280x1810.jpg 1280w, https:\/\/tuplice.pl\/wp-content\/uploads\/2023\/03\/nowefio_plakat_2023-PDF-980x1386.jpg 980w, https:\/\/tuplice.pl\/wp-content\/uploads\/2023\/03\/nowefio_plakat_2023-PDF-480x679.jpg 480w\" sizes=\"(max-width: 1810px) 100vw, 1810px\" \/><\/div>\n<\/div>\n<\/div>\n<div><\/div>\n<div><\/div>\n<div><\/div>\n<div><\/div>\n<div><\/div>\n<div><\/div>\n","protected":false},"excerpt":{"rendered":"","protected":false},"author":3,"featured_media":4687,"comment_status":"closed","ping_status":"closed","sticky":false,"template":"","format":"standard","meta":{"_et_pb_use_builder":"","_et_pb_old_content":"","_et_gb_content_width":"","_monsterinsights_skip_tracking":false},"categories":[82],"tags":[],"aioseo_notices":[],"aioseo_head":"\n\t\t<!-- All in One SEO 4.9.10 - aioseo.com -->\n\t<meta name=\"robots\" content=\"max-image-preview:large\" \/>\n\t<meta name=\"author\" content=\"Jacek Konieczy\u0144ski\"\/>\n\t<link rel=\"canonical\" href=\"https:\/\/tuplice.pl\/index.php\/2023\/03\/07\/ogloszenie-o-naborze-wnioskow-stowarzyszenie-lokalna-grupa-dzialania-miedzy-odra-a-bobrem-oraz-fundacja-rozwoju-holistycznego-rozpoczynaja-nabor-wnioskow-na-mikrodotacje-w-ramach-projektu-pn-no\/\" \/>\n\t<meta name=\"generator\" content=\"All in One SEO (AIOSEO) 4.9.10\" \/>\n\t\t<meta property=\"og:locale\" content=\"pl_PL\" \/>\n\t\t<meta property=\"og:site_name\" content=\"Gmina Tuplice - Strona Gminy Tuplice\" \/>\n\t\t<meta property=\"og:type\" content=\"article\" \/>\n\t\t<meta property=\"og:title\" content=\"OG\u0141OSZENIE O NABORZE WNIOSK\u00d3W Stowarzyszenie Lokalna Grupa Dzia\u0142ania \u201eMi\u0119dzy Odr\u0105 a Bobrem\u201d oraz Fundacja Rozwoju Holistycznego rozpoczynaj\u0105 nab\u00f3r wniosk\u00f3w na mikrodotacje w ramach projektu pn. \u201eNOWEFIO \u2013 lubuskie lokalnie\u201d - Gmina Tuplice\" \/>\n\t\t<meta property=\"og:url\" content=\"https:\/\/tuplice.pl\/index.php\/2023\/03\/07\/ogloszenie-o-naborze-wnioskow-stowarzyszenie-lokalna-grupa-dzialania-miedzy-odra-a-bobrem-oraz-fundacja-rozwoju-holistycznego-rozpoczynaja-nabor-wnioskow-na-mikrodotacje-w-ramach-projektu-pn-no\/\" \/>\n\t\t<meta property=\"article:published_time\" content=\"2023-03-07T10:08:42+00:00\" \/>\n\t\t<meta property=\"article:modified_time\" content=\"2023-03-07T10:08:42+00:00\" \/>\n\t\t<meta property=\"article:publisher\" content=\"https:\/\/facebook.com\/Tuplicki Biuletyn Informacyjny\" \/>\n\t\t<meta name=\"twitter:card\" content=\"summary_large_image\" \/>\n\t\t<meta name=\"twitter:title\" content=\"OG\u0141OSZENIE O NABORZE WNIOSK\u00d3W Stowarzyszenie Lokalna Grupa Dzia\u0142ania \u201eMi\u0119dzy Odr\u0105 a Bobrem\u201d oraz Fundacja Rozwoju Holistycznego rozpoczynaj\u0105 nab\u00f3r wniosk\u00f3w na mikrodotacje w ramach projektu pn. \u201eNOWEFIO \u2013 lubuskie lokalnie\u201d - Gmina Tuplice\" \/>\n\t\t<script type=\"application\/ld+json\" class=\"aioseo-schema\">\n\t\t\t{\"@context\":\"https:\\\/\\\/schema.org\",\"@graph\":[{\"@type\":\"BlogPosting\",\"@id\":\"https:\\\/\\\/tuplice.pl\\\/index.php\\\/2023\\\/03\\\/07\\\/ogloszenie-o-naborze-wnioskow-stowarzyszenie-lokalna-grupa-dzialania-miedzy-odra-a-bobrem-oraz-fundacja-rozwoju-holistycznego-rozpoczynaja-nabor-wnioskow-na-mikrodotacje-w-ramach-projektu-pn-no\\\/#blogposting\",\"name\":\"OG\\u0141OSZENIE O NABORZE WNIOSK\\u00d3W Stowarzyszenie Lokalna Grupa Dzia\\u0142ania \\u201eMi\\u0119dzy Odr\\u0105 a Bobrem\\u201d oraz Fundacja Rozwoju Holistycznego rozpoczynaj\\u0105 nab\\u00f3r wniosk\\u00f3w na mikrodotacje w ramach projektu pn. \\u201eNOWEFIO \\u2013 lubuskie lokalnie\\u201d - Gmina Tuplice\",\"headline\":\"OG\\u0141OSZENIE O NABORZE WNIOSK\\u00d3W Stowarzyszenie Lokalna Grupa Dzia\\u0142ania &#8222;Mi\\u0119dzy Odr\\u0105 a Bobrem&#8221; oraz Fundacja Rozwoju Holistycznego rozpoczynaj\\u0105 nab\\u00f3r wniosk\\u00f3w na mikrodotacje w ramach projektu pn. &#8222;NOWEFIO &#8211; lubuskie lokalnie&#8221;\",\"author\":{\"@id\":\"https:\\\/\\\/tuplice.pl\\\/index.php\\\/author\\\/tuplice\\\/#author\"},\"publisher\":{\"@id\":\"https:\\\/\\\/tuplice.pl\\\/#organization\"},\"image\":{\"@type\":\"ImageObject\",\"url\":\"https:\\\/\\\/tuplice.pl\\\/wp-content\\\/uploads\\\/2023\\\/03\\\/images_02.jpg\",\"width\":140,\"height\":130},\"datePublished\":\"2023-03-07T11:08:42+01:00\",\"dateModified\":\"2023-03-07T11:08:42+01:00\",\"inLanguage\":\"pl-PL\",\"mainEntityOfPage\":{\"@id\":\"https:\\\/\\\/tuplice.pl\\\/index.php\\\/2023\\\/03\\\/07\\\/ogloszenie-o-naborze-wnioskow-stowarzyszenie-lokalna-grupa-dzialania-miedzy-odra-a-bobrem-oraz-fundacja-rozwoju-holistycznego-rozpoczynaja-nabor-wnioskow-na-mikrodotacje-w-ramach-projektu-pn-no\\\/#webpage\"},\"isPartOf\":{\"@id\":\"https:\\\/\\\/tuplice.pl\\\/index.php\\\/2023\\\/03\\\/07\\\/ogloszenie-o-naborze-wnioskow-stowarzyszenie-lokalna-grupa-dzialania-miedzy-odra-a-bobrem-oraz-fundacja-rozwoju-holistycznego-rozpoczynaja-nabor-wnioskow-na-mikrodotacje-w-ramach-projektu-pn-no\\\/#webpage\"},\"articleSection\":\"Aktualno\\u015bci\"},{\"@type\":\"BreadcrumbList\",\"@id\":\"https:\\\/\\\/tuplice.pl\\\/index.php\\\/2023\\\/03\\\/07\\\/ogloszenie-o-naborze-wnioskow-stowarzyszenie-lokalna-grupa-dzialania-miedzy-odra-a-bobrem-oraz-fundacja-rozwoju-holistycznego-rozpoczynaja-nabor-wnioskow-na-mikrodotacje-w-ramach-projektu-pn-no\\\/#breadcrumblist\",\"itemListElement\":[{\"@type\":\"ListItem\",\"@id\":\"https:\\\/\\\/tuplice.pl#listItem\",\"position\":1,\"name\":\"Home\",\"item\":\"https:\\\/\\\/tuplice.pl\",\"nextItem\":{\"@type\":\"ListItem\",\"@id\":\"https:\\\/\\\/tuplice.pl\\\/index.php\\\/category\\\/aktualnosci\\\/#listItem\",\"name\":\"Aktualno\\u015bci\"}},{\"@type\":\"ListItem\",\"@id\":\"https:\\\/\\\/tuplice.pl\\\/index.php\\\/category\\\/aktualnosci\\\/#listItem\",\"position\":2,\"name\":\"Aktualno\\u015bci\",\"item\":\"https:\\\/\\\/tuplice.pl\\\/index.php\\\/category\\\/aktualnosci\\\/\",\"nextItem\":{\"@type\":\"ListItem\",\"@id\":\"https:\\\/\\\/tuplice.pl\\\/index.php\\\/2023\\\/03\\\/07\\\/ogloszenie-o-naborze-wnioskow-stowarzyszenie-lokalna-grupa-dzialania-miedzy-odra-a-bobrem-oraz-fundacja-rozwoju-holistycznego-rozpoczynaja-nabor-wnioskow-na-mikrodotacje-w-ramach-projektu-pn-no\\\/#listItem\",\"name\":\"OG\\u0141OSZENIE O NABORZE WNIOSK\\u00d3W Stowarzyszenie Lokalna Grupa Dzia\\u0142ania &#8222;Mi\\u0119dzy Odr\\u0105 a Bobrem&#8221; oraz Fundacja Rozwoju Holistycznego rozpoczynaj\\u0105 nab\\u00f3r wniosk\\u00f3w na mikrodotacje w ramach projektu pn. &#8222;NOWEFIO &#8211; lubuskie lokalnie&#8221;\"},\"previousItem\":{\"@type\":\"ListItem\",\"@id\":\"https:\\\/\\\/tuplice.pl#listItem\",\"name\":\"Home\"}},{\"@type\":\"ListItem\",\"@id\":\"https:\\\/\\\/tuplice.pl\\\/index.php\\\/2023\\\/03\\\/07\\\/ogloszenie-o-naborze-wnioskow-stowarzyszenie-lokalna-grupa-dzialania-miedzy-odra-a-bobrem-oraz-fundacja-rozwoju-holistycznego-rozpoczynaja-nabor-wnioskow-na-mikrodotacje-w-ramach-projektu-pn-no\\\/#listItem\",\"position\":3,\"name\":\"OG\\u0141OSZENIE O NABORZE WNIOSK\\u00d3W Stowarzyszenie Lokalna Grupa Dzia\\u0142ania &#8222;Mi\\u0119dzy Odr\\u0105 a Bobrem&#8221; oraz Fundacja Rozwoju Holistycznego rozpoczynaj\\u0105 nab\\u00f3r wniosk\\u00f3w na mikrodotacje w ramach projektu pn. &#8222;NOWEFIO &#8211; lubuskie lokalnie&#8221;\",\"previousItem\":{\"@type\":\"ListItem\",\"@id\":\"https:\\\/\\\/tuplice.pl\\\/index.php\\\/category\\\/aktualnosci\\\/#listItem\",\"name\":\"Aktualno\\u015bci\"}}]},{\"@type\":\"Organization\",\"@id\":\"https:\\\/\\\/tuplice.pl\\\/#organization\",\"name\":\"Gmina Tuplice Gmina Tuplice\",\"description\":\"Strona Gminy Tuplice Strona Urz\\u0119du Gminy Tuplice\",\"url\":\"https:\\\/\\\/tuplice.pl\\\/\",\"telephone\":\"+48683625720\",\"logo\":{\"@type\":\"ImageObject\",\"url\":\"https:\\\/\\\/tuplice.pl\\\/wp-content\\\/uploads\\\/2025\\\/07\\\/images.png\",\"@id\":\"https:\\\/\\\/tuplice.pl\\\/index.php\\\/2023\\\/03\\\/07\\\/ogloszenie-o-naborze-wnioskow-stowarzyszenie-lokalna-grupa-dzialania-miedzy-odra-a-bobrem-oraz-fundacja-rozwoju-holistycznego-rozpoczynaja-nabor-wnioskow-na-mikrodotacje-w-ramach-projektu-pn-no\\\/#organizationLogo\",\"width\":282,\"height\":179},\"image\":{\"@id\":\"https:\\\/\\\/tuplice.pl\\\/index.php\\\/2023\\\/03\\\/07\\\/ogloszenie-o-naborze-wnioskow-stowarzyszenie-lokalna-grupa-dzialania-miedzy-odra-a-bobrem-oraz-fundacja-rozwoju-holistycznego-rozpoczynaja-nabor-wnioskow-na-mikrodotacje-w-ramach-projektu-pn-no\\\/#organizationLogo\"},\"sameAs\":[\"https:\\\/\\\/facebook.com\\\/Tuplicki Biuletyn Informacyjny\",\"https:\\\/\\\/pinterest.com\\\/Tuplicki Biuletyn Informacyjny\",\"https:\\\/\\\/youtube.com\\\/Tuplicki Biuletyn Informacyjny\"]},{\"@type\":\"Person\",\"@id\":\"https:\\\/\\\/tuplice.pl\\\/index.php\\\/author\\\/tuplice\\\/#author\",\"url\":\"https:\\\/\\\/tuplice.pl\\\/index.php\\\/author\\\/tuplice\\\/\",\"name\":\"Jacek Konieczy\\u0144ski\",\"image\":{\"@type\":\"ImageObject\",\"@id\":\"https:\\\/\\\/tuplice.pl\\\/index.php\\\/2023\\\/03\\\/07\\\/ogloszenie-o-naborze-wnioskow-stowarzyszenie-lokalna-grupa-dzialania-miedzy-odra-a-bobrem-oraz-fundacja-rozwoju-holistycznego-rozpoczynaja-nabor-wnioskow-na-mikrodotacje-w-ramach-projektu-pn-no\\\/#authorImage\",\"url\":\"https:\\\/\\\/secure.gravatar.com\\\/avatar\\\/8aa224da0ce3c7d7e2a92a582397a6f3?s=96&d=mm&r=g\",\"width\":96,\"height\":96,\"caption\":\"Jacek Konieczy\\u0144ski\"}},{\"@type\":\"WebPage\",\"@id\":\"https:\\\/\\\/tuplice.pl\\\/index.php\\\/2023\\\/03\\\/07\\\/ogloszenie-o-naborze-wnioskow-stowarzyszenie-lokalna-grupa-dzialania-miedzy-odra-a-bobrem-oraz-fundacja-rozwoju-holistycznego-rozpoczynaja-nabor-wnioskow-na-mikrodotacje-w-ramach-projektu-pn-no\\\/#webpage\",\"url\":\"https:\\\/\\\/tuplice.pl\\\/index.php\\\/2023\\\/03\\\/07\\\/ogloszenie-o-naborze-wnioskow-stowarzyszenie-lokalna-grupa-dzialania-miedzy-odra-a-bobrem-oraz-fundacja-rozwoju-holistycznego-rozpoczynaja-nabor-wnioskow-na-mikrodotacje-w-ramach-projektu-pn-no\\\/\",\"name\":\"OG\\u0141OSZENIE O NABORZE WNIOSK\\u00d3W Stowarzyszenie Lokalna Grupa Dzia\\u0142ania \\u201eMi\\u0119dzy Odr\\u0105 a Bobrem\\u201d oraz Fundacja Rozwoju Holistycznego rozpoczynaj\\u0105 nab\\u00f3r wniosk\\u00f3w na mikrodotacje w ramach projektu pn. \\u201eNOWEFIO \\u2013 lubuskie lokalnie\\u201d - Gmina Tuplice\",\"inLanguage\":\"pl-PL\",\"isPartOf\":{\"@id\":\"https:\\\/\\\/tuplice.pl\\\/#website\"},\"breadcrumb\":{\"@id\":\"https:\\\/\\\/tuplice.pl\\\/index.php\\\/2023\\\/03\\\/07\\\/ogloszenie-o-naborze-wnioskow-stowarzyszenie-lokalna-grupa-dzialania-miedzy-odra-a-bobrem-oraz-fundacja-rozwoju-holistycznego-rozpoczynaja-nabor-wnioskow-na-mikrodotacje-w-ramach-projektu-pn-no\\\/#breadcrumblist\"},\"author\":{\"@id\":\"https:\\\/\\\/tuplice.pl\\\/index.php\\\/author\\\/tuplice\\\/#author\"},\"creator\":{\"@id\":\"https:\\\/\\\/tuplice.pl\\\/index.php\\\/author\\\/tuplice\\\/#author\"},\"image\":{\"@type\":\"ImageObject\",\"url\":\"https:\\\/\\\/tuplice.pl\\\/wp-content\\\/uploads\\\/2023\\\/03\\\/images_02.jpg\",\"@id\":\"https:\\\/\\\/tuplice.pl\\\/index.php\\\/2023\\\/03\\\/07\\\/ogloszenie-o-naborze-wnioskow-stowarzyszenie-lokalna-grupa-dzialania-miedzy-odra-a-bobrem-oraz-fundacja-rozwoju-holistycznego-rozpoczynaja-nabor-wnioskow-na-mikrodotacje-w-ramach-projektu-pn-no\\\/#mainImage\",\"width\":140,\"height\":130},\"primaryImageOfPage\":{\"@id\":\"https:\\\/\\\/tuplice.pl\\\/index.php\\\/2023\\\/03\\\/07\\\/ogloszenie-o-naborze-wnioskow-stowarzyszenie-lokalna-grupa-dzialania-miedzy-odra-a-bobrem-oraz-fundacja-rozwoju-holistycznego-rozpoczynaja-nabor-wnioskow-na-mikrodotacje-w-ramach-projektu-pn-no\\\/#mainImage\"},\"datePublished\":\"2023-03-07T11:08:42+01:00\",\"dateModified\":\"2023-03-07T11:08:42+01:00\"},{\"@type\":\"WebSite\",\"@id\":\"https:\\\/\\\/tuplice.pl\\\/#website\",\"url\":\"https:\\\/\\\/tuplice.pl\\\/\",\"name\":\"Gmina Tuplice\",\"description\":\"Strona Gminy Tuplice\",\"inLanguage\":\"pl-PL\",\"publisher\":{\"@id\":\"https:\\\/\\\/tuplice.pl\\\/#organization\"}}]}\n\t\t<\/script>\n\t\t<!-- All in One SEO -->\n\n","aioseo_head_json":{"title":"OG\u0141OSZENIE O NABORZE WNIOSK\u00d3W Stowarzyszenie Lokalna Grupa Dzia\u0142ania \u201eMi\u0119dzy Odr\u0105 a Bobrem\u201d oraz Fundacja Rozwoju Holistycznego rozpoczynaj\u0105 nab\u00f3r wniosk\u00f3w na mikrodotacje w ramach projektu pn. \u201eNOWEFIO \u2013 lubuskie lokalnie\u201d - Gmina Tuplice","description":"","canonical_url":"https:\/\/tuplice.pl\/index.php\/2023\/03\/07\/ogloszenie-o-naborze-wnioskow-stowarzyszenie-lokalna-grupa-dzialania-miedzy-odra-a-bobrem-oraz-fundacja-rozwoju-holistycznego-rozpoczynaja-nabor-wnioskow-na-mikrodotacje-w-ramach-projektu-pn-no\/","robots":"max-image-preview:large","keywords":"","webmasterTools":{"miscellaneous":""},"schema":{"@context":"https:\/\/schema.org","@graph":[{"@type":"BlogPosting","@id":"https:\/\/tuplice.pl\/index.php\/2023\/03\/07\/ogloszenie-o-naborze-wnioskow-stowarzyszenie-lokalna-grupa-dzialania-miedzy-odra-a-bobrem-oraz-fundacja-rozwoju-holistycznego-rozpoczynaja-nabor-wnioskow-na-mikrodotacje-w-ramach-projektu-pn-no\/#blogposting","name":"OG\u0141OSZENIE O NABORZE WNIOSK\u00d3W Stowarzyszenie Lokalna Grupa Dzia\u0142ania \u201eMi\u0119dzy Odr\u0105 a Bobrem\u201d oraz Fundacja Rozwoju Holistycznego rozpoczynaj\u0105 nab\u00f3r wniosk\u00f3w na mikrodotacje w ramach projektu pn. \u201eNOWEFIO \u2013 lubuskie lokalnie\u201d - Gmina Tuplice","headline":"OG\u0141OSZENIE O NABORZE WNIOSK\u00d3W Stowarzyszenie Lokalna Grupa Dzia\u0142ania &#8222;Mi\u0119dzy Odr\u0105 a Bobrem&#8221; oraz Fundacja Rozwoju Holistycznego rozpoczynaj\u0105 nab\u00f3r wniosk\u00f3w na mikrodotacje w ramach projektu pn. &#8222;NOWEFIO &#8211; lubuskie lokalnie&#8221;","author":{"@id":"https:\/\/tuplice.pl\/index.php\/author\/tuplice\/#author"},"publisher":{"@id":"https:\/\/tuplice.pl\/#organization"},"image":{"@type":"ImageObject","url":"https:\/\/tuplice.pl\/wp-content\/uploads\/2023\/03\/images_02.jpg","width":140,"height":130},"datePublished":"2023-03-07T11:08:42+01:00","dateModified":"2023-03-07T11:08:42+01:00","inLanguage":"pl-PL","mainEntityOfPage":{"@id":"https:\/\/tuplice.pl\/index.php\/2023\/03\/07\/ogloszenie-o-naborze-wnioskow-stowarzyszenie-lokalna-grupa-dzialania-miedzy-odra-a-bobrem-oraz-fundacja-rozwoju-holistycznego-rozpoczynaja-nabor-wnioskow-na-mikrodotacje-w-ramach-projektu-pn-no\/#webpage"},"isPartOf":{"@id":"https:\/\/tuplice.pl\/index.php\/2023\/03\/07\/ogloszenie-o-naborze-wnioskow-stowarzyszenie-lokalna-grupa-dzialania-miedzy-odra-a-bobrem-oraz-fundacja-rozwoju-holistycznego-rozpoczynaja-nabor-wnioskow-na-mikrodotacje-w-ramach-projektu-pn-no\/#webpage"},"articleSection":"Aktualno\u015bci"},{"@type":"BreadcrumbList","@id":"https:\/\/tuplice.pl\/index.php\/2023\/03\/07\/ogloszenie-o-naborze-wnioskow-stowarzyszenie-lokalna-grupa-dzialania-miedzy-odra-a-bobrem-oraz-fundacja-rozwoju-holistycznego-rozpoczynaja-nabor-wnioskow-na-mikrodotacje-w-ramach-projektu-pn-no\/#breadcrumblist","itemListElement":[{"@type":"ListItem","@id":"https:\/\/tuplice.pl#listItem","position":1,"name":"Home","item":"https:\/\/tuplice.pl","nextItem":{"@type":"ListItem","@id":"https:\/\/tuplice.pl\/index.php\/category\/aktualnosci\/#listItem","name":"Aktualno\u015bci"}},{"@type":"ListItem","@id":"https:\/\/tuplice.pl\/index.php\/category\/aktualnosci\/#listItem","position":2,"name":"Aktualno\u015bci","item":"https:\/\/tuplice.pl\/index.php\/category\/aktualnosci\/","nextItem":{"@type":"ListItem","@id":"https:\/\/tuplice.pl\/index.php\/2023\/03\/07\/ogloszenie-o-naborze-wnioskow-stowarzyszenie-lokalna-grupa-dzialania-miedzy-odra-a-bobrem-oraz-fundacja-rozwoju-holistycznego-rozpoczynaja-nabor-wnioskow-na-mikrodotacje-w-ramach-projektu-pn-no\/#listItem","name":"OG\u0141OSZENIE O NABORZE WNIOSK\u00d3W Stowarzyszenie Lokalna Grupa Dzia\u0142ania &#8222;Mi\u0119dzy Odr\u0105 a Bobrem&#8221; oraz Fundacja Rozwoju Holistycznego rozpoczynaj\u0105 nab\u00f3r wniosk\u00f3w na mikrodotacje w ramach projektu pn. &#8222;NOWEFIO &#8211; lubuskie lokalnie&#8221;"},"previousItem":{"@type":"ListItem","@id":"https:\/\/tuplice.pl#listItem","name":"Home"}},{"@type":"ListItem","@id":"https:\/\/tuplice.pl\/index.php\/2023\/03\/07\/ogloszenie-o-naborze-wnioskow-stowarzyszenie-lokalna-grupa-dzialania-miedzy-odra-a-bobrem-oraz-fundacja-rozwoju-holistycznego-rozpoczynaja-nabor-wnioskow-na-mikrodotacje-w-ramach-projektu-pn-no\/#listItem","position":3,"name":"OG\u0141OSZENIE O NABORZE WNIOSK\u00d3W Stowarzyszenie Lokalna Grupa Dzia\u0142ania &#8222;Mi\u0119dzy Odr\u0105 a Bobrem&#8221; oraz Fundacja Rozwoju Holistycznego rozpoczynaj\u0105 nab\u00f3r wniosk\u00f3w na mikrodotacje w ramach projektu pn. &#8222;NOWEFIO &#8211; lubuskie lokalnie&#8221;","previousItem":{"@type":"ListItem","@id":"https:\/\/tuplice.pl\/index.php\/category\/aktualnosci\/#listItem","name":"Aktualno\u015bci"}}]},{"@type":"Organization","@id":"https:\/\/tuplice.pl\/#organization","name":"Gmina Tuplice Gmina Tuplice","description":"Strona Gminy Tuplice Strona Urz\u0119du Gminy Tuplice","url":"https:\/\/tuplice.pl\/","telephone":"+48683625720","logo":{"@type":"ImageObject","url":"https:\/\/tuplice.pl\/wp-content\/uploads\/2025\/07\/images.png","@id":"https:\/\/tuplice.pl\/index.php\/2023\/03\/07\/ogloszenie-o-naborze-wnioskow-stowarzyszenie-lokalna-grupa-dzialania-miedzy-odra-a-bobrem-oraz-fundacja-rozwoju-holistycznego-rozpoczynaja-nabor-wnioskow-na-mikrodotacje-w-ramach-projektu-pn-no\/#organizationLogo","width":282,"height":179},"image":{"@id":"https:\/\/tuplice.pl\/index.php\/2023\/03\/07\/ogloszenie-o-naborze-wnioskow-stowarzyszenie-lokalna-grupa-dzialania-miedzy-odra-a-bobrem-oraz-fundacja-rozwoju-holistycznego-rozpoczynaja-nabor-wnioskow-na-mikrodotacje-w-ramach-projektu-pn-no\/#organizationLogo"},"sameAs":["https:\/\/facebook.com\/Tuplicki Biuletyn Informacyjny","https:\/\/pinterest.com\/Tuplicki Biuletyn Informacyjny","https:\/\/youtube.com\/Tuplicki Biuletyn Informacyjny"]},{"@type":"Person","@id":"https:\/\/tuplice.pl\/index.php\/author\/tuplice\/#author","url":"https:\/\/tuplice.pl\/index.php\/author\/tuplice\/","name":"Jacek Konieczy\u0144ski","image":{"@type":"ImageObject","@id":"https:\/\/tuplice.pl\/index.php\/2023\/03\/07\/ogloszenie-o-naborze-wnioskow-stowarzyszenie-lokalna-grupa-dzialania-miedzy-odra-a-bobrem-oraz-fundacja-rozwoju-holistycznego-rozpoczynaja-nabor-wnioskow-na-mikrodotacje-w-ramach-projektu-pn-no\/#authorImage","url":"https:\/\/secure.gravatar.com\/avatar\/8aa224da0ce3c7d7e2a92a582397a6f3?s=96&d=mm&r=g","width":96,"height":96,"caption":"Jacek Konieczy\u0144ski"}},{"@type":"WebPage","@id":"https:\/\/tuplice.pl\/index.php\/2023\/03\/07\/ogloszenie-o-naborze-wnioskow-stowarzyszenie-lokalna-grupa-dzialania-miedzy-odra-a-bobrem-oraz-fundacja-rozwoju-holistycznego-rozpoczynaja-nabor-wnioskow-na-mikrodotacje-w-ramach-projektu-pn-no\/#webpage","url":"https:\/\/tuplice.pl\/index.php\/2023\/03\/07\/ogloszenie-o-naborze-wnioskow-stowarzyszenie-lokalna-grupa-dzialania-miedzy-odra-a-bobrem-oraz-fundacja-rozwoju-holistycznego-rozpoczynaja-nabor-wnioskow-na-mikrodotacje-w-ramach-projektu-pn-no\/","name":"OG\u0141OSZENIE O NABORZE WNIOSK\u00d3W Stowarzyszenie Lokalna Grupa Dzia\u0142ania \u201eMi\u0119dzy Odr\u0105 a Bobrem\u201d oraz Fundacja Rozwoju Holistycznego rozpoczynaj\u0105 nab\u00f3r wniosk\u00f3w na mikrodotacje w ramach projektu pn. \u201eNOWEFIO \u2013 lubuskie lokalnie\u201d - Gmina Tuplice","inLanguage":"pl-PL","isPartOf":{"@id":"https:\/\/tuplice.pl\/#website"},"breadcrumb":{"@id":"https:\/\/tuplice.pl\/index.php\/2023\/03\/07\/ogloszenie-o-naborze-wnioskow-stowarzyszenie-lokalna-grupa-dzialania-miedzy-odra-a-bobrem-oraz-fundacja-rozwoju-holistycznego-rozpoczynaja-nabor-wnioskow-na-mikrodotacje-w-ramach-projektu-pn-no\/#breadcrumblist"},"author":{"@id":"https:\/\/tuplice.pl\/index.php\/author\/tuplice\/#author"},"creator":{"@id":"https:\/\/tuplice.pl\/index.php\/author\/tuplice\/#author"},"image":{"@type":"ImageObject","url":"https:\/\/tuplice.pl\/wp-content\/uploads\/2023\/03\/images_02.jpg","@id":"https:\/\/tuplice.pl\/index.php\/2023\/03\/07\/ogloszenie-o-naborze-wnioskow-stowarzyszenie-lokalna-grupa-dzialania-miedzy-odra-a-bobrem-oraz-fundacja-rozwoju-holistycznego-rozpoczynaja-nabor-wnioskow-na-mikrodotacje-w-ramach-projektu-pn-no\/#mainImage","width":140,"height":130},"primaryImageOfPage":{"@id":"https:\/\/tuplice.pl\/index.php\/2023\/03\/07\/ogloszenie-o-naborze-wnioskow-stowarzyszenie-lokalna-grupa-dzialania-miedzy-odra-a-bobrem-oraz-fundacja-rozwoju-holistycznego-rozpoczynaja-nabor-wnioskow-na-mikrodotacje-w-ramach-projektu-pn-no\/#mainImage"},"datePublished":"2023-03-07T11:08:42+01:00","dateModified":"2023-03-07T11:08:42+01:00"},{"@type":"WebSite","@id":"https:\/\/tuplice.pl\/#website","url":"https:\/\/tuplice.pl\/","name":"Gmina Tuplice","description":"Strona Gminy Tuplice","inLanguage":"pl-PL","publisher":{"@id":"https:\/\/tuplice.pl\/#organization"}}]},"og:locale":"pl_PL","og:site_name":"Gmina Tuplice - Strona Gminy Tuplice","og:type":"article","og:title":"OG\u0141OSZENIE O NABORZE WNIOSK\u00d3W Stowarzyszenie Lokalna Grupa Dzia\u0142ania \u201eMi\u0119dzy Odr\u0105 a Bobrem\u201d oraz Fundacja Rozwoju Holistycznego rozpoczynaj\u0105 nab\u00f3r wniosk\u00f3w na mikrodotacje w ramach projektu pn. \u201eNOWEFIO \u2013 lubuskie lokalnie\u201d - Gmina Tuplice","og:url":"https:\/\/tuplice.pl\/index.php\/2023\/03\/07\/ogloszenie-o-naborze-wnioskow-stowarzyszenie-lokalna-grupa-dzialania-miedzy-odra-a-bobrem-oraz-fundacja-rozwoju-holistycznego-rozpoczynaja-nabor-wnioskow-na-mikrodotacje-w-ramach-projektu-pn-no\/","article:published_time":"2023-03-07T10:08:42+00:00","article:modified_time":"2023-03-07T10:08:42+00:00","article:publisher":"https:\/\/facebook.com\/Tuplicki Biuletyn Informacyjny","twitter:card":"summary_large_image","twitter:title":"OG\u0141OSZENIE O NABORZE WNIOSK\u00d3W Stowarzyszenie Lokalna Grupa Dzia\u0142ania \u201eMi\u0119dzy Odr\u0105 a Bobrem\u201d oraz Fundacja Rozwoju Holistycznego rozpoczynaj\u0105 nab\u00f3r wniosk\u00f3w na mikrodotacje w ramach projektu pn. \u201eNOWEFIO \u2013 lubuskie lokalnie\u201d - Gmina Tuplice"},"aioseo_meta_data":{"post_id":"4684","title":null,"description":null,"keywords":null,"keyphrases":null,"primary_term":null,"canonical_url":null,"og_title":null,"og_description":null,"og_object_type":"default","og_image_type":"default","og_image_url":null,"og_image_width":null,"og_image_height":null,"og_image_custom_url":null,"og_image_custom_fields":null,"og_video":null,"og_custom_url":null,"og_article_section":null,"og_article_tags":null,"twitter_use_og":false,"twitter_card":"default","twitter_image_type":"default","twitter_image_url":null,"twitter_image_custom_url":null,"twitter_image_custom_fields":null,"twitter_title":null,"twitter_description":null,"schema":{"blockGraphs":[],"customGraphs":[],"default":{"data":{"Article":[],"Course":[],"Dataset":[],"FAQPage":[],"Movie":[],"Person":[],"Product":[],"ProductReview":[],"Car":[],"Recipe":[],"Service":[],"SoftwareApplication":[],"WebPage":[]},"graphName":"","isEnabled":true},"graphs":[]},"schema_type":"default","schema_type_options":null,"pillar_content":false,"robots_default":true,"robots_noindex":false,"robots_noarchive":false,"robots_nosnippet":false,"robots_nofollow":false,"robots_noimageindex":false,"robots_noodp":false,"robots_notranslate":false,"robots_max_snippet":null,"robots_max_videopreview":null,"robots_max_imagepreview":"large","priority":null,"frequency":null,"local_seo":null,"breadcrumb_settings":null,"limit_modified_date":false,"ai":null,"created":"2025-07-23 00:12:24","updated":"2025-07-23 00:12:24","seo_analyzer_scan_date":null},"aioseo_breadcrumb":"<div class=\"aioseo-breadcrumbs\"><span class=\"aioseo-breadcrumb\">\n\t\t\t<a href=\"https:\/\/tuplice.pl\" title=\"Home\">Home<\/a>\n\t\t<\/span><span class=\"aioseo-breadcrumb-separator\">&raquo;<\/span><span class=\"aioseo-breadcrumb\">\n\t\t\t<a href=\"https:\/\/tuplice.pl\/index.php\/category\/aktualnosci\/\" title=\"Aktualno\u015bci\">Aktualno\u015bci<\/a>\n\t\t<\/span><span class=\"aioseo-breadcrumb-separator\">&raquo;<\/span><span class=\"aioseo-breadcrumb\">\n\t\t\tOG\u0141OSZENIE O NABORZE WNIOSK\u00d3W Stowarzyszenie Lokalna Grupa Dzia\u0142ania \u201eMi\u0119dzy Odr\u0105 a Bobrem\u201d oraz Fundacja Rozwoju Holistycznego rozpoczynaj\u0105 nab\u00f3r wniosk\u00f3w na mikrodotacje w ramach projektu pn. \u201eNOWEFIO \u2013 lubuskie lokalnie\u201d\n\t\t<\/span><\/div>","aioseo_breadcrumb_json":[{"label":"Home","link":"https:\/\/tuplice.pl"},{"label":"Aktualno\u015bci","link":"https:\/\/tuplice.pl\/index.php\/category\/aktualnosci\/"},{"label":"OG\u0141OSZENIE O NABORZE WNIOSK\u00d3W Stowarzyszenie Lokalna Grupa Dzia\u0142ania &#8222;Mi\u0119dzy Odr\u0105 a Bobrem&#8221; oraz Fundacja Rozwoju Holistycznego rozpoczynaj\u0105 nab\u00f3r wniosk\u00f3w na mikrodotacje w ramach projektu pn. &#8222;NOWEFIO &#8211; lubuskie lokalnie&#8221;","link":"https:\/\/tuplice.pl\/index.php\/2023\/03\/07\/ogloszenie-o-naborze-wnioskow-stowarzyszenie-lokalna-grupa-dzialania-miedzy-odra-a-bobrem-oraz-fundacja-rozwoju-holistycznego-rozpoczynaja-nabor-wnioskow-na-mikrodotacje-w-ramach-projektu-pn-no\/"}],"a3_pvc":{"activated":false,"total_views":0,"today_views":0},"_links":{"self":[{"href":"https:\/\/tuplice.pl\/index.php\/wp-json\/wp\/v2\/posts\/4684"}],"collection":[{"href":"https:\/\/tuplice.pl\/index.php\/wp-json\/wp\/v2\/posts"}],"about":[{"href":"https:\/\/tuplice.pl\/index.php\/wp-json\/wp\/v2\/types\/post"}],"author":[{"embeddable":true,"href":"https:\/\/tuplice.pl\/index.php\/wp-json\/wp\/v2\/users\/3"}],"replies":[{"embeddable":true,"href":"https:\/\/tuplice.pl\/index.php\/wp-json\/wp\/v2\/comments?post=4684"}],"version-history":[{"count":1,"href":"https:\/\/tuplice.pl\/index.php\/wp-json\/wp\/v2\/posts\/4684\/revisions"}],"predecessor-version":[{"id":4688,"href":"https:\/\/tuplice.pl\/index.php\/wp-json\/wp\/v2\/posts\/4684\/revisions\/4688"}],"wp:featuredmedia":[{"embeddable":true,"href":"https:\/\/tuplice.pl\/index.php\/wp-json\/wp\/v2\/media\/4687"}],"wp:attachment":[{"href":"https:\/\/tuplice.pl\/index.php\/wp-json\/wp\/v2\/media?parent=4684"}],"wp:term":[{"taxonomy":"category","embeddable":true,"href":"https:\/\/tuplice.pl\/index.php\/wp-json\/wp\/v2\/categories?post=4684"},{"taxonomy":"post_tag","embeddable":true,"href":"https:\/\/tuplice.pl\/index.php\/wp-json\/wp\/v2\/tags?post=4684"}],"curies":[{"name":"wp","href":"https:\/\/api.w.org\/{rel}","templated":true}]}}