{"id":4691,"date":"2023-03-21T14:53:26","date_gmt":"2023-03-21T13:53:26","guid":{"rendered":"https:\/\/tuplice.pl\/?p=4691"},"modified":"2023-03-21T14:53:26","modified_gmt":"2023-03-21T13:53:26","slug":"w-dniu-23-marca-2023-roku-w-godz-12-00-12-30-na-terenie-gminy-tuplice-zostanie-przeprowadzona-glosna-proba-syren-alarmowych","status":"publish","type":"post","link":"https:\/\/tuplice.pl\/index.php\/2023\/03\/21\/w-dniu-23-marca-2023-roku-w-godz-12-00-12-30-na-terenie-gminy-tuplice-zostanie-przeprowadzona-glosna-proba-syren-alarmowych\/","title":{"rendered":"W dniu 23 marca 2023 roku w godz. 12.00 &#8211; 12.30 na terenie gminy Tuplice zostanie przeprowadzona g\u0142o\u015bna pr\u00f3ba syren alarmowych."},"content":{"rendered":"<div class=\"wp-block-image\"><img decoding=\"async\" loading=\"lazy\" class=\"aligncenter size-full wp-image-4692\" src=\"https:\/\/tuplice.pl\/wp-content\/uploads\/2023\/03\/W-dniu-23-marca-2023-roku-w-godz.-12.00-12.30-na-terenie-gminy-Tuplice-zostanie-przeprowadzona-g\u0142o\u015bna-pr\u00f3ba-syren-alarmowych.-Podczas-pr\u00f3by-zostanie-wyemitowany-d\u017awi\u0119k-modulowany-trwaj\u0105cy-trzy-minuty-.png\" alt=\"\" width=\"1414\" height=\"2000\" srcset=\"https:\/\/tuplice.pl\/wp-content\/uploads\/2023\/03\/W-dniu-23-marca-2023-roku-w-godz.-12.00-12.30-na-terenie-gminy-Tuplice-zostanie-przeprowadzona-g\u0142o\u015bna-pr\u00f3ba-syren-alarmowych.-Podczas-pr\u00f3by-zostanie-wyemitowany-d\u017awi\u0119k-modulowany-trwaj\u0105cy-trzy-minuty-.png 1414w, https:\/\/tuplice.pl\/wp-content\/uploads\/2023\/03\/W-dniu-23-marca-2023-roku-w-godz.-12.00-12.30-na-terenie-gminy-Tuplice-zostanie-przeprowadzona-g\u0142o\u015bna-pr\u00f3ba-syren-alarmowych.-Podczas-pr\u00f3by-zostanie-wyemitowany-d\u017awi\u0119k-modulowany-trwaj\u0105cy-trzy-minuty--212x300.png 212w, https:\/\/tuplice.pl\/wp-content\/uploads\/2023\/03\/W-dniu-23-marca-2023-roku-w-godz.-12.00-12.30-na-terenie-gminy-Tuplice-zostanie-przeprowadzona-g\u0142o\u015bna-pr\u00f3ba-syren-alarmowych.-Podczas-pr\u00f3by-zostanie-wyemitowany-d\u017awi\u0119k-modulowany-trwaj\u0105cy-trzy-minuty--724x1024.png 724w, https:\/\/tuplice.pl\/wp-content\/uploads\/2023\/03\/W-dniu-23-marca-2023-roku-w-godz.-12.00-12.30-na-terenie-gminy-Tuplice-zostanie-przeprowadzona-g\u0142o\u015bna-pr\u00f3ba-syren-alarmowych.-Podczas-pr\u00f3by-zostanie-wyemitowany-d\u017awi\u0119k-modulowany-trwaj\u0105cy-trzy-minuty--768x1086.png 768w, https:\/\/tuplice.pl\/wp-content\/uploads\/2023\/03\/W-dniu-23-marca-2023-roku-w-godz.-12.00-12.30-na-terenie-gminy-Tuplice-zostanie-przeprowadzona-g\u0142o\u015bna-pr\u00f3ba-syren-alarmowych.-Podczas-pr\u00f3by-zostanie-wyemitowany-d\u017awi\u0119k-modulowany-trwaj\u0105cy-trzy-minuty--1086x1536.png 1086w, https:\/\/tuplice.pl\/wp-content\/uploads\/2023\/03\/W-dniu-23-marca-2023-roku-w-godz.-12.00-12.30-na-terenie-gminy-Tuplice-zostanie-przeprowadzona-g\u0142o\u015bna-pr\u00f3ba-syren-alarmowych.-Podczas-pr\u00f3by-zostanie-wyemitowany-d\u017awi\u0119k-modulowany-trwaj\u0105cy-trzy-minuty--1080x1528.png 1080w, https:\/\/tuplice.pl\/wp-content\/uploads\/2023\/03\/W-dniu-23-marca-2023-roku-w-godz.-12.00-12.30-na-terenie-gminy-Tuplice-zostanie-przeprowadzona-g\u0142o\u015bna-pr\u00f3ba-syren-alarmowych.-Podczas-pr\u00f3by-zostanie-wyemitowany-d\u017awi\u0119k-modulowany-trwaj\u0105cy-trzy-minuty--1280x1810.png 1280w, https:\/\/tuplice.pl\/wp-content\/uploads\/2023\/03\/W-dniu-23-marca-2023-roku-w-godz.-12.00-12.30-na-terenie-gminy-Tuplice-zostanie-przeprowadzona-g\u0142o\u015bna-pr\u00f3ba-syren-alarmowych.-Podczas-pr\u00f3by-zostanie-wyemitowany-d\u017awi\u0119k-modulowany-trwaj\u0105cy-trzy-minuty--980x1386.png 980w, https:\/\/tuplice.pl\/wp-content\/uploads\/2023\/03\/W-dniu-23-marca-2023-roku-w-godz.-12.00-12.30-na-terenie-gminy-Tuplice-zostanie-przeprowadzona-g\u0142o\u015bna-pr\u00f3ba-syren-alarmowych.-Podczas-pr\u00f3by-zostanie-wyemitowany-d\u017awi\u0119k-modulowany-trwaj\u0105cy-trzy-minuty--480x679.png 480w\" sizes=\"(max-width: 1414px) 100vw, 1414px\" \/><\/div>\n","protected":false},"excerpt":{"rendered":"","protected":false},"author":3,"featured_media":4393,"comment_status":"closed","ping_status":"closed","sticky":false,"template":"","format":"standard","meta":{"_et_pb_use_builder":"","_et_pb_old_content":"","_et_gb_content_width":"","_monsterinsights_skip_tracking":false,"_monsterinsights_sitenote_active":false,"_monsterinsights_sitenote_note":"","_monsterinsights_sitenote_category":0},"categories":[82],"tags":[],"aioseo_notices":[],"_links":{"self":[{"href":"https:\/\/tuplice.pl\/index.php\/wp-json\/wp\/v2\/posts\/4691"}],"collection":[{"href":"https:\/\/tuplice.pl\/index.php\/wp-json\/wp\/v2\/posts"}],"about":[{"href":"https:\/\/tuplice.pl\/index.php\/wp-json\/wp\/v2\/types\/post"}],"author":[{"embeddable":true,"href":"https:\/\/tuplice.pl\/index.php\/wp-json\/wp\/v2\/users\/3"}],"replies":[{"embeddable":true,"href":"https:\/\/tuplice.pl\/index.php\/wp-json\/wp\/v2\/comments?post=4691"}],"version-history":[{"count":1,"href":"https:\/\/tuplice.pl\/index.php\/wp-json\/wp\/v2\/posts\/4691\/revisions"}],"predecessor-version":[{"id":4693,"href":"https:\/\/tuplice.pl\/index.php\/wp-json\/wp\/v2\/posts\/4691\/revisions\/4693"}],"wp:featuredmedia":[{"embeddable":true,"href":"https:\/\/tuplice.pl\/index.php\/wp-json\/wp\/v2\/media\/4393"}],"wp:attachment":[{"href":"https:\/\/tuplice.pl\/index.php\/wp-json\/wp\/v2\/media?parent=4691"}],"wp:term":[{"taxonomy":"category","embeddable":true,"href":"https:\/\/tuplice.pl\/index.php\/wp-json\/wp\/v2\/categories?post=4691"},{"taxonomy":"post_tag","embeddable":true,"href":"https:\/\/tuplice.pl\/index.php\/wp-json\/wp\/v2\/tags?post=4691"}],"curies":[{"name":"wp","href":"https:\/\/api.w.org\/{rel}","templated":true}]}}