{"id":4700,"date":"2023-03-27T11:16:46","date_gmt":"2023-03-27T09:16:46","guid":{"rendered":"https:\/\/tuplice.pl\/?p=4700"},"modified":"2023-03-27T11:16:46","modified_gmt":"2023-03-27T09:16:46","slug":"podstawowa-kwota-dotacji-dla-przedszkoli-na-2023","status":"publish","type":"post","link":"https:\/\/tuplice.pl\/index.php\/2023\/03\/27\/podstawowa-kwota-dotacji-dla-przedszkoli-na-2023\/","title":{"rendered":"&#8222;Podstawowa kwota dotacji dla przedszkoli na 2023&#8221;"},"content":{"rendered":"<p style=\"text-align: center;\">\n<table class=\" aligncenter\" width=\"671\">\n<tbody>\n<tr>\n<td colspan=\"4\" width=\"668\"><strong>\u00a0<\/strong><\/p>\n<p><strong>Podstawowa\u00a0 kwota dotacji dla przedszkoli ustalona na podstawie<\/strong><\/p>\n<p><strong>art. 12 ust. 1\u00a0 ustawy z dnia 27 pa\u017adziernika 2017 r.\u00a0 o finansowaniu zada\u0144 o\u015bwiatowych <\/strong><\/p>\n<p><strong>\u00a0<\/strong><\/td>\n<td width=\"3\">&nbsp;<\/td>\n<\/tr>\n<tr>\n<td width=\"27\">1.<\/td>\n<td colspan=\"2\" width=\"540\">Kwota wydatk\u00f3w bie\u017c\u0105cych, zaplanowanych na rok 2023 na prowadzenie przez Gmin\u0119 Tuplice. przedszkoli, z wy\u0142\u0105czeniem przedszkoli specjalnych i przedszkoli,\u00a0 w kt\u00f3rych zaplanowane wydatki bie\u017c\u0105ce finansowane z udzia\u0142em \u015brodk\u00f3w pochodz\u0105cych z bud\u017cetu Unii Europejskiej przekraczaj\u0105 50% ich zaplanowanych wydatk\u00f3w bie\u017c\u0105cych.<\/td>\n<td width=\"100\">1\u00a0642 040<\/td>\n<td width=\"3\">&nbsp;<\/td>\n<\/tr>\n<tr>\n<td rowspan=\"9\" width=\"27\">2.<\/td>\n<td rowspan=\"9\" width=\"96\">pomniejszona o:<\/td>\n<td width=\"444\">1) zaplanowane na rok 2023 w bud\u017cecie Gminy Tuplice op\u0142aty za korzystanie z wychowania przedszkolnego w tych przedszkolach, stanowi\u0105ce dochody bud\u017cetu Gminy Tuplice;<\/td>\n<td width=\"100\">12 000<\/td>\n<td width=\"3\">&nbsp;<\/td>\n<\/tr>\n<tr>\n<td width=\"444\">2) zaplanowane na rok 2023. w bud\u017cecie \u00a0Gminy Tuplice \u00a0op\u0142aty za wy\u017cywienie<br \/>\nw tych przedszkolach, stanowi\u0105ce dochody bud\u017cetu \u00a0Gminy Tuplice ;<\/td>\n<td width=\"100\">120 000<\/td>\n<td width=\"3\">&nbsp;<\/td>\n<\/tr>\n<tr>\n<td width=\"444\">3) sum\u0119 iloczyn\u00f3w odpowiednich kwot przewidzianych na rok bud\u017cetowy w cz\u0119\u015bci o\u015bwiatowej subwencji og\u00f3lnej dla 2023. na uczni\u00f3w niepe\u0142nosprawnych<br \/>\nz danymi rodzajami niepe\u0142nosprawno\u015bci w przedszkolach oraz statystycznej liczby uczni\u00f3w niepe\u0142nosprawnych z danymi rodzajami niepe\u0142nosprawno\u015bci w tych przedszkolach;<\/td>\n<td width=\"100\">\u00a0 20 754,33<\/td>\n<td width=\"3\">&nbsp;<\/td>\n<\/tr>\n<tr>\n<td width=\"444\">4) zaplanowane na rok 2023 w bud\u017cecie Gminy Tuplice wydatki bie\u017c\u0105ce finansowane z udzia\u0142em \u015brodk\u00f3w pochodz\u0105cych z bud\u017cetu Unii Europejskiej na prowadzenie tych przedszkoli;<\/td>\n<td width=\"100\">0<\/td>\n<td width=\"3\">&nbsp;<\/td>\n<\/tr>\n<tr>\n<td width=\"444\">5) iloczyn kwoty przewidzianej na rok bud\u017cetowy w cz\u0119\u015bci o\u015bwiatowej subwencji og\u00f3lnej dla 2023 na dziecko obj\u0119te wczesnym wspomaganiem rozwoju<br \/>\nw przedszkolu oraz statystycznej liczby dzieci obj\u0119tych wczesnym wspomaganiem rozwoju w tych przedszkolach;<\/td>\n<td rowspan=\"2\" width=\"100\">0<\/td>\n<td width=\"3\">&nbsp;<\/td>\n<\/tr>\n<tr>\n<td width=\"444\">Statystyczna liczba dzieci obj\u0119tych wczesnym wspomaganiem rozwoju ustalona zgodnie art. 11 ustawy o finansowaniu zada\u0144 o\u015bwiatowych\u00a0 wynosi \u00a0&#8230;&#8230;&#8230;&#8230;&#8230;&#8230;&#8230;<\/td>\n<td width=\"3\">&nbsp;<\/td>\n<\/tr>\n<tr>\n<td width=\"444\">6) iloczyn kwoty przewidzianej na rok bud\u017cetowy w cz\u0119\u015bci o\u015bwiatowej subwencji og\u00f3lnej dla 2023 na uczestnika zaj\u0119\u0107 rewalidacyjno-wychowawczych<br \/>\nw przedszkolu oraz statystycznej liczby uczestnik\u00f3w zaj\u0119\u0107 rewalidacyjno-wychowawczych w tych przedszkolach;<\/td>\n<td rowspan=\"2\" width=\"100\">0<\/td>\n<td width=\"3\">&nbsp;<\/td>\n<\/tr>\n<tr>\n<td width=\"444\">statystyczna liczba uczestnik\u00f3w zaj\u0119\u0107 rewalidacyjno-wychowawczych ustalona zgodnie art. 11 ustawy o finansowaniu zada\u0144 o\u015bwiatowych\u00a0 wynosi &#8230;&#8230;&#8230;&#8230;&#8230;&#8230;&#8230;<\/td>\n<td width=\"3\">&nbsp;<\/td>\n<\/tr>\n<tr>\n<td width=\"444\">7) zaplanowane na rok 2023 w bud\u017cecie Gminy Tuplice wydatki bie\u017c\u0105ce na realizacj\u0119 program\u00f3w rz\u0105dowych, o kt\u00f3rych mowa w art. 90u ust. 1 ustawy z dnia 7 wrze\u015bnia 1991 r. o systemie o\u015bwiaty, zwanej dalej \u201eustaw\u0105 o systemie o\u015bwiaty\u201d, w tych przedszkolach.<\/td>\n<td width=\"100\">0<\/td>\n<td width=\"3\">&nbsp;<\/td>\n<\/tr>\n<tr>\n<td width=\"27\">3.<\/td>\n<td colspan=\"2\" width=\"540\">Kwota wydatk\u00f3w bie\u017c\u0105cych (wiersz 1) pomniejszona o sum\u0119 kwot do pomniejszenia (wiersz 2).<\/td>\n<td width=\"100\">1\u00a0489 285,67<\/td>\n<td width=\"3\">&nbsp;<\/td>\n<\/tr>\n<tr>\n<td width=\"27\">4.<\/td>\n<td colspan=\"2\" width=\"540\">Statystyczna liczba uczni\u00f3w\u00a0 w tych przedszkolach\u00a0 pomniejszona o statystyczn\u0105 liczb\u0119\u00a0 uczni\u00f3w niepe\u0142nosprawnych w tych przedszkolach, ustalona zgodnie z art. 11 ustawy o finansowaniu zada\u0144 o\u015bwiatowych.<\/td>\n<td width=\"100\">84<\/td>\n<td width=\"3\">&nbsp;<\/td>\n<\/tr>\n<tr>\n<td width=\"27\"><strong>5.<\/strong><\/td>\n<td colspan=\"2\" width=\"540\"><strong>Podstawowa kwota dotacji\u00a0 dla przedszkoli\u00a0\u00a0 Gminy Tuplice<\/strong><\/p>\n<p>Iloraz wydatk\u00f3w bie\u017c\u0105cych po pomniejszeniu\u00a0 (wiersz 3) i statystycznej liczby uczni\u00f3w (wiersz 4)<\/td>\n<td width=\"100\"><strong>17 729,59<\/strong><\/td>\n<td width=\"3\"><strong>\u00a0<\/strong><\/td>\n<\/tr>\n<\/tbody>\n<\/table>\n<p>&nbsp;<\/p>\n<p>&nbsp;<\/p>\n<p>&nbsp;<\/p>\n<p>&nbsp;<\/p>\n<p>&nbsp;<\/p>\n<p>&nbsp;<\/p>\n","protected":false},"excerpt":{"rendered":"<p>\u00a0 Podstawowa\u00a0 kwota dotacji dla przedszkoli ustalona na podstawie art. 12 ust. 1\u00a0 ustawy z dnia 27 pa\u017adziernika 2017 r.\u00a0 o finansowaniu zada\u0144 o\u015bwiatowych \u00a0 &nbsp; 1. Kwota wydatk\u00f3w bie\u017c\u0105cych, zaplanowanych na rok 2023 na prowadzenie przez Gmin\u0119 Tuplice. przedszkoli, z wy\u0142\u0105czeniem przedszkoli specjalnych i przedszkoli,\u00a0 w kt\u00f3rych zaplanowane wydatki bie\u017c\u0105ce finansowane z udzia\u0142em \u015brodk\u00f3w [&hellip;]<\/p>\n","protected":false},"author":3,"featured_media":3781,"comment_status":"closed","ping_status":"closed","sticky":false,"template":"","format":"standard","meta":{"_et_pb_use_builder":"","_et_pb_old_content":"","_et_gb_content_width":"","_monsterinsights_skip_tracking":false,"_monsterinsights_sitenote_active":false,"_monsterinsights_sitenote_note":"","_monsterinsights_sitenote_category":0},"categories":[82],"tags":[],"aioseo_notices":[],"_links":{"self":[{"href":"https:\/\/tuplice.pl\/index.php\/wp-json\/wp\/v2\/posts\/4700"}],"collection":[{"href":"https:\/\/tuplice.pl\/index.php\/wp-json\/wp\/v2\/posts"}],"about":[{"href":"https:\/\/tuplice.pl\/index.php\/wp-json\/wp\/v2\/types\/post"}],"author":[{"embeddable":true,"href":"https:\/\/tuplice.pl\/index.php\/wp-json\/wp\/v2\/users\/3"}],"replies":[{"embeddable":true,"href":"https:\/\/tuplice.pl\/index.php\/wp-json\/wp\/v2\/comments?post=4700"}],"version-history":[{"count":1,"href":"https:\/\/tuplice.pl\/index.php\/wp-json\/wp\/v2\/posts\/4700\/revisions"}],"predecessor-version":[{"id":4701,"href":"https:\/\/tuplice.pl\/index.php\/wp-json\/wp\/v2\/posts\/4700\/revisions\/4701"}],"wp:featuredmedia":[{"embeddable":true,"href":"https:\/\/tuplice.pl\/index.php\/wp-json\/wp\/v2\/media\/3781"}],"wp:attachment":[{"href":"https:\/\/tuplice.pl\/index.php\/wp-json\/wp\/v2\/media?parent=4700"}],"wp:term":[{"taxonomy":"category","embeddable":true,"href":"https:\/\/tuplice.pl\/index.php\/wp-json\/wp\/v2\/categories?post=4700"},{"taxonomy":"post_tag","embeddable":true,"href":"https:\/\/tuplice.pl\/index.php\/wp-json\/wp\/v2\/tags?post=4700"}],"curies":[{"name":"wp","href":"https:\/\/api.w.org\/{rel}","templated":true}]}}