{"id":4736,"date":"2023-05-17T13:38:16","date_gmt":"2023-05-17T11:38:16","guid":{"rendered":"https:\/\/tuplice.pl\/?p=4736"},"modified":"2023-05-17T13:39:17","modified_gmt":"2023-05-17T11:39:17","slug":"odbior-odpadow-wielkogabarytowych-informujemy-ze-odbior-odpadow-wielkogabarytowych-na-terenie-gminy-tuplice-odbedzie-sie-zgodnie-z-ponizszym-harmonogramem","status":"publish","type":"post","link":"https:\/\/tuplice.pl\/index.php\/2023\/05\/17\/odbior-odpadow-wielkogabarytowych-informujemy-ze-odbior-odpadow-wielkogabarytowych-na-terenie-gminy-tuplice-odbedzie-sie-zgodnie-z-ponizszym-harmonogramem\/","title":{"rendered":"Informujemy, \u017ce odbi\u00f3r odpad\u00f3w wielkogabarytowych na terenie Gminy Tuplice odb\u0119dzie si\u0119 zgodnie z poni\u017cszym harmonogramem"},"content":{"rendered":"<div class=\"wp-block-image\"><img decoding=\"async\" loading=\"lazy\" class=\"aligncenter size-full wp-image-4737\" src=\"https:\/\/tuplice.pl\/wp-content\/uploads\/2023\/05\/UWAGA-ODBIOR-ODPADOW-WIELKOGABARYTOWYCH-Informujemy-ze-odbior-odpadow-wielkogabarytowych-na-terenie-Gminy-Tuplice-odbedzie-sie-zgodnie-z-ponizszym-harmonogramem-Rejon-1\u2013-Tuplice-w-dniu-28.08.2023-r.-Rejon.png\" alt=\"\" width=\"1748\" height=\"1240\" srcset=\"https:\/\/tuplice.pl\/wp-content\/uploads\/2023\/05\/UWAGA-ODBIOR-ODPADOW-WIELKOGABARYTOWYCH-Informujemy-ze-odbior-odpadow-wielkogabarytowych-na-terenie-Gminy-Tuplice-odbedzie-sie-zgodnie-z-ponizszym-harmonogramem-Rejon-1\u2013-Tuplice-w-dniu-28.08.2023-r.-Rejon.png 1748w, https:\/\/tuplice.pl\/wp-content\/uploads\/2023\/05\/UWAGA-ODBIOR-ODPADOW-WIELKOGABARYTOWYCH-Informujemy-ze-odbior-odpadow-wielkogabarytowych-na-terenie-Gminy-Tuplice-odbedzie-sie-zgodnie-z-ponizszym-harmonogramem-Rejon-1\u2013-Tuplice-w-dniu-28.08.2023-r.-Rejon-300x213.png 300w, https:\/\/tuplice.pl\/wp-content\/uploads\/2023\/05\/UWAGA-ODBIOR-ODPADOW-WIELKOGABARYTOWYCH-Informujemy-ze-odbior-odpadow-wielkogabarytowych-na-terenie-Gminy-Tuplice-odbedzie-sie-zgodnie-z-ponizszym-harmonogramem-Rejon-1\u2013-Tuplice-w-dniu-28.08.2023-r.-Rejon-1024x726.png 1024w, https:\/\/tuplice.pl\/wp-content\/uploads\/2023\/05\/UWAGA-ODBIOR-ODPADOW-WIELKOGABARYTOWYCH-Informujemy-ze-odbior-odpadow-wielkogabarytowych-na-terenie-Gminy-Tuplice-odbedzie-sie-zgodnie-z-ponizszym-harmonogramem-Rejon-1\u2013-Tuplice-w-dniu-28.08.2023-r.-Rejon-768x545.png 768w, https:\/\/tuplice.pl\/wp-content\/uploads\/2023\/05\/UWAGA-ODBIOR-ODPADOW-WIELKOGABARYTOWYCH-Informujemy-ze-odbior-odpadow-wielkogabarytowych-na-terenie-Gminy-Tuplice-odbedzie-sie-zgodnie-z-ponizszym-harmonogramem-Rejon-1\u2013-Tuplice-w-dniu-28.08.2023-r.-Rejon-1536x1090.png 1536w, https:\/\/tuplice.pl\/wp-content\/uploads\/2023\/05\/UWAGA-ODBIOR-ODPADOW-WIELKOGABARYTOWYCH-Informujemy-ze-odbior-odpadow-wielkogabarytowych-na-terenie-Gminy-Tuplice-odbedzie-sie-zgodnie-z-ponizszym-harmonogramem-Rejon-1\u2013-Tuplice-w-dniu-28.08.2023-r.-Rejon-400x284.png 400w, https:\/\/tuplice.pl\/wp-content\/uploads\/2023\/05\/UWAGA-ODBIOR-ODPADOW-WIELKOGABARYTOWYCH-Informujemy-ze-odbior-odpadow-wielkogabarytowych-na-terenie-Gminy-Tuplice-odbedzie-sie-zgodnie-z-ponizszym-harmonogramem-Rejon-1\u2013-Tuplice-w-dniu-28.08.2023-r.-Rejon-1080x766.png 1080w, https:\/\/tuplice.pl\/wp-content\/uploads\/2023\/05\/UWAGA-ODBIOR-ODPADOW-WIELKOGABARYTOWYCH-Informujemy-ze-odbior-odpadow-wielkogabarytowych-na-terenie-Gminy-Tuplice-odbedzie-sie-zgodnie-z-ponizszym-harmonogramem-Rejon-1\u2013-Tuplice-w-dniu-28.08.2023-r.-Rejon-1280x908.png 1280w, https:\/\/tuplice.pl\/wp-content\/uploads\/2023\/05\/UWAGA-ODBIOR-ODPADOW-WIELKOGABARYTOWYCH-Informujemy-ze-odbior-odpadow-wielkogabarytowych-na-terenie-Gminy-Tuplice-odbedzie-sie-zgodnie-z-ponizszym-harmonogramem-Rejon-1\u2013-Tuplice-w-dniu-28.08.2023-r.-Rejon-980x695.png 980w, https:\/\/tuplice.pl\/wp-content\/uploads\/2023\/05\/UWAGA-ODBIOR-ODPADOW-WIELKOGABARYTOWYCH-Informujemy-ze-odbior-odpadow-wielkogabarytowych-na-terenie-Gminy-Tuplice-odbedzie-sie-zgodnie-z-ponizszym-harmonogramem-Rejon-1\u2013-Tuplice-w-dniu-28.08.2023-r.-Rejon-480x341.png 480w\" sizes=\"(max-width: 1748px) 100vw, 1748px\" \/><\/div>\n","protected":false},"excerpt":{"rendered":"","protected":false},"author":3,"featured_media":4738,"comment_status":"closed","ping_status":"closed","sticky":false,"template":"","format":"standard","meta":{"_et_pb_use_builder":"","_et_pb_old_content":"","_et_gb_content_width":"","_monsterinsights_skip_tracking":false,"_monsterinsights_sitenote_active":false,"_monsterinsights_sitenote_note":"","_monsterinsights_sitenote_category":0},"categories":[82],"tags":[],"aioseo_notices":[],"_links":{"self":[{"href":"https:\/\/tuplice.pl\/index.php\/wp-json\/wp\/v2\/posts\/4736"}],"collection":[{"href":"https:\/\/tuplice.pl\/index.php\/wp-json\/wp\/v2\/posts"}],"about":[{"href":"https:\/\/tuplice.pl\/index.php\/wp-json\/wp\/v2\/types\/post"}],"author":[{"embeddable":true,"href":"https:\/\/tuplice.pl\/index.php\/wp-json\/wp\/v2\/users\/3"}],"replies":[{"embeddable":true,"href":"https:\/\/tuplice.pl\/index.php\/wp-json\/wp\/v2\/comments?post=4736"}],"version-history":[{"count":2,"href":"https:\/\/tuplice.pl\/index.php\/wp-json\/wp\/v2\/posts\/4736\/revisions"}],"predecessor-version":[{"id":4740,"href":"https:\/\/tuplice.pl\/index.php\/wp-json\/wp\/v2\/posts\/4736\/revisions\/4740"}],"wp:featuredmedia":[{"embeddable":true,"href":"https:\/\/tuplice.pl\/index.php\/wp-json\/wp\/v2\/media\/4738"}],"wp:attachment":[{"href":"https:\/\/tuplice.pl\/index.php\/wp-json\/wp\/v2\/media?parent=4736"}],"wp:term":[{"taxonomy":"category","embeddable":true,"href":"https:\/\/tuplice.pl\/index.php\/wp-json\/wp\/v2\/categories?post=4736"},{"taxonomy":"post_tag","embeddable":true,"href":"https:\/\/tuplice.pl\/index.php\/wp-json\/wp\/v2\/tags?post=4736"}],"curies":[{"name":"wp","href":"https:\/\/api.w.org\/{rel}","templated":true}]}}