{"id":5022,"date":"2024-03-12T09:47:57","date_gmt":"2024-03-12T08:47:57","guid":{"rendered":"https:\/\/tuplice.pl\/?p=5022"},"modified":"2024-03-12T09:47:57","modified_gmt":"2024-03-12T08:47:57","slug":"trwa-nabor-uzupelniajacy-doradczyn-i-doradcow-na-wasze-zgloszenia-czekamy-do-31-03-2024-r","status":"publish","type":"post","link":"https:\/\/tuplice.pl\/index.php\/2024\/03\/12\/trwa-nabor-uzupelniajacy-doradczyn-i-doradcow-na-wasze-zgloszenia-czekamy-do-31-03-2024-r\/","title":{"rendered":"Trwa NAB\u00d3R UZUPE\u0141NIAJ\u0104CY doradczy\u0144 i doradc\u00f3w &#8211; na Wasze zg\u0142oszenia czekamy do 31.03.2024 r."},"content":{"rendered":"<div>\n<p dir=\"ltr\"><span style=\"font-family: arial, sans-serif;\"><b>Szukamy os\u00f3b, kt\u00f3re:<\/b><\/span><\/p>\n<ul>\n<li dir=\"ltr\">\n<p dir=\"ltr\" role=\"presentation\"><span style=\"font-family: arial, sans-serif;\">maj\u0105 w sobie pasj\u0119, wra\u017cliwo\u015b\u0107 i podstawow\u0105 wiedz\u0119 z zakresu ochrony \u015brodowiska;<\/span><\/p>\n<\/li>\n<li dir=\"ltr\">\n<p dir=\"ltr\" role=\"presentation\"><span style=\"font-family: arial, sans-serif;\">wiedz\u0105 jak realizowa\u0107 projekty spo\u0142eczne i inwestycyjne oraz sk\u0105d pozyskiwa\u0107 na nie fundusze, w tym tak\u017ce posiadaj\u0105 podstawow\u0105 wiedz\u0119 z zakresu struktury pozyskiwania funduszy europejskich w ramach nowej perspektywy finansowej;<\/span><\/p>\n<\/li>\n<li dir=\"ltr\">\n<p dir=\"ltr\" role=\"presentation\"><span style=\"font-family: arial, sans-serif;\">wierz\u0105, \u017ce mieszka\u0144cy oraz organizacje spo\u0142eczne powinny uczestniczy\u0107 w procesach podejmowania decyzji dotycz\u0105cych dobra wsp\u00f3lnego, w spos\u00f3b szczeg\u00f3lny zwi\u0105zanych z ochron\u0105 \u015brodowiska i klimatu;<\/span><\/p>\n<\/li>\n<li dir=\"ltr\">\n<p dir=\"ltr\" role=\"presentation\"><span style=\"font-family: arial, sans-serif;\">posiadaj\u0105 kompetencje do tego, aby wspiera\u0107 i doradza\u0107 innym organizacjom spo\u0142ecznym oraz samorz\u0105dom;<\/span><\/p>\n<\/li>\n<li dir=\"ltr\">\n<p dir=\"ltr\" role=\"presentation\"><span style=\"font-family: arial, sans-serif;\">wsp\u00f3\u0142pracuj\u0105 z szerokim gronem obywateli, organizacji i samorz\u0105d\u00f3w, kt\u00f3re to dzia\u0142anie mo\u017ce zosta\u0107 poparte ich rekomendacj\u0105;<\/span><\/p>\n<\/li>\n<li dir=\"ltr\">\n<p dir=\"ltr\" role=\"presentation\"><span style=\"font-family: arial, sans-serif;\">dzia\u0142aj\u0105 na obszarze co najmniej jednego z wojew\u00f3dztw: opolskie, \u015bwi\u0119tokrzyskie, kujawsko-pomorskie, podlaskie, ma\u0142opolskie, lubuskie, zachodniopomorskie, \u015bl\u0105skie, mazowieckie, lubelskie, pomorskie i podkarpackie.<\/span><\/p>\n<\/li>\n<\/ul>\n<p dir=\"ltr\"><span style=\"font-family: arial, sans-serif;\">Do udzia\u0142u w projekcie zakwalifikujemy co najmniej 15 os\u00f3b (ze wskazanych wy\u017cej wojew\u00f3dztw). Dla uczestniczek i uczestnik\u00f3w zaplanowali\u015bmy wynagrodzenie za zrealizowane wsparcie doradcze oraz organizacj\u0119 spotka\u0144 nt. dost\u0119pnych funduszy.<\/span><\/p>\n<p dir=\"ltr\"><span style=\"font-family: arial, sans-serif;\"><b>Co czeka uczestniczki i uczestnik\u00f3w?<\/b><\/span><\/p>\n<ul>\n<li dir=\"ltr\">\n<p dir=\"ltr\" role=\"presentation\"><span style=\"font-family: arial, sans-serif;\">udzia\u0142 w 2 zjazdach szkoleniowych trwaj\u0105cych 3 dni (czerwiec i pa\u017adziernik 2024) oraz w 1 zje\u017adzie Sieci Doradc\u00f3w &#8211; Fundusze dla Klimatu (III kwarta\u0142 2025);<\/span><\/p>\n<\/li>\n<li dir=\"ltr\">\n<p dir=\"ltr\" role=\"presentation\"><span style=\"font-family: arial, sans-serif;\">wizyty studyjne, czyli poznanie dobrych i z\u0142ych praktyk z zakresu ochrony \u015brodowiska;<\/span><\/p>\n<\/li>\n<li dir=\"ltr\">\n<p dir=\"ltr\" role=\"presentation\"><span style=\"font-family: arial, sans-serif;\">webinaria edukacyjne oraz kurs e-learningowy wprowadzaj\u0105cy do tematyki zmian klimatu, ochrony \u015brodowiska i zr\u00f3wnowa\u017conego rozwoju;<\/span><\/p>\n<\/li>\n<li dir=\"ltr\">\n<p dir=\"ltr\" role=\"presentation\"><span style=\"font-family: arial, sans-serif;\">wymiana do\u015bwiadcze\u0144 dzi\u0119ki spotkaniom indywidualnym oraz grupowym z innymi doradczyniami i doradcami Sieci Doradc\u00f3w &#8211; Fundusze dla Klimatu;<\/span><\/p>\n<\/li>\n<li dir=\"ltr\">\n<p dir=\"ltr\" role=\"presentation\"><span style=\"font-family: arial, sans-serif;\">wsparcie ekspertek i ekspert\u00f3w z zakresu m.in. zr\u00f3wnowa\u017conego rozwoju, planowania strategicznego;<\/span><\/p>\n<\/li>\n<li dir=\"ltr\">\n<p dir=\"ltr\" role=\"presentation\"><span style=\"font-family: arial, sans-serif;\">minimum 40 godzin pracy doradczej wspieraj\u0105cej minimum 3 spo\u0142eczno\u015bci lokalne (organizacje oraz partnerstwa organizacji i instytucji samorz\u0105dowych) w trakcie aplikowania o fundusze europejskie na ochron\u0119 \u015brodowiska (tu przewidujemy wynagrodzenie w kwocie 5000 z\u0142);<\/span><\/p>\n<\/li>\n<li dir=\"ltr\">\n<p dir=\"ltr\" role=\"presentation\"><span style=\"font-family: arial, sans-serif;\">udzia\u0142 w spotkaniach sieciuj\u0105cych oraz ich wsp\u00f3\u0142organizowanie.<\/span><\/p>\n<\/li>\n<\/ul>\n<p dir=\"ltr\"><span style=\"font-family: arial, sans-serif;\"><b>Trzon merytoryczny programu tworz\u0105 tematy:<\/b>\u00a0struktura funduszy europejskich; Zr\u00f3wnowa\u017cony rozw\u00f3j &#8211; zagadnienia zwi\u0105zane z zasad\u0105 horyzontaln\u0105; Strategia UE Europejski Zielony \u0141ad; Sprawiedliwa Transformacja; Planowanie strategiczne na poziomie lokalnym i budowanie partnerstw; Programy regionalne i krajowe; Fundusze Europejskie na Infrastruktur\u0119; Klimat i \u015arodowisko; Europejski Pakt na rzecz Klimatu; Pakiet Fit for 55; dob\u00f3r \u017ar\u00f3de\u0142 finansowania do potrzeb spo\u0142eczno\u015bci lokalnej.<\/span><\/p>\n<p dir=\"ltr\"><span style=\"font-family: arial, sans-serif;\"><b>Jakie s\u0105 koszty uczestnictwa?\u00a0<\/b><\/span>Udzia\u0142 w projekcie jest bezp\u0142atny, jednak nie zwracamy koszt\u00f3w dojazd\u00f3w. Uczestniczkom i uczestnikom op\u0142acamy podczas zjazd\u00f3w: wiedz\u0119, udzia\u0142 w wizycie studyjnej oraz materia\u0142y szkoleniowe, miejsca noclegowe, wy\u017cywienie.Dojazd na spotkania i zjazdy uczestniczki i uczestnicy pokrywaj\u0105 indywidualnie. Inauguracja, webinaria oraz spotkania sieciuj\u0105ce b\u0119dziemy organizowa\u0107 na platformie ZOOM\/Google Meet, a materia\u0142y szkoleniowe prze\u015blemy poczt\u0105 elektroniczn\u0105.<\/p>\n<p dir=\"ltr\"><span style=\"font-family: arial, sans-serif;\"><b>Jak si\u0119 zg\u0142osi\u0107?\u00a0<\/b><\/span>Nale\u017cy wype\u0142ni\u0107 i wys\u0142a\u0107 online formularz rekrutacyjny, kt\u00f3ry dost\u0119pny jest\u00a0<a href=\"https:\/\/forms.gle\/BZeWkTPYDk65ceUN7\" target=\"_blank\" rel=\"noopener\">TUTAJ<\/a>. Formularz jest aktywny do 31.03.2024 r. w\u0142\u0105cznie.<\/p>\n<p dir=\"ltr\"><span style=\"font-family: arial, sans-serif;\"><b>Chcesz wiedzie\u0107 wi\u0119cej?\u00a0<\/b><\/span>Zapraszamy na spotkania informacyjne online \u201cFundusze dla klimatu &#8211; Sie\u0107 Doradc\u00f3w NGO\u201d, kt\u00f3re odb\u0119d\u0105 si\u0119 w nast\u0119puj\u0105cych terminach:<\/p>\n<ul>\n<li dir=\"ltr\">\n<p dir=\"ltr\" role=\"presentation\"><span style=\"font-family: arial, sans-serif;\">19.03.2024 (wtorek) godz. 18.00-19.00 &#8211;\u00a0<a href=\"https:\/\/forms.gle\/HDPs9YNGokbairf56\" target=\"_blank\" rel=\"noopener\">ZAPISY TUTAJ<\/a><\/span><\/p>\n<\/li>\n<\/ul>\n<p dir=\"ltr\"><span style=\"font-family: arial, sans-serif;\">Aby uczestniczy\u0107 w spotkaniu nale\u017cy wype\u0142ni\u0107 formularz spotkania. Link do spotkania prze\u015blemy w dniu spotkania. B\u0119dziemy czeka\u0107 na Ciebie na platformie ZOOM.<\/span><\/p>\n<p dir=\"ltr\"><span style=\"font-family: arial, sans-serif;\"><b>Kontakt:\u00a0<\/b><\/span>Je\u015bli co\u015b jest niejasne lub wymaga uzupe\u0142nienia informacji prosimy o kontakt na adres e-mail:\u00a0<a href=\"mailto:funduszedlaklimatu@ofop.eu\" target=\"_blank\" rel=\"noopener\">funduszedlaklimatu@ofop.eu<\/a><\/p>\n<p dir=\"ltr\"><b>Szczeg\u00f3\u0142y na stronie:\u00a0<a href=\"http:\/\/www.ofop.eu\/funduszedlaklimatu\/\" target=\"_blank\" rel=\"noopener\">www.ofop.eu\/funduszedlaklimatu\/<\/a><\/b><\/p>\n<p dir=\"ltr\"><span style=\"font-family: arial, sans-serif;\">Fundusze dla klimatu \u2013 Sie\u0107 Doradc\u00f3w NGO to projekt szkoleniowo-doradczy realizowany przez Og\u00f3lnopolsk\u0105 Federacj\u0119 Organizacji Pozarz\u0105dowych (OFOP) przy wsp\u00f3\u0142pracy Fundacji Sendzimira w ramach programu \u201eZielony Lider\u201d ze \u015brodk\u00f3w Polsko-Ameryka\u0144skiej Fundacji Wolno\u015bci.<\/span><\/p>\n<\/div>\n<div><\/div>\n<div><\/div>\n<div><\/div>\n<div><\/div>\n<div><\/div>\n","protected":false},"excerpt":{"rendered":"<p>Szukamy os\u00f3b, kt\u00f3re: maj\u0105 w sobie pasj\u0119, wra\u017cliwo\u015b\u0107 i podstawow\u0105 wiedz\u0119 z zakresu ochrony \u015brodowiska; wiedz\u0105 jak realizowa\u0107 projekty spo\u0142eczne i inwestycyjne oraz sk\u0105d pozyskiwa\u0107 na nie fundusze, w tym tak\u017ce posiadaj\u0105 podstawow\u0105 wiedz\u0119 z zakresu struktury pozyskiwania funduszy europejskich w ramach nowej perspektywy finansowej; wierz\u0105, \u017ce mieszka\u0144cy oraz organizacje spo\u0142eczne powinny uczestniczy\u0107 w procesach [&hellip;]<\/p>\n","protected":false},"author":3,"featured_media":5023,"comment_status":"closed","ping_status":"closed","sticky":false,"template":"","format":"standard","meta":{"_et_pb_use_builder":"","_et_pb_old_content":"","_et_gb_content_width":"","_monsterinsights_skip_tracking":false,"_monsterinsights_sitenote_active":false,"_monsterinsights_sitenote_note":"","_monsterinsights_sitenote_category":0},"categories":[82],"tags":[],"aioseo_notices":[],"_links":{"self":[{"href":"https:\/\/tuplice.pl\/index.php\/wp-json\/wp\/v2\/posts\/5022"}],"collection":[{"href":"https:\/\/tuplice.pl\/index.php\/wp-json\/wp\/v2\/posts"}],"about":[{"href":"https:\/\/tuplice.pl\/index.php\/wp-json\/wp\/v2\/types\/post"}],"author":[{"embeddable":true,"href":"https:\/\/tuplice.pl\/index.php\/wp-json\/wp\/v2\/users\/3"}],"replies":[{"embeddable":true,"href":"https:\/\/tuplice.pl\/index.php\/wp-json\/wp\/v2\/comments?post=5022"}],"version-history":[{"count":1,"href":"https:\/\/tuplice.pl\/index.php\/wp-json\/wp\/v2\/posts\/5022\/revisions"}],"predecessor-version":[{"id":5024,"href":"https:\/\/tuplice.pl\/index.php\/wp-json\/wp\/v2\/posts\/5022\/revisions\/5024"}],"wp:featuredmedia":[{"embeddable":true,"href":"https:\/\/tuplice.pl\/index.php\/wp-json\/wp\/v2\/media\/5023"}],"wp:attachment":[{"href":"https:\/\/tuplice.pl\/index.php\/wp-json\/wp\/v2\/media?parent=5022"}],"wp:term":[{"taxonomy":"category","embeddable":true,"href":"https:\/\/tuplice.pl\/index.php\/wp-json\/wp\/v2\/categories?post=5022"},{"taxonomy":"post_tag","embeddable":true,"href":"https:\/\/tuplice.pl\/index.php\/wp-json\/wp\/v2\/tags?post=5022"}],"curies":[{"name":"wp","href":"https:\/\/api.w.org\/{rel}","templated":true}]}}