{"id":6100,"date":"2024-07-31T22:20:02","date_gmt":"2024-07-31T20:20:02","guid":{"rendered":"https:\/\/tuplice.pl\/?p=6100"},"modified":"2024-07-31T22:20:02","modified_gmt":"2024-07-31T20:20:02","slug":"asystent-osobisty-osoby-z-niepelnosprawnoscia-edycja-2025","status":"publish","type":"post","link":"https:\/\/tuplice.pl\/index.php\/2024\/07\/31\/asystent-osobisty-osoby-z-niepelnosprawnoscia-edycja-2025\/","title":{"rendered":"ASYSTENT OSOBISTY OSOBY Z NIEPE\u0141NOSPRAWNO\u015aCI\u0104 &#8211; EDYCJA 2025"},"content":{"rendered":"<div class=\"aktualnosci-tresc\">\n<p>W zwi\u0105zku z\u00a0mo\u017cliwo\u015bci\u0105 aplikowania o\u00a0\u015brodki z\u00a0Programu \u201eAsystent osobisty osoby z\u00a0niepe\u0142nosprawno\u015bci\u0105\u201d \u2013 edycja 2025, realizowanego ze\u00a0\u015brodk\u00f3w Funduszu Solidarno\u015bciowego, O\u015brodek Pomocy Spo\u0142ecznej w\u00a0Tuplicach prosi o\u00a0kontakt osoby zainteresowane uzyskaniem wsparcia.<\/p>\n<p>G\u0142\u00f3wnym celem Programu jest wprowadzenie us\u0142ug asystencji osobistej jako formy og\u00f3lnodost\u0119pnego wsparcia w\u00a0wykonywaniu codziennych czynno\u015bci oraz funkcjonowaniu w\u00a0\u017cyciu spo\u0142ecznym, kt\u00f3rych adresatami s\u0105:<\/p>\n<ul>\n<li>dzieci od uko\u0144czenia 2 roku \u017cycia do uko\u0144czenia 16. roku \u017cycia z\u00a0orzeczeniem o\u00a0niepe\u0142nosprawno\u015bci \u0142\u0105cznie ze\u00a0wskazaniami w\u00a0pkt 7 i\u00a08 w\u00a0orzeczeniu o\u00a0niepe\u0142nosprawno\u015bci &#8211; konieczno\u015bci sta\u0142ej lub d\u0142ugotrwa\u0142ej opieki lub pomocy innej osoby w\u00a0zwi\u0105zku ze\u00a0znacznie ograniczon\u0105 mo\u017cliwo\u015bci\u0105 samodzielnej egzystencji oraz konieczno\u015bci sta\u0142ego wsp\u00f3\u0142udzia\u0142u na co dzie\u0144 opiekuna dziecka w\u00a0procesie jego leczenia, rehabilitacji i\u00a0edukacji oraz<\/li>\n<li>osoby z\u00a0niepe\u0142nosprawno\u015bciami posiadaj\u0105ce orzeczenie:<\/li>\n<\/ul>\n<p>a\/ o\u00a0znacznym stopniu niepe\u0142nosprawno\u015bci albo<\/p>\n<p>b\/ o\u00a0umiarkowanym stopniu niepe\u0142nosprawno\u015bci albo<\/p>\n<p>c\/ traktowane na r\u00f3wni z\u00a0orzeczeniami wymienionymi w\u00a0lit. a\u00a0i b, zgodnie z\u00a0art.. 5 i\u00a0art. 62 ustawy z\u00a0dnia 27 sierpnia 1997 r. o\u00a0rehabilitacji zawodowej i\u00a0spo\u0142ecznej oraz zatrudnianiu os\u00f3b niepe\u0142nosprawnych<\/p>\n<p>Us\u0142ugi asystencji osobistej polegaj\u0105 w\u00a0szczeg\u00f3lno\u015bci na wspieraniu przez asystenta osoby z\u00a0niepe\u0142nosprawno\u015bci\u0105 w\u00a0r\u00f3\u017cnych sferach \u017cycia, w\u00a0tym:<\/p>\n<ul>\n<li>wsparcia uczestnika w\u00a0czynno\u015bciach samoobs\u0142ugowych, w\u00a0tym utrzymaniu higieny osobistej,<\/li>\n<li>wsparcia uczestnika w\u00a0prowadzeniu gospodarstwa domowego i\u00a0wype\u0142nianiu r\u00f3l w\u00a0rodzinie,<\/li>\n<li>wsparcia uczestnika w\u00a0przemieszczaniu si\u0119 poza miejscem zamieszkania,<\/li>\n<li>wsparcia uczestnika w\u00a0podejmowaniu aktywno\u015bci \u017cyciowej i\u00a0komunikowaniu si\u0119 z\u00a0otoczeniem.<\/li>\n<\/ul>\n<p><strong>Osoby zainteresowane uzyskaniem wsparcia prosimy o\u00a0kontakt z\u00a0OPS w\u00a0Tuplicach pod nr tel.\u00a0 690341926, email na adres: ops@tuplice.pl do dnia 12.08.2024 r.<\/strong><\/p>\n<\/div>\n","protected":false},"excerpt":{"rendered":"<p>W zwi\u0105zku z\u00a0mo\u017cliwo\u015bci\u0105 aplikowania o\u00a0\u015brodki z\u00a0Programu \u201eAsystent osobisty osoby z\u00a0niepe\u0142nosprawno\u015bci\u0105\u201d \u2013 edycja 2025, realizowanego ze\u00a0\u015brodk\u00f3w Funduszu Solidarno\u015bciowego, O\u015brodek Pomocy Spo\u0142ecznej w\u00a0Tuplicach prosi o\u00a0kontakt osoby zainteresowane uzyskaniem wsparcia. G\u0142\u00f3wnym celem Programu jest wprowadzenie us\u0142ug asystencji osobistej jako formy og\u00f3lnodost\u0119pnego wsparcia w\u00a0wykonywaniu codziennych czynno\u015bci oraz funkcjonowaniu w\u00a0\u017cyciu spo\u0142ecznym, kt\u00f3rych adresatami s\u0105: dzieci od uko\u0144czenia 2 roku \u017cycia [&hellip;]<\/p>\n","protected":false},"author":3,"featured_media":0,"comment_status":"closed","ping_status":"closed","sticky":false,"template":"","format":"standard","meta":{"_et_pb_use_builder":"","_et_pb_old_content":"","_et_gb_content_width":"","_monsterinsights_skip_tracking":false},"categories":[82],"tags":[],"aioseo_notices":[],"aioseo_head":"\n\t\t<!-- All in One SEO 4.9.10 - aioseo.com -->\n\t<meta name=\"description\" content=\"W zwi\u0105zku z mo\u017cliwo\u015bci\u0105 aplikowania o \u015brodki z Programu \u201eAsystent osobisty osoby z niepe\u0142nosprawno\u015bci\u0105\u201d \u2013 edycja 2025, realizowanego ze \u015brodk\u00f3w Funduszu Solidarno\u015bciowego, O\u015brodek Pomocy Spo\u0142ecznej w Tuplicach prosi o kontakt osoby zainteresowane uzyskaniem wsparcia. G\u0142\u00f3wnym celem Programu jest wprowadzenie us\u0142ug asystencji osobistej jako formy og\u00f3lnodost\u0119pnego wsparcia w wykonywaniu codziennych czynno\u015bci oraz funkcjonowaniu w \u017cyciu spo\u0142ecznym, kt\u00f3rych adresatami s\u0105: dzieci od uko\u0144czenia 2 roku \u017cycia\" \/>\n\t<meta name=\"robots\" content=\"max-image-preview:large\" \/>\n\t<meta name=\"author\" content=\"Jacek Konieczy\u0144ski\"\/>\n\t<link rel=\"canonical\" href=\"https:\/\/tuplice.pl\/index.php\/2024\/07\/31\/asystent-osobisty-osoby-z-niepelnosprawnoscia-edycja-2025\/\" \/>\n\t<meta name=\"generator\" content=\"All in One SEO (AIOSEO) 4.9.10\" \/>\n\t\t<meta property=\"og:locale\" content=\"pl_PL\" \/>\n\t\t<meta property=\"og:site_name\" content=\"Gmina Tuplice - Strona Gminy Tuplice\" \/>\n\t\t<meta property=\"og:type\" content=\"article\" \/>\n\t\t<meta property=\"og:title\" content=\"ASYSTENT OSOBISTY OSOBY Z NIEPE\u0141NOSPRAWNO\u015aCI\u0104 \u2013 EDYCJA 2025 - Gmina Tuplice\" \/>\n\t\t<meta property=\"og:description\" content=\"W zwi\u0105zku z mo\u017cliwo\u015bci\u0105 aplikowania o \u015brodki z Programu \u201eAsystent osobisty osoby z niepe\u0142nosprawno\u015bci\u0105\u201d \u2013 edycja 2025, realizowanego ze \u015brodk\u00f3w Funduszu Solidarno\u015bciowego, O\u015brodek Pomocy Spo\u0142ecznej w Tuplicach prosi o kontakt osoby zainteresowane uzyskaniem wsparcia. G\u0142\u00f3wnym celem Programu jest wprowadzenie us\u0142ug asystencji osobistej jako formy og\u00f3lnodost\u0119pnego wsparcia w wykonywaniu codziennych czynno\u015bci oraz funkcjonowaniu w \u017cyciu spo\u0142ecznym, kt\u00f3rych adresatami s\u0105: dzieci od uko\u0144czenia 2 roku \u017cycia\" \/>\n\t\t<meta property=\"og:url\" content=\"https:\/\/tuplice.pl\/index.php\/2024\/07\/31\/asystent-osobisty-osoby-z-niepelnosprawnoscia-edycja-2025\/\" \/>\n\t\t<meta property=\"article:published_time\" content=\"2024-07-31T20:20:02+00:00\" \/>\n\t\t<meta property=\"article:modified_time\" content=\"2024-07-31T20:20:02+00:00\" \/>\n\t\t<meta property=\"article:publisher\" content=\"https:\/\/facebook.com\/Tuplicki Biuletyn Informacyjny\" \/>\n\t\t<meta name=\"twitter:card\" content=\"summary_large_image\" \/>\n\t\t<meta name=\"twitter:title\" content=\"ASYSTENT OSOBISTY OSOBY Z NIEPE\u0141NOSPRAWNO\u015aCI\u0104 \u2013 EDYCJA 2025 - Gmina Tuplice\" \/>\n\t\t<meta name=\"twitter:description\" content=\"W zwi\u0105zku z mo\u017cliwo\u015bci\u0105 aplikowania o \u015brodki z Programu \u201eAsystent osobisty osoby z niepe\u0142nosprawno\u015bci\u0105\u201d \u2013 edycja 2025, realizowanego ze \u015brodk\u00f3w Funduszu Solidarno\u015bciowego, O\u015brodek Pomocy Spo\u0142ecznej w Tuplicach prosi o kontakt osoby zainteresowane uzyskaniem wsparcia. G\u0142\u00f3wnym celem Programu jest wprowadzenie us\u0142ug asystencji osobistej jako formy og\u00f3lnodost\u0119pnego wsparcia w wykonywaniu codziennych czynno\u015bci oraz funkcjonowaniu w \u017cyciu spo\u0142ecznym, kt\u00f3rych adresatami s\u0105: dzieci od uko\u0144czenia 2 roku \u017cycia\" \/>\n\t\t<script type=\"application\/ld+json\" class=\"aioseo-schema\">\n\t\t\t{\"@context\":\"https:\\\/\\\/schema.org\",\"@graph\":[{\"@type\":\"BlogPosting\",\"@id\":\"https:\\\/\\\/tuplice.pl\\\/index.php\\\/2024\\\/07\\\/31\\\/asystent-osobisty-osoby-z-niepelnosprawnoscia-edycja-2025\\\/#blogposting\",\"name\":\"ASYSTENT OSOBISTY OSOBY Z NIEPE\\u0141NOSPRAWNO\\u015aCI\\u0104 \\u2013 EDYCJA 2025 - Gmina Tuplice\",\"headline\":\"ASYSTENT OSOBISTY OSOBY Z NIEPE\\u0141NOSPRAWNO\\u015aCI\\u0104 &#8211; EDYCJA 2025\",\"author\":{\"@id\":\"https:\\\/\\\/tuplice.pl\\\/index.php\\\/author\\\/tuplice\\\/#author\"},\"publisher\":{\"@id\":\"https:\\\/\\\/tuplice.pl\\\/#organization\"},\"image\":{\"@type\":\"ImageObject\",\"url\":\"https:\\\/\\\/tuplice.pl\\\/wp-content\\\/uploads\\\/2025\\\/07\\\/images.png\",\"@id\":\"https:\\\/\\\/tuplice.pl\\\/#articleImage\",\"width\":282,\"height\":179},\"datePublished\":\"2024-07-31T22:20:02+02:00\",\"dateModified\":\"2024-07-31T22:20:02+02:00\",\"inLanguage\":\"pl-PL\",\"mainEntityOfPage\":{\"@id\":\"https:\\\/\\\/tuplice.pl\\\/index.php\\\/2024\\\/07\\\/31\\\/asystent-osobisty-osoby-z-niepelnosprawnoscia-edycja-2025\\\/#webpage\"},\"isPartOf\":{\"@id\":\"https:\\\/\\\/tuplice.pl\\\/index.php\\\/2024\\\/07\\\/31\\\/asystent-osobisty-osoby-z-niepelnosprawnoscia-edycja-2025\\\/#webpage\"},\"articleSection\":\"Aktualno\\u015bci\"},{\"@type\":\"BreadcrumbList\",\"@id\":\"https:\\\/\\\/tuplice.pl\\\/index.php\\\/2024\\\/07\\\/31\\\/asystent-osobisty-osoby-z-niepelnosprawnoscia-edycja-2025\\\/#breadcrumblist\",\"itemListElement\":[{\"@type\":\"ListItem\",\"@id\":\"https:\\\/\\\/tuplice.pl#listItem\",\"position\":1,\"name\":\"Home\",\"item\":\"https:\\\/\\\/tuplice.pl\",\"nextItem\":{\"@type\":\"ListItem\",\"@id\":\"https:\\\/\\\/tuplice.pl\\\/index.php\\\/category\\\/aktualnosci\\\/#listItem\",\"name\":\"Aktualno\\u015bci\"}},{\"@type\":\"ListItem\",\"@id\":\"https:\\\/\\\/tuplice.pl\\\/index.php\\\/category\\\/aktualnosci\\\/#listItem\",\"position\":2,\"name\":\"Aktualno\\u015bci\",\"item\":\"https:\\\/\\\/tuplice.pl\\\/index.php\\\/category\\\/aktualnosci\\\/\",\"nextItem\":{\"@type\":\"ListItem\",\"@id\":\"https:\\\/\\\/tuplice.pl\\\/index.php\\\/2024\\\/07\\\/31\\\/asystent-osobisty-osoby-z-niepelnosprawnoscia-edycja-2025\\\/#listItem\",\"name\":\"ASYSTENT OSOBISTY OSOBY Z NIEPE\\u0141NOSPRAWNO\\u015aCI\\u0104 &#8211; EDYCJA 2025\"},\"previousItem\":{\"@type\":\"ListItem\",\"@id\":\"https:\\\/\\\/tuplice.pl#listItem\",\"name\":\"Home\"}},{\"@type\":\"ListItem\",\"@id\":\"https:\\\/\\\/tuplice.pl\\\/index.php\\\/2024\\\/07\\\/31\\\/asystent-osobisty-osoby-z-niepelnosprawnoscia-edycja-2025\\\/#listItem\",\"position\":3,\"name\":\"ASYSTENT OSOBISTY OSOBY Z NIEPE\\u0141NOSPRAWNO\\u015aCI\\u0104 &#8211; EDYCJA 2025\",\"previousItem\":{\"@type\":\"ListItem\",\"@id\":\"https:\\\/\\\/tuplice.pl\\\/index.php\\\/category\\\/aktualnosci\\\/#listItem\",\"name\":\"Aktualno\\u015bci\"}}]},{\"@type\":\"Organization\",\"@id\":\"https:\\\/\\\/tuplice.pl\\\/#organization\",\"name\":\"Gmina Tuplice Gmina Tuplice\",\"description\":\"Strona Gminy Tuplice Strona Urz\\u0119du Gminy Tuplice\",\"url\":\"https:\\\/\\\/tuplice.pl\\\/\",\"telephone\":\"+48683625720\",\"logo\":{\"@type\":\"ImageObject\",\"url\":\"https:\\\/\\\/tuplice.pl\\\/wp-content\\\/uploads\\\/2025\\\/07\\\/images.png\",\"@id\":\"https:\\\/\\\/tuplice.pl\\\/index.php\\\/2024\\\/07\\\/31\\\/asystent-osobisty-osoby-z-niepelnosprawnoscia-edycja-2025\\\/#organizationLogo\",\"width\":282,\"height\":179},\"image\":{\"@id\":\"https:\\\/\\\/tuplice.pl\\\/index.php\\\/2024\\\/07\\\/31\\\/asystent-osobisty-osoby-z-niepelnosprawnoscia-edycja-2025\\\/#organizationLogo\"},\"sameAs\":[\"https:\\\/\\\/facebook.com\\\/Tuplicki Biuletyn Informacyjny\",\"https:\\\/\\\/pinterest.com\\\/Tuplicki Biuletyn Informacyjny\",\"https:\\\/\\\/youtube.com\\\/Tuplicki Biuletyn Informacyjny\"]},{\"@type\":\"Person\",\"@id\":\"https:\\\/\\\/tuplice.pl\\\/index.php\\\/author\\\/tuplice\\\/#author\",\"url\":\"https:\\\/\\\/tuplice.pl\\\/index.php\\\/author\\\/tuplice\\\/\",\"name\":\"Jacek Konieczy\\u0144ski\",\"image\":{\"@type\":\"ImageObject\",\"@id\":\"https:\\\/\\\/tuplice.pl\\\/index.php\\\/2024\\\/07\\\/31\\\/asystent-osobisty-osoby-z-niepelnosprawnoscia-edycja-2025\\\/#authorImage\",\"url\":\"https:\\\/\\\/secure.gravatar.com\\\/avatar\\\/8aa224da0ce3c7d7e2a92a582397a6f3?s=96&d=mm&r=g\",\"width\":96,\"height\":96,\"caption\":\"Jacek Konieczy\\u0144ski\"}},{\"@type\":\"WebPage\",\"@id\":\"https:\\\/\\\/tuplice.pl\\\/index.php\\\/2024\\\/07\\\/31\\\/asystent-osobisty-osoby-z-niepelnosprawnoscia-edycja-2025\\\/#webpage\",\"url\":\"https:\\\/\\\/tuplice.pl\\\/index.php\\\/2024\\\/07\\\/31\\\/asystent-osobisty-osoby-z-niepelnosprawnoscia-edycja-2025\\\/\",\"name\":\"ASYSTENT OSOBISTY OSOBY Z NIEPE\\u0141NOSPRAWNO\\u015aCI\\u0104 \\u2013 EDYCJA 2025 - Gmina Tuplice\",\"description\":\"W zwi\\u0105zku z mo\\u017cliwo\\u015bci\\u0105 aplikowania o \\u015brodki z Programu \\u201eAsystent osobisty osoby z niepe\\u0142nosprawno\\u015bci\\u0105\\u201d \\u2013 edycja 2025, realizowanego ze \\u015brodk\\u00f3w Funduszu Solidarno\\u015bciowego, O\\u015brodek Pomocy Spo\\u0142ecznej w Tuplicach prosi o kontakt osoby zainteresowane uzyskaniem wsparcia. G\\u0142\\u00f3wnym celem Programu jest wprowadzenie us\\u0142ug asystencji osobistej jako formy og\\u00f3lnodost\\u0119pnego wsparcia w wykonywaniu codziennych czynno\\u015bci oraz funkcjonowaniu w \\u017cyciu spo\\u0142ecznym, kt\\u00f3rych adresatami s\\u0105: dzieci od uko\\u0144czenia 2 roku \\u017cycia\",\"inLanguage\":\"pl-PL\",\"isPartOf\":{\"@id\":\"https:\\\/\\\/tuplice.pl\\\/#website\"},\"breadcrumb\":{\"@id\":\"https:\\\/\\\/tuplice.pl\\\/index.php\\\/2024\\\/07\\\/31\\\/asystent-osobisty-osoby-z-niepelnosprawnoscia-edycja-2025\\\/#breadcrumblist\"},\"author\":{\"@id\":\"https:\\\/\\\/tuplice.pl\\\/index.php\\\/author\\\/tuplice\\\/#author\"},\"creator\":{\"@id\":\"https:\\\/\\\/tuplice.pl\\\/index.php\\\/author\\\/tuplice\\\/#author\"},\"datePublished\":\"2024-07-31T22:20:02+02:00\",\"dateModified\":\"2024-07-31T22:20:02+02:00\"},{\"@type\":\"WebSite\",\"@id\":\"https:\\\/\\\/tuplice.pl\\\/#website\",\"url\":\"https:\\\/\\\/tuplice.pl\\\/\",\"name\":\"Gmina Tuplice\",\"description\":\"Strona Gminy Tuplice\",\"inLanguage\":\"pl-PL\",\"publisher\":{\"@id\":\"https:\\\/\\\/tuplice.pl\\\/#organization\"}}]}\n\t\t<\/script>\n\t\t<!-- All in One SEO -->\n\n","aioseo_head_json":{"title":"ASYSTENT OSOBISTY OSOBY Z NIEPE\u0141NOSPRAWNO\u015aCI\u0104 \u2013 EDYCJA 2025 - Gmina Tuplice","description":"W zwi\u0105zku z mo\u017cliwo\u015bci\u0105 aplikowania o \u015brodki z Programu \u201eAsystent osobisty osoby z niepe\u0142nosprawno\u015bci\u0105\u201d \u2013 edycja 2025, realizowanego ze \u015brodk\u00f3w Funduszu Solidarno\u015bciowego, O\u015brodek Pomocy Spo\u0142ecznej w Tuplicach prosi o kontakt osoby zainteresowane uzyskaniem wsparcia. G\u0142\u00f3wnym celem Programu jest wprowadzenie us\u0142ug asystencji osobistej jako formy og\u00f3lnodost\u0119pnego wsparcia w wykonywaniu codziennych czynno\u015bci oraz funkcjonowaniu w \u017cyciu spo\u0142ecznym, kt\u00f3rych adresatami s\u0105: dzieci od uko\u0144czenia 2 roku \u017cycia","canonical_url":"https:\/\/tuplice.pl\/index.php\/2024\/07\/31\/asystent-osobisty-osoby-z-niepelnosprawnoscia-edycja-2025\/","robots":"max-image-preview:large","keywords":"","webmasterTools":{"miscellaneous":""},"schema":{"@context":"https:\/\/schema.org","@graph":[{"@type":"BlogPosting","@id":"https:\/\/tuplice.pl\/index.php\/2024\/07\/31\/asystent-osobisty-osoby-z-niepelnosprawnoscia-edycja-2025\/#blogposting","name":"ASYSTENT OSOBISTY OSOBY Z NIEPE\u0141NOSPRAWNO\u015aCI\u0104 \u2013 EDYCJA 2025 - Gmina Tuplice","headline":"ASYSTENT OSOBISTY OSOBY Z NIEPE\u0141NOSPRAWNO\u015aCI\u0104 &#8211; EDYCJA 2025","author":{"@id":"https:\/\/tuplice.pl\/index.php\/author\/tuplice\/#author"},"publisher":{"@id":"https:\/\/tuplice.pl\/#organization"},"image":{"@type":"ImageObject","url":"https:\/\/tuplice.pl\/wp-content\/uploads\/2025\/07\/images.png","@id":"https:\/\/tuplice.pl\/#articleImage","width":282,"height":179},"datePublished":"2024-07-31T22:20:02+02:00","dateModified":"2024-07-31T22:20:02+02:00","inLanguage":"pl-PL","mainEntityOfPage":{"@id":"https:\/\/tuplice.pl\/index.php\/2024\/07\/31\/asystent-osobisty-osoby-z-niepelnosprawnoscia-edycja-2025\/#webpage"},"isPartOf":{"@id":"https:\/\/tuplice.pl\/index.php\/2024\/07\/31\/asystent-osobisty-osoby-z-niepelnosprawnoscia-edycja-2025\/#webpage"},"articleSection":"Aktualno\u015bci"},{"@type":"BreadcrumbList","@id":"https:\/\/tuplice.pl\/index.php\/2024\/07\/31\/asystent-osobisty-osoby-z-niepelnosprawnoscia-edycja-2025\/#breadcrumblist","itemListElement":[{"@type":"ListItem","@id":"https:\/\/tuplice.pl#listItem","position":1,"name":"Home","item":"https:\/\/tuplice.pl","nextItem":{"@type":"ListItem","@id":"https:\/\/tuplice.pl\/index.php\/category\/aktualnosci\/#listItem","name":"Aktualno\u015bci"}},{"@type":"ListItem","@id":"https:\/\/tuplice.pl\/index.php\/category\/aktualnosci\/#listItem","position":2,"name":"Aktualno\u015bci","item":"https:\/\/tuplice.pl\/index.php\/category\/aktualnosci\/","nextItem":{"@type":"ListItem","@id":"https:\/\/tuplice.pl\/index.php\/2024\/07\/31\/asystent-osobisty-osoby-z-niepelnosprawnoscia-edycja-2025\/#listItem","name":"ASYSTENT OSOBISTY OSOBY Z NIEPE\u0141NOSPRAWNO\u015aCI\u0104 &#8211; EDYCJA 2025"},"previousItem":{"@type":"ListItem","@id":"https:\/\/tuplice.pl#listItem","name":"Home"}},{"@type":"ListItem","@id":"https:\/\/tuplice.pl\/index.php\/2024\/07\/31\/asystent-osobisty-osoby-z-niepelnosprawnoscia-edycja-2025\/#listItem","position":3,"name":"ASYSTENT OSOBISTY OSOBY Z NIEPE\u0141NOSPRAWNO\u015aCI\u0104 &#8211; EDYCJA 2025","previousItem":{"@type":"ListItem","@id":"https:\/\/tuplice.pl\/index.php\/category\/aktualnosci\/#listItem","name":"Aktualno\u015bci"}}]},{"@type":"Organization","@id":"https:\/\/tuplice.pl\/#organization","name":"Gmina Tuplice Gmina Tuplice","description":"Strona Gminy Tuplice Strona Urz\u0119du Gminy Tuplice","url":"https:\/\/tuplice.pl\/","telephone":"+48683625720","logo":{"@type":"ImageObject","url":"https:\/\/tuplice.pl\/wp-content\/uploads\/2025\/07\/images.png","@id":"https:\/\/tuplice.pl\/index.php\/2024\/07\/31\/asystent-osobisty-osoby-z-niepelnosprawnoscia-edycja-2025\/#organizationLogo","width":282,"height":179},"image":{"@id":"https:\/\/tuplice.pl\/index.php\/2024\/07\/31\/asystent-osobisty-osoby-z-niepelnosprawnoscia-edycja-2025\/#organizationLogo"},"sameAs":["https:\/\/facebook.com\/Tuplicki Biuletyn Informacyjny","https:\/\/pinterest.com\/Tuplicki Biuletyn Informacyjny","https:\/\/youtube.com\/Tuplicki Biuletyn Informacyjny"]},{"@type":"Person","@id":"https:\/\/tuplice.pl\/index.php\/author\/tuplice\/#author","url":"https:\/\/tuplice.pl\/index.php\/author\/tuplice\/","name":"Jacek Konieczy\u0144ski","image":{"@type":"ImageObject","@id":"https:\/\/tuplice.pl\/index.php\/2024\/07\/31\/asystent-osobisty-osoby-z-niepelnosprawnoscia-edycja-2025\/#authorImage","url":"https:\/\/secure.gravatar.com\/avatar\/8aa224da0ce3c7d7e2a92a582397a6f3?s=96&d=mm&r=g","width":96,"height":96,"caption":"Jacek Konieczy\u0144ski"}},{"@type":"WebPage","@id":"https:\/\/tuplice.pl\/index.php\/2024\/07\/31\/asystent-osobisty-osoby-z-niepelnosprawnoscia-edycja-2025\/#webpage","url":"https:\/\/tuplice.pl\/index.php\/2024\/07\/31\/asystent-osobisty-osoby-z-niepelnosprawnoscia-edycja-2025\/","name":"ASYSTENT OSOBISTY OSOBY Z NIEPE\u0141NOSPRAWNO\u015aCI\u0104 \u2013 EDYCJA 2025 - Gmina Tuplice","description":"W zwi\u0105zku z mo\u017cliwo\u015bci\u0105 aplikowania o \u015brodki z Programu \u201eAsystent osobisty osoby z niepe\u0142nosprawno\u015bci\u0105\u201d \u2013 edycja 2025, realizowanego ze \u015brodk\u00f3w Funduszu Solidarno\u015bciowego, O\u015brodek Pomocy Spo\u0142ecznej w Tuplicach prosi o kontakt osoby zainteresowane uzyskaniem wsparcia. G\u0142\u00f3wnym celem Programu jest wprowadzenie us\u0142ug asystencji osobistej jako formy og\u00f3lnodost\u0119pnego wsparcia w wykonywaniu codziennych czynno\u015bci oraz funkcjonowaniu w \u017cyciu spo\u0142ecznym, kt\u00f3rych adresatami s\u0105: dzieci od uko\u0144czenia 2 roku \u017cycia","inLanguage":"pl-PL","isPartOf":{"@id":"https:\/\/tuplice.pl\/#website"},"breadcrumb":{"@id":"https:\/\/tuplice.pl\/index.php\/2024\/07\/31\/asystent-osobisty-osoby-z-niepelnosprawnoscia-edycja-2025\/#breadcrumblist"},"author":{"@id":"https:\/\/tuplice.pl\/index.php\/author\/tuplice\/#author"},"creator":{"@id":"https:\/\/tuplice.pl\/index.php\/author\/tuplice\/#author"},"datePublished":"2024-07-31T22:20:02+02:00","dateModified":"2024-07-31T22:20:02+02:00"},{"@type":"WebSite","@id":"https:\/\/tuplice.pl\/#website","url":"https:\/\/tuplice.pl\/","name":"Gmina Tuplice","description":"Strona Gminy Tuplice","inLanguage":"pl-PL","publisher":{"@id":"https:\/\/tuplice.pl\/#organization"}}]},"og:locale":"pl_PL","og:site_name":"Gmina Tuplice - Strona Gminy Tuplice","og:type":"article","og:title":"ASYSTENT OSOBISTY OSOBY Z NIEPE\u0141NOSPRAWNO\u015aCI\u0104 \u2013 EDYCJA 2025 - Gmina Tuplice","og:description":"W zwi\u0105zku z mo\u017cliwo\u015bci\u0105 aplikowania o \u015brodki z Programu \u201eAsystent osobisty osoby z niepe\u0142nosprawno\u015bci\u0105\u201d \u2013 edycja 2025, realizowanego ze \u015brodk\u00f3w Funduszu Solidarno\u015bciowego, O\u015brodek Pomocy Spo\u0142ecznej w Tuplicach prosi o kontakt osoby zainteresowane uzyskaniem wsparcia. G\u0142\u00f3wnym celem Programu jest wprowadzenie us\u0142ug asystencji osobistej jako formy og\u00f3lnodost\u0119pnego wsparcia w wykonywaniu codziennych czynno\u015bci oraz funkcjonowaniu w \u017cyciu spo\u0142ecznym, kt\u00f3rych adresatami s\u0105: dzieci od uko\u0144czenia 2 roku \u017cycia","og:url":"https:\/\/tuplice.pl\/index.php\/2024\/07\/31\/asystent-osobisty-osoby-z-niepelnosprawnoscia-edycja-2025\/","article:published_time":"2024-07-31T20:20:02+00:00","article:modified_time":"2024-07-31T20:20:02+00:00","article:publisher":"https:\/\/facebook.com\/Tuplicki Biuletyn Informacyjny","twitter:card":"summary_large_image","twitter:title":"ASYSTENT OSOBISTY OSOBY Z NIEPE\u0141NOSPRAWNO\u015aCI\u0104 \u2013 EDYCJA 2025 - Gmina Tuplice","twitter:description":"W zwi\u0105zku z mo\u017cliwo\u015bci\u0105 aplikowania o \u015brodki z Programu \u201eAsystent osobisty osoby z niepe\u0142nosprawno\u015bci\u0105\u201d \u2013 edycja 2025, realizowanego ze \u015brodk\u00f3w Funduszu Solidarno\u015bciowego, O\u015brodek Pomocy Spo\u0142ecznej w Tuplicach prosi o kontakt osoby zainteresowane uzyskaniem wsparcia. G\u0142\u00f3wnym celem Programu jest wprowadzenie us\u0142ug asystencji osobistej jako formy og\u00f3lnodost\u0119pnego wsparcia w wykonywaniu codziennych czynno\u015bci oraz funkcjonowaniu w \u017cyciu spo\u0142ecznym, kt\u00f3rych adresatami s\u0105: dzieci od uko\u0144czenia 2 roku \u017cycia"},"aioseo_meta_data":{"post_id":"6100","title":null,"description":null,"keywords":null,"keyphrases":null,"primary_term":null,"canonical_url":null,"og_title":null,"og_description":null,"og_object_type":"default","og_image_type":"default","og_image_url":null,"og_image_width":null,"og_image_height":null,"og_image_custom_url":null,"og_image_custom_fields":null,"og_video":null,"og_custom_url":null,"og_article_section":null,"og_article_tags":null,"twitter_use_og":false,"twitter_card":"default","twitter_image_type":"default","twitter_image_url":null,"twitter_image_custom_url":null,"twitter_image_custom_fields":null,"twitter_title":null,"twitter_description":null,"schema":{"blockGraphs":[],"customGraphs":[],"default":{"data":{"Article":[],"Course":[],"Dataset":[],"FAQPage":[],"Movie":[],"Person":[],"Product":[],"ProductReview":[],"Car":[],"Recipe":[],"Service":[],"SoftwareApplication":[],"WebPage":[]},"graphName":"","isEnabled":true},"graphs":[]},"schema_type":"default","schema_type_options":null,"pillar_content":false,"robots_default":true,"robots_noindex":false,"robots_noarchive":false,"robots_nosnippet":false,"robots_nofollow":false,"robots_noimageindex":false,"robots_noodp":false,"robots_notranslate":false,"robots_max_snippet":null,"robots_max_videopreview":null,"robots_max_imagepreview":"large","priority":null,"frequency":null,"local_seo":null,"breadcrumb_settings":null,"limit_modified_date":false,"ai":null,"created":"2025-07-23 00:34:09","updated":"2025-07-23 00:34:09","seo_analyzer_scan_date":null},"aioseo_breadcrumb":"<div class=\"aioseo-breadcrumbs\"><span class=\"aioseo-breadcrumb\">\n\t\t\t<a href=\"https:\/\/tuplice.pl\" title=\"Home\">Home<\/a>\n\t\t<\/span><span class=\"aioseo-breadcrumb-separator\">&raquo;<\/span><span class=\"aioseo-breadcrumb\">\n\t\t\t<a href=\"https:\/\/tuplice.pl\/index.php\/category\/aktualnosci\/\" title=\"Aktualno\u015bci\">Aktualno\u015bci<\/a>\n\t\t<\/span><span class=\"aioseo-breadcrumb-separator\">&raquo;<\/span><span class=\"aioseo-breadcrumb\">\n\t\t\tASYSTENT OSOBISTY OSOBY Z NIEPE\u0141NOSPRAWNO\u015aCI\u0104 \u2013 EDYCJA 2025\n\t\t<\/span><\/div>","aioseo_breadcrumb_json":[{"label":"Home","link":"https:\/\/tuplice.pl"},{"label":"Aktualno\u015bci","link":"https:\/\/tuplice.pl\/index.php\/category\/aktualnosci\/"},{"label":"ASYSTENT OSOBISTY OSOBY Z NIEPE\u0141NOSPRAWNO\u015aCI\u0104 &#8211; EDYCJA 2025","link":"https:\/\/tuplice.pl\/index.php\/2024\/07\/31\/asystent-osobisty-osoby-z-niepelnosprawnoscia-edycja-2025\/"}],"a3_pvc":{"activated":false,"total_views":0,"today_views":0},"_links":{"self":[{"href":"https:\/\/tuplice.pl\/index.php\/wp-json\/wp\/v2\/posts\/6100"}],"collection":[{"href":"https:\/\/tuplice.pl\/index.php\/wp-json\/wp\/v2\/posts"}],"about":[{"href":"https:\/\/tuplice.pl\/index.php\/wp-json\/wp\/v2\/types\/post"}],"author":[{"embeddable":true,"href":"https:\/\/tuplice.pl\/index.php\/wp-json\/wp\/v2\/users\/3"}],"replies":[{"embeddable":true,"href":"https:\/\/tuplice.pl\/index.php\/wp-json\/wp\/v2\/comments?post=6100"}],"version-history":[{"count":1,"href":"https:\/\/tuplice.pl\/index.php\/wp-json\/wp\/v2\/posts\/6100\/revisions"}],"predecessor-version":[{"id":6101,"href":"https:\/\/tuplice.pl\/index.php\/wp-json\/wp\/v2\/posts\/6100\/revisions\/6101"}],"wp:attachment":[{"href":"https:\/\/tuplice.pl\/index.php\/wp-json\/wp\/v2\/media?parent=6100"}],"wp:term":[{"taxonomy":"category","embeddable":true,"href":"https:\/\/tuplice.pl\/index.php\/wp-json\/wp\/v2\/categories?post=6100"},{"taxonomy":"post_tag","embeddable":true,"href":"https:\/\/tuplice.pl\/index.php\/wp-json\/wp\/v2\/tags?post=6100"}],"curies":[{"name":"wp","href":"https:\/\/api.w.org\/{rel}","templated":true}]}}