{"id":6190,"date":"2024-11-06T10:20:22","date_gmt":"2024-11-06T09:20:22","guid":{"rendered":"https:\/\/tuplice.pl\/?p=6190"},"modified":"2024-11-06T10:20:22","modified_gmt":"2024-11-06T09:20:22","slug":"zapraszamy-do-udzialu-w-konkursie-na-plakat-promujacy-kampanie-pod-haslem-wkobiecejglowie","status":"publish","type":"post","link":"https:\/\/tuplice.pl\/index.php\/2024\/11\/06\/zapraszamy-do-udzialu-w-konkursie-na-plakat-promujacy-kampanie-pod-haslem-wkobiecejglowie\/","title":{"rendered":"Zapraszamy do udzia\u0142u w konkursie na plakat promuj\u0105cy kampani\u0119 pod has\u0142em #wKOBIECEJg\u0142owie"},"content":{"rendered":"<p style=\"text-align: center;\"><strong><span lang=\"en-US\">Wszelkie inne informacje wraz z regulaminem mo\u017cna znale\u017a\u0107 pod adresem: <a class=\"moz-txt-link-freetext\" href=\"https:\/\/rydultowy.pl\/aktualnosc-2626-konkurs_na_plakat_promujacy_kampanie.html\">https:\/\/rydultowy.pl\/aktualnosc-2626-konkurs_na_plakat_promujacy_kampanie.html<\/a> oraz na Facebooku Rydu\u0142t<\/span><\/strong><strong><span lang=\"en-US\">owy<\/span><\/strong><strong><span lang=\"en-US\">: <a class=\"moz-txt-link-freetext\" href=\"https:\/\/www.facebook.com\/Rydultowy\/\">https:\/\/www.facebook.com\/Rydultowy\/<\/a><\/span><\/strong><\/p>\n<p>&nbsp;<\/p>\n<div class=\"wp-block-image\"><img decoding=\"async\" loading=\"lazy\" class=\"wpa-warning wpa-image-missing-alt aligncenter size-full wp-image-6191\" src=\"https:\/\/tuplice.pl\/wp-content\/uploads\/2024\/11\/wKOBIECEJglowie.png\" alt=\"\" width=\"1120\" height=\"1120\" data-warning=\"Missing alt text\" srcset=\"https:\/\/tuplice.pl\/wp-content\/uploads\/2024\/11\/wKOBIECEJglowie.png 1120w, https:\/\/tuplice.pl\/wp-content\/uploads\/2024\/11\/wKOBIECEJglowie-980x980.png 980w, https:\/\/tuplice.pl\/wp-content\/uploads\/2024\/11\/wKOBIECEJglowie-480x480.png 480w\" sizes=\"(min-width: 0px) and (max-width: 480px) 480px, (min-width: 481px) and (max-width: 980px) 980px, (min-width: 981px) 1120px, 100vw\" \/><\/div>\n","protected":false},"excerpt":{"rendered":"<p>Wszelkie inne informacje wraz z regulaminem mo\u017cna znale\u017a\u0107 pod adresem: https:\/\/rydultowy.pl\/aktualnosc-2626-konkurs_na_plakat_promujacy_kampanie.html oraz na Facebooku Rydu\u0142towy: https:\/\/www.facebook.com\/Rydultowy\/ &nbsp;<\/p>\n","protected":false},"author":3,"featured_media":6192,"comment_status":"closed","ping_status":"closed","sticky":false,"template":"","format":"standard","meta":{"_et_pb_use_builder":"","_et_pb_old_content":"","_et_gb_content_width":"","_monsterinsights_skip_tracking":false},"categories":[82],"tags":[],"aioseo_notices":[],"aioseo_head":"\n\t\t<!-- All in One SEO 4.9.10 - aioseo.com -->\n\t<meta name=\"description\" content=\"Wszelkie inne informacje wraz z regulaminem mo\u017cna znale\u017a\u0107 pod adresem: https:\/\/rydultowy.pl\/aktualnosc-2626-konkurs_na_plakat_promujacy_kampanie.html oraz na Facebooku Rydu\u0142towy: https:\/\/www.facebook.com\/Rydultowy\/\" \/>\n\t<meta name=\"robots\" content=\"max-image-preview:large\" \/>\n\t<meta name=\"author\" content=\"Jacek Konieczy\u0144ski\"\/>\n\t<link rel=\"canonical\" href=\"https:\/\/tuplice.pl\/index.php\/2024\/11\/06\/zapraszamy-do-udzialu-w-konkursie-na-plakat-promujacy-kampanie-pod-haslem-wkobiecejglowie\/\" \/>\n\t<meta name=\"generator\" content=\"All in One SEO (AIOSEO) 4.9.10\" \/>\n\t\t<meta property=\"og:locale\" content=\"pl_PL\" \/>\n\t\t<meta property=\"og:site_name\" content=\"Gmina Tuplice - Strona Gminy Tuplice\" \/>\n\t\t<meta property=\"og:type\" content=\"article\" \/>\n\t\t<meta property=\"og:title\" content=\"Zapraszamy do udzia\u0142u w konkursie na plakat promuj\u0105cy kampani\u0119 pod has\u0142em #wKOBIECEJg\u0142owie - Gmina Tuplice\" \/>\n\t\t<meta property=\"og:description\" content=\"Wszelkie inne informacje wraz z regulaminem mo\u017cna znale\u017a\u0107 pod adresem: https:\/\/rydultowy.pl\/aktualnosc-2626-konkurs_na_plakat_promujacy_kampanie.html oraz na Facebooku Rydu\u0142towy: https:\/\/www.facebook.com\/Rydultowy\/\" \/>\n\t\t<meta property=\"og:url\" content=\"https:\/\/tuplice.pl\/index.php\/2024\/11\/06\/zapraszamy-do-udzialu-w-konkursie-na-plakat-promujacy-kampanie-pod-haslem-wkobiecejglowie\/\" \/>\n\t\t<meta property=\"article:published_time\" content=\"2024-11-06T09:20:22+00:00\" \/>\n\t\t<meta property=\"article:modified_time\" content=\"2024-11-06T09:20:22+00:00\" \/>\n\t\t<meta property=\"article:publisher\" content=\"https:\/\/facebook.com\/Tuplicki Biuletyn Informacyjny\" \/>\n\t\t<meta name=\"twitter:card\" content=\"summary_large_image\" \/>\n\t\t<meta name=\"twitter:title\" content=\"Zapraszamy do udzia\u0142u w konkursie na plakat promuj\u0105cy kampani\u0119 pod has\u0142em #wKOBIECEJg\u0142owie - Gmina Tuplice\" \/>\n\t\t<meta name=\"twitter:description\" content=\"Wszelkie inne informacje wraz z regulaminem mo\u017cna znale\u017a\u0107 pod adresem: https:\/\/rydultowy.pl\/aktualnosc-2626-konkurs_na_plakat_promujacy_kampanie.html oraz na Facebooku Rydu\u0142towy: https:\/\/www.facebook.com\/Rydultowy\/\" \/>\n\t\t<script type=\"application\/ld+json\" class=\"aioseo-schema\">\n\t\t\t{\"@context\":\"https:\\\/\\\/schema.org\",\"@graph\":[{\"@type\":\"BlogPosting\",\"@id\":\"https:\\\/\\\/tuplice.pl\\\/index.php\\\/2024\\\/11\\\/06\\\/zapraszamy-do-udzialu-w-konkursie-na-plakat-promujacy-kampanie-pod-haslem-wkobiecejglowie\\\/#blogposting\",\"name\":\"Zapraszamy do udzia\\u0142u w konkursie na plakat promuj\\u0105cy kampani\\u0119 pod has\\u0142em #wKOBIECEJg\\u0142owie - Gmina Tuplice\",\"headline\":\"Zapraszamy do udzia\\u0142u w konkursie na plakat promuj\\u0105cy kampani\\u0119 pod has\\u0142em #wKOBIECEJg\\u0142owie\",\"author\":{\"@id\":\"https:\\\/\\\/tuplice.pl\\\/index.php\\\/author\\\/tuplice\\\/#author\"},\"publisher\":{\"@id\":\"https:\\\/\\\/tuplice.pl\\\/#organization\"},\"image\":{\"@type\":\"ImageObject\",\"url\":\"https:\\\/\\\/tuplice.pl\\\/wp-content\\\/uploads\\\/2024\\\/11\\\/Przechwytywanie.png\",\"width\":177,\"height\":184},\"datePublished\":\"2024-11-06T10:20:22+01:00\",\"dateModified\":\"2024-11-06T10:20:22+01:00\",\"inLanguage\":\"pl-PL\",\"mainEntityOfPage\":{\"@id\":\"https:\\\/\\\/tuplice.pl\\\/index.php\\\/2024\\\/11\\\/06\\\/zapraszamy-do-udzialu-w-konkursie-na-plakat-promujacy-kampanie-pod-haslem-wkobiecejglowie\\\/#webpage\"},\"isPartOf\":{\"@id\":\"https:\\\/\\\/tuplice.pl\\\/index.php\\\/2024\\\/11\\\/06\\\/zapraszamy-do-udzialu-w-konkursie-na-plakat-promujacy-kampanie-pod-haslem-wkobiecejglowie\\\/#webpage\"},\"articleSection\":\"Aktualno\\u015bci\"},{\"@type\":\"BreadcrumbList\",\"@id\":\"https:\\\/\\\/tuplice.pl\\\/index.php\\\/2024\\\/11\\\/06\\\/zapraszamy-do-udzialu-w-konkursie-na-plakat-promujacy-kampanie-pod-haslem-wkobiecejglowie\\\/#breadcrumblist\",\"itemListElement\":[{\"@type\":\"ListItem\",\"@id\":\"https:\\\/\\\/tuplice.pl#listItem\",\"position\":1,\"name\":\"Home\",\"item\":\"https:\\\/\\\/tuplice.pl\",\"nextItem\":{\"@type\":\"ListItem\",\"@id\":\"https:\\\/\\\/tuplice.pl\\\/index.php\\\/category\\\/aktualnosci\\\/#listItem\",\"name\":\"Aktualno\\u015bci\"}},{\"@type\":\"ListItem\",\"@id\":\"https:\\\/\\\/tuplice.pl\\\/index.php\\\/category\\\/aktualnosci\\\/#listItem\",\"position\":2,\"name\":\"Aktualno\\u015bci\",\"item\":\"https:\\\/\\\/tuplice.pl\\\/index.php\\\/category\\\/aktualnosci\\\/\",\"nextItem\":{\"@type\":\"ListItem\",\"@id\":\"https:\\\/\\\/tuplice.pl\\\/index.php\\\/2024\\\/11\\\/06\\\/zapraszamy-do-udzialu-w-konkursie-na-plakat-promujacy-kampanie-pod-haslem-wkobiecejglowie\\\/#listItem\",\"name\":\"Zapraszamy do udzia\\u0142u w konkursie na plakat promuj\\u0105cy kampani\\u0119 pod has\\u0142em #wKOBIECEJg\\u0142owie\"},\"previousItem\":{\"@type\":\"ListItem\",\"@id\":\"https:\\\/\\\/tuplice.pl#listItem\",\"name\":\"Home\"}},{\"@type\":\"ListItem\",\"@id\":\"https:\\\/\\\/tuplice.pl\\\/index.php\\\/2024\\\/11\\\/06\\\/zapraszamy-do-udzialu-w-konkursie-na-plakat-promujacy-kampanie-pod-haslem-wkobiecejglowie\\\/#listItem\",\"position\":3,\"name\":\"Zapraszamy do udzia\\u0142u w konkursie na plakat promuj\\u0105cy kampani\\u0119 pod has\\u0142em #wKOBIECEJg\\u0142owie\",\"previousItem\":{\"@type\":\"ListItem\",\"@id\":\"https:\\\/\\\/tuplice.pl\\\/index.php\\\/category\\\/aktualnosci\\\/#listItem\",\"name\":\"Aktualno\\u015bci\"}}]},{\"@type\":\"Organization\",\"@id\":\"https:\\\/\\\/tuplice.pl\\\/#organization\",\"name\":\"Gmina Tuplice Gmina Tuplice\",\"description\":\"Strona Gminy Tuplice Strona Urz\\u0119du Gminy Tuplice\",\"url\":\"https:\\\/\\\/tuplice.pl\\\/\",\"telephone\":\"+48683625720\",\"logo\":{\"@type\":\"ImageObject\",\"url\":\"https:\\\/\\\/tuplice.pl\\\/wp-content\\\/uploads\\\/2025\\\/07\\\/images.png\",\"@id\":\"https:\\\/\\\/tuplice.pl\\\/index.php\\\/2024\\\/11\\\/06\\\/zapraszamy-do-udzialu-w-konkursie-na-plakat-promujacy-kampanie-pod-haslem-wkobiecejglowie\\\/#organizationLogo\",\"width\":282,\"height\":179},\"image\":{\"@id\":\"https:\\\/\\\/tuplice.pl\\\/index.php\\\/2024\\\/11\\\/06\\\/zapraszamy-do-udzialu-w-konkursie-na-plakat-promujacy-kampanie-pod-haslem-wkobiecejglowie\\\/#organizationLogo\"},\"sameAs\":[\"https:\\\/\\\/facebook.com\\\/Tuplicki Biuletyn Informacyjny\",\"https:\\\/\\\/pinterest.com\\\/Tuplicki Biuletyn Informacyjny\",\"https:\\\/\\\/youtube.com\\\/Tuplicki Biuletyn Informacyjny\"]},{\"@type\":\"Person\",\"@id\":\"https:\\\/\\\/tuplice.pl\\\/index.php\\\/author\\\/tuplice\\\/#author\",\"url\":\"https:\\\/\\\/tuplice.pl\\\/index.php\\\/author\\\/tuplice\\\/\",\"name\":\"Jacek Konieczy\\u0144ski\",\"image\":{\"@type\":\"ImageObject\",\"@id\":\"https:\\\/\\\/tuplice.pl\\\/index.php\\\/2024\\\/11\\\/06\\\/zapraszamy-do-udzialu-w-konkursie-na-plakat-promujacy-kampanie-pod-haslem-wkobiecejglowie\\\/#authorImage\",\"url\":\"https:\\\/\\\/secure.gravatar.com\\\/avatar\\\/8aa224da0ce3c7d7e2a92a582397a6f3?s=96&d=mm&r=g\",\"width\":96,\"height\":96,\"caption\":\"Jacek Konieczy\\u0144ski\"}},{\"@type\":\"WebPage\",\"@id\":\"https:\\\/\\\/tuplice.pl\\\/index.php\\\/2024\\\/11\\\/06\\\/zapraszamy-do-udzialu-w-konkursie-na-plakat-promujacy-kampanie-pod-haslem-wkobiecejglowie\\\/#webpage\",\"url\":\"https:\\\/\\\/tuplice.pl\\\/index.php\\\/2024\\\/11\\\/06\\\/zapraszamy-do-udzialu-w-konkursie-na-plakat-promujacy-kampanie-pod-haslem-wkobiecejglowie\\\/\",\"name\":\"Zapraszamy do udzia\\u0142u w konkursie na plakat promuj\\u0105cy kampani\\u0119 pod has\\u0142em #wKOBIECEJg\\u0142owie - Gmina Tuplice\",\"description\":\"Wszelkie inne informacje wraz z regulaminem mo\\u017cna znale\\u017a\\u0107 pod adresem: https:\\\/\\\/rydultowy.pl\\\/aktualnosc-2626-konkurs_na_plakat_promujacy_kampanie.html oraz na Facebooku Rydu\\u0142towy: https:\\\/\\\/www.facebook.com\\\/Rydultowy\\\/\",\"inLanguage\":\"pl-PL\",\"isPartOf\":{\"@id\":\"https:\\\/\\\/tuplice.pl\\\/#website\"},\"breadcrumb\":{\"@id\":\"https:\\\/\\\/tuplice.pl\\\/index.php\\\/2024\\\/11\\\/06\\\/zapraszamy-do-udzialu-w-konkursie-na-plakat-promujacy-kampanie-pod-haslem-wkobiecejglowie\\\/#breadcrumblist\"},\"author\":{\"@id\":\"https:\\\/\\\/tuplice.pl\\\/index.php\\\/author\\\/tuplice\\\/#author\"},\"creator\":{\"@id\":\"https:\\\/\\\/tuplice.pl\\\/index.php\\\/author\\\/tuplice\\\/#author\"},\"image\":{\"@type\":\"ImageObject\",\"url\":\"https:\\\/\\\/tuplice.pl\\\/wp-content\\\/uploads\\\/2024\\\/11\\\/Przechwytywanie.png\",\"@id\":\"https:\\\/\\\/tuplice.pl\\\/index.php\\\/2024\\\/11\\\/06\\\/zapraszamy-do-udzialu-w-konkursie-na-plakat-promujacy-kampanie-pod-haslem-wkobiecejglowie\\\/#mainImage\",\"width\":177,\"height\":184},\"primaryImageOfPage\":{\"@id\":\"https:\\\/\\\/tuplice.pl\\\/index.php\\\/2024\\\/11\\\/06\\\/zapraszamy-do-udzialu-w-konkursie-na-plakat-promujacy-kampanie-pod-haslem-wkobiecejglowie\\\/#mainImage\"},\"datePublished\":\"2024-11-06T10:20:22+01:00\",\"dateModified\":\"2024-11-06T10:20:22+01:00\"},{\"@type\":\"WebSite\",\"@id\":\"https:\\\/\\\/tuplice.pl\\\/#website\",\"url\":\"https:\\\/\\\/tuplice.pl\\\/\",\"name\":\"Gmina Tuplice\",\"description\":\"Strona Gminy Tuplice\",\"inLanguage\":\"pl-PL\",\"publisher\":{\"@id\":\"https:\\\/\\\/tuplice.pl\\\/#organization\"}}]}\n\t\t<\/script>\n\t\t<!-- All in One SEO -->\n\n","aioseo_head_json":{"title":"Zapraszamy do udzia\u0142u w konkursie na plakat promuj\u0105cy kampani\u0119 pod has\u0142em #wKOBIECEJg\u0142owie - Gmina Tuplice","description":"Wszelkie inne informacje wraz z regulaminem mo\u017cna znale\u017a\u0107 pod adresem: https:\/\/rydultowy.pl\/aktualnosc-2626-konkurs_na_plakat_promujacy_kampanie.html oraz na Facebooku Rydu\u0142towy: https:\/\/www.facebook.com\/Rydultowy\/","canonical_url":"https:\/\/tuplice.pl\/index.php\/2024\/11\/06\/zapraszamy-do-udzialu-w-konkursie-na-plakat-promujacy-kampanie-pod-haslem-wkobiecejglowie\/","robots":"max-image-preview:large","keywords":"","webmasterTools":{"miscellaneous":""},"schema":{"@context":"https:\/\/schema.org","@graph":[{"@type":"BlogPosting","@id":"https:\/\/tuplice.pl\/index.php\/2024\/11\/06\/zapraszamy-do-udzialu-w-konkursie-na-plakat-promujacy-kampanie-pod-haslem-wkobiecejglowie\/#blogposting","name":"Zapraszamy do udzia\u0142u w konkursie na plakat promuj\u0105cy kampani\u0119 pod has\u0142em #wKOBIECEJg\u0142owie - Gmina Tuplice","headline":"Zapraszamy do udzia\u0142u w konkursie na plakat promuj\u0105cy kampani\u0119 pod has\u0142em #wKOBIECEJg\u0142owie","author":{"@id":"https:\/\/tuplice.pl\/index.php\/author\/tuplice\/#author"},"publisher":{"@id":"https:\/\/tuplice.pl\/#organization"},"image":{"@type":"ImageObject","url":"https:\/\/tuplice.pl\/wp-content\/uploads\/2024\/11\/Przechwytywanie.png","width":177,"height":184},"datePublished":"2024-11-06T10:20:22+01:00","dateModified":"2024-11-06T10:20:22+01:00","inLanguage":"pl-PL","mainEntityOfPage":{"@id":"https:\/\/tuplice.pl\/index.php\/2024\/11\/06\/zapraszamy-do-udzialu-w-konkursie-na-plakat-promujacy-kampanie-pod-haslem-wkobiecejglowie\/#webpage"},"isPartOf":{"@id":"https:\/\/tuplice.pl\/index.php\/2024\/11\/06\/zapraszamy-do-udzialu-w-konkursie-na-plakat-promujacy-kampanie-pod-haslem-wkobiecejglowie\/#webpage"},"articleSection":"Aktualno\u015bci"},{"@type":"BreadcrumbList","@id":"https:\/\/tuplice.pl\/index.php\/2024\/11\/06\/zapraszamy-do-udzialu-w-konkursie-na-plakat-promujacy-kampanie-pod-haslem-wkobiecejglowie\/#breadcrumblist","itemListElement":[{"@type":"ListItem","@id":"https:\/\/tuplice.pl#listItem","position":1,"name":"Home","item":"https:\/\/tuplice.pl","nextItem":{"@type":"ListItem","@id":"https:\/\/tuplice.pl\/index.php\/category\/aktualnosci\/#listItem","name":"Aktualno\u015bci"}},{"@type":"ListItem","@id":"https:\/\/tuplice.pl\/index.php\/category\/aktualnosci\/#listItem","position":2,"name":"Aktualno\u015bci","item":"https:\/\/tuplice.pl\/index.php\/category\/aktualnosci\/","nextItem":{"@type":"ListItem","@id":"https:\/\/tuplice.pl\/index.php\/2024\/11\/06\/zapraszamy-do-udzialu-w-konkursie-na-plakat-promujacy-kampanie-pod-haslem-wkobiecejglowie\/#listItem","name":"Zapraszamy do udzia\u0142u w konkursie na plakat promuj\u0105cy kampani\u0119 pod has\u0142em #wKOBIECEJg\u0142owie"},"previousItem":{"@type":"ListItem","@id":"https:\/\/tuplice.pl#listItem","name":"Home"}},{"@type":"ListItem","@id":"https:\/\/tuplice.pl\/index.php\/2024\/11\/06\/zapraszamy-do-udzialu-w-konkursie-na-plakat-promujacy-kampanie-pod-haslem-wkobiecejglowie\/#listItem","position":3,"name":"Zapraszamy do udzia\u0142u w konkursie na plakat promuj\u0105cy kampani\u0119 pod has\u0142em #wKOBIECEJg\u0142owie","previousItem":{"@type":"ListItem","@id":"https:\/\/tuplice.pl\/index.php\/category\/aktualnosci\/#listItem","name":"Aktualno\u015bci"}}]},{"@type":"Organization","@id":"https:\/\/tuplice.pl\/#organization","name":"Gmina Tuplice Gmina Tuplice","description":"Strona Gminy Tuplice Strona Urz\u0119du Gminy Tuplice","url":"https:\/\/tuplice.pl\/","telephone":"+48683625720","logo":{"@type":"ImageObject","url":"https:\/\/tuplice.pl\/wp-content\/uploads\/2025\/07\/images.png","@id":"https:\/\/tuplice.pl\/index.php\/2024\/11\/06\/zapraszamy-do-udzialu-w-konkursie-na-plakat-promujacy-kampanie-pod-haslem-wkobiecejglowie\/#organizationLogo","width":282,"height":179},"image":{"@id":"https:\/\/tuplice.pl\/index.php\/2024\/11\/06\/zapraszamy-do-udzialu-w-konkursie-na-plakat-promujacy-kampanie-pod-haslem-wkobiecejglowie\/#organizationLogo"},"sameAs":["https:\/\/facebook.com\/Tuplicki Biuletyn Informacyjny","https:\/\/pinterest.com\/Tuplicki Biuletyn Informacyjny","https:\/\/youtube.com\/Tuplicki Biuletyn Informacyjny"]},{"@type":"Person","@id":"https:\/\/tuplice.pl\/index.php\/author\/tuplice\/#author","url":"https:\/\/tuplice.pl\/index.php\/author\/tuplice\/","name":"Jacek Konieczy\u0144ski","image":{"@type":"ImageObject","@id":"https:\/\/tuplice.pl\/index.php\/2024\/11\/06\/zapraszamy-do-udzialu-w-konkursie-na-plakat-promujacy-kampanie-pod-haslem-wkobiecejglowie\/#authorImage","url":"https:\/\/secure.gravatar.com\/avatar\/8aa224da0ce3c7d7e2a92a582397a6f3?s=96&d=mm&r=g","width":96,"height":96,"caption":"Jacek Konieczy\u0144ski"}},{"@type":"WebPage","@id":"https:\/\/tuplice.pl\/index.php\/2024\/11\/06\/zapraszamy-do-udzialu-w-konkursie-na-plakat-promujacy-kampanie-pod-haslem-wkobiecejglowie\/#webpage","url":"https:\/\/tuplice.pl\/index.php\/2024\/11\/06\/zapraszamy-do-udzialu-w-konkursie-na-plakat-promujacy-kampanie-pod-haslem-wkobiecejglowie\/","name":"Zapraszamy do udzia\u0142u w konkursie na plakat promuj\u0105cy kampani\u0119 pod has\u0142em #wKOBIECEJg\u0142owie - Gmina Tuplice","description":"Wszelkie inne informacje wraz z regulaminem mo\u017cna znale\u017a\u0107 pod adresem: https:\/\/rydultowy.pl\/aktualnosc-2626-konkurs_na_plakat_promujacy_kampanie.html oraz na Facebooku Rydu\u0142towy: https:\/\/www.facebook.com\/Rydultowy\/","inLanguage":"pl-PL","isPartOf":{"@id":"https:\/\/tuplice.pl\/#website"},"breadcrumb":{"@id":"https:\/\/tuplice.pl\/index.php\/2024\/11\/06\/zapraszamy-do-udzialu-w-konkursie-na-plakat-promujacy-kampanie-pod-haslem-wkobiecejglowie\/#breadcrumblist"},"author":{"@id":"https:\/\/tuplice.pl\/index.php\/author\/tuplice\/#author"},"creator":{"@id":"https:\/\/tuplice.pl\/index.php\/author\/tuplice\/#author"},"image":{"@type":"ImageObject","url":"https:\/\/tuplice.pl\/wp-content\/uploads\/2024\/11\/Przechwytywanie.png","@id":"https:\/\/tuplice.pl\/index.php\/2024\/11\/06\/zapraszamy-do-udzialu-w-konkursie-na-plakat-promujacy-kampanie-pod-haslem-wkobiecejglowie\/#mainImage","width":177,"height":184},"primaryImageOfPage":{"@id":"https:\/\/tuplice.pl\/index.php\/2024\/11\/06\/zapraszamy-do-udzialu-w-konkursie-na-plakat-promujacy-kampanie-pod-haslem-wkobiecejglowie\/#mainImage"},"datePublished":"2024-11-06T10:20:22+01:00","dateModified":"2024-11-06T10:20:22+01:00"},{"@type":"WebSite","@id":"https:\/\/tuplice.pl\/#website","url":"https:\/\/tuplice.pl\/","name":"Gmina Tuplice","description":"Strona Gminy Tuplice","inLanguage":"pl-PL","publisher":{"@id":"https:\/\/tuplice.pl\/#organization"}}]},"og:locale":"pl_PL","og:site_name":"Gmina Tuplice - Strona Gminy Tuplice","og:type":"article","og:title":"Zapraszamy do udzia\u0142u w konkursie na plakat promuj\u0105cy kampani\u0119 pod has\u0142em #wKOBIECEJg\u0142owie - Gmina Tuplice","og:description":"Wszelkie inne informacje wraz z regulaminem mo\u017cna znale\u017a\u0107 pod adresem: https:\/\/rydultowy.pl\/aktualnosc-2626-konkurs_na_plakat_promujacy_kampanie.html oraz na Facebooku Rydu\u0142towy: https:\/\/www.facebook.com\/Rydultowy\/","og:url":"https:\/\/tuplice.pl\/index.php\/2024\/11\/06\/zapraszamy-do-udzialu-w-konkursie-na-plakat-promujacy-kampanie-pod-haslem-wkobiecejglowie\/","article:published_time":"2024-11-06T09:20:22+00:00","article:modified_time":"2024-11-06T09:20:22+00:00","article:publisher":"https:\/\/facebook.com\/Tuplicki Biuletyn Informacyjny","twitter:card":"summary_large_image","twitter:title":"Zapraszamy do udzia\u0142u w konkursie na plakat promuj\u0105cy kampani\u0119 pod has\u0142em #wKOBIECEJg\u0142owie - Gmina Tuplice","twitter:description":"Wszelkie inne informacje wraz z regulaminem mo\u017cna znale\u017a\u0107 pod adresem: https:\/\/rydultowy.pl\/aktualnosc-2626-konkurs_na_plakat_promujacy_kampanie.html oraz na Facebooku Rydu\u0142towy: https:\/\/www.facebook.com\/Rydultowy\/"},"aioseo_meta_data":{"post_id":"6190","title":null,"description":null,"keywords":null,"keyphrases":null,"primary_term":null,"canonical_url":null,"og_title":null,"og_description":null,"og_object_type":"default","og_image_type":"default","og_image_url":null,"og_image_width":null,"og_image_height":null,"og_image_custom_url":null,"og_image_custom_fields":null,"og_video":null,"og_custom_url":null,"og_article_section":null,"og_article_tags":null,"twitter_use_og":false,"twitter_card":"default","twitter_image_type":"default","twitter_image_url":null,"twitter_image_custom_url":null,"twitter_image_custom_fields":null,"twitter_title":null,"twitter_description":null,"schema":{"blockGraphs":[],"customGraphs":[],"default":{"data":{"Article":[],"Course":[],"Dataset":[],"FAQPage":[],"Movie":[],"Person":[],"Product":[],"ProductReview":[],"Car":[],"Recipe":[],"Service":[],"SoftwareApplication":[],"WebPage":[]},"graphName":"","isEnabled":true},"graphs":[]},"schema_type":"default","schema_type_options":null,"pillar_content":false,"robots_default":true,"robots_noindex":false,"robots_noarchive":false,"robots_nosnippet":false,"robots_nofollow":false,"robots_noimageindex":false,"robots_noodp":false,"robots_notranslate":false,"robots_max_snippet":null,"robots_max_videopreview":null,"robots_max_imagepreview":"large","priority":null,"frequency":null,"local_seo":null,"breadcrumb_settings":null,"limit_modified_date":false,"ai":null,"created":"2025-07-23 00:43:53","updated":"2025-07-23 00:43:53","seo_analyzer_scan_date":null},"aioseo_breadcrumb":"<div class=\"aioseo-breadcrumbs\"><span class=\"aioseo-breadcrumb\">\n\t\t\t<a href=\"https:\/\/tuplice.pl\" title=\"Home\">Home<\/a>\n\t\t<\/span><span class=\"aioseo-breadcrumb-separator\">&raquo;<\/span><span class=\"aioseo-breadcrumb\">\n\t\t\t<a href=\"https:\/\/tuplice.pl\/index.php\/category\/aktualnosci\/\" title=\"Aktualno\u015bci\">Aktualno\u015bci<\/a>\n\t\t<\/span><span class=\"aioseo-breadcrumb-separator\">&raquo;<\/span><span class=\"aioseo-breadcrumb\">\n\t\t\tZapraszamy do udzia\u0142u w konkursie na plakat promuj\u0105cy kampani\u0119 pod has\u0142em #wKOBIECEJg\u0142owie\n\t\t<\/span><\/div>","aioseo_breadcrumb_json":[{"label":"Home","link":"https:\/\/tuplice.pl"},{"label":"Aktualno\u015bci","link":"https:\/\/tuplice.pl\/index.php\/category\/aktualnosci\/"},{"label":"Zapraszamy do udzia\u0142u w konkursie na plakat promuj\u0105cy kampani\u0119 pod has\u0142em #wKOBIECEJg\u0142owie","link":"https:\/\/tuplice.pl\/index.php\/2024\/11\/06\/zapraszamy-do-udzialu-w-konkursie-na-plakat-promujacy-kampanie-pod-haslem-wkobiecejglowie\/"}],"a3_pvc":{"activated":false,"total_views":0,"today_views":0},"_links":{"self":[{"href":"https:\/\/tuplice.pl\/index.php\/wp-json\/wp\/v2\/posts\/6190"}],"collection":[{"href":"https:\/\/tuplice.pl\/index.php\/wp-json\/wp\/v2\/posts"}],"about":[{"href":"https:\/\/tuplice.pl\/index.php\/wp-json\/wp\/v2\/types\/post"}],"author":[{"embeddable":true,"href":"https:\/\/tuplice.pl\/index.php\/wp-json\/wp\/v2\/users\/3"}],"replies":[{"embeddable":true,"href":"https:\/\/tuplice.pl\/index.php\/wp-json\/wp\/v2\/comments?post=6190"}],"version-history":[{"count":1,"href":"https:\/\/tuplice.pl\/index.php\/wp-json\/wp\/v2\/posts\/6190\/revisions"}],"predecessor-version":[{"id":6193,"href":"https:\/\/tuplice.pl\/index.php\/wp-json\/wp\/v2\/posts\/6190\/revisions\/6193"}],"wp:featuredmedia":[{"embeddable":true,"href":"https:\/\/tuplice.pl\/index.php\/wp-json\/wp\/v2\/media\/6192"}],"wp:attachment":[{"href":"https:\/\/tuplice.pl\/index.php\/wp-json\/wp\/v2\/media?parent=6190"}],"wp:term":[{"taxonomy":"category","embeddable":true,"href":"https:\/\/tuplice.pl\/index.php\/wp-json\/wp\/v2\/categories?post=6190"},{"taxonomy":"post_tag","embeddable":true,"href":"https:\/\/tuplice.pl\/index.php\/wp-json\/wp\/v2\/tags?post=6190"}],"curies":[{"name":"wp","href":"https:\/\/api.w.org\/{rel}","templated":true}]}}