{"id":6299,"date":"2025-03-27T09:16:40","date_gmt":"2025-03-27T08:16:40","guid":{"rendered":"https:\/\/tuplice.pl\/?p=6299"},"modified":"2025-03-27T09:16:40","modified_gmt":"2025-03-27T08:16:40","slug":"zaproszenie-na-szkolenie-abc-przedsiebiorczosci","status":"publish","type":"post","link":"https:\/\/tuplice.pl\/index.php\/2025\/03\/27\/zaproszenie-na-szkolenie-abc-przedsiebiorczosci\/","title":{"rendered":"Zaproszenie na szkolenie &#8222;ABC Przedsi\u0119biorczo\u015bci&#8221;"},"content":{"rendered":"<p>Centrum Informacji i\u00a0Planowania Kariery Zawodowej w\u00a0Zielonej G\u00f3rze serdecznie zaprasza na spotkanie pt. <strong>&#8222;ABC Przedsi\u0119biorczo\u015bci&#8221;<\/strong>, kt\u00f3re odb\u0119dzie si\u0119 <strong>8 kwietnia<\/strong> <strong>2025\u00a0r<\/strong>. w\u00a0siedzibie Wojew\u00f3dzkiego Urz\u0119du Pracy w\u00a0Zielonej G\u00f3rze, <strong>ul.\u00a0Wyspia\u0144skiego 15, w\u00a0godzinach 10.00 \u2013 13.00<\/strong><\/p>\n<p>Szkolenie ma na celu dostarczenie uczestnikom podstawowych informacji o\u00a0zak\u0142adaniu w\u0142asnej dzia\u0142alno\u015bci gospodarczej, kluczowych elementach przedsi\u0119biorczo\u015bci oraz przydatnych narz\u0119dziach i\u00a0zasobach dost\u0119pnych dla przysz\u0142ych przedsi\u0119biorc\u00f3w.<\/p>\n<p><strong>Aby zapisa\u0107 si\u0119 na szkolenie, prosimy o\u00a0wys\u0142anie zg\u0142oszenia na adres e-mail:<\/strong><br \/>\n<a href=\"mailto:cizzg@wup.zgora.pl\"><strong>cizzg@wup.zgora.pl<\/strong><\/a><\/p>\n<p>Po dokonaniu rejestracji, ka\u017cdy uczestnik otrzyma potwierdzenie udzia\u0142u w\u00a0szkoleniu drog\u0105 mailow\u0105.<\/p>\n<p>Serdecznie zapraszamy do udzia\u0142u i\u00a0liczymy na Pa\u0144stwa obecno\u015b\u0107!<\/p>\n<p>&nbsp;<\/p>\n<div class=\"wp-block-image\"><a href=\"https:\/\/tuplice.pl\/wp-content\/uploads\/2025\/03\/abc_przedsiebiorczosci_08.04.2025.jpg\"><img decoding=\"async\" loading=\"lazy\" class=\"wpa-warning wpa-image-missing-alt aligncenter size-full wp-image-6300\" src=\"https:\/\/tuplice.pl\/wp-content\/uploads\/2025\/03\/abc_przedsiebiorczosci_08.04.2025.jpg\" alt=\"\" width=\"678\" height=\"960\" data-warning=\"Missing alt text\" srcset=\"https:\/\/tuplice.pl\/wp-content\/uploads\/2025\/03\/abc_przedsiebiorczosci_08.04.2025.jpg 678w, https:\/\/tuplice.pl\/wp-content\/uploads\/2025\/03\/abc_przedsiebiorczosci_08.04.2025-480x680.jpg 480w\" sizes=\"(min-width: 0px) and (max-width: 480px) 480px, (min-width: 481px) 678px, 100vw\" \/><\/a><\/div>\n","protected":false},"excerpt":{"rendered":"<p>Centrum Informacji i\u00a0Planowania Kariery Zawodowej w\u00a0Zielonej G\u00f3rze serdecznie zaprasza na spotkanie pt. &#8222;ABC Przedsi\u0119biorczo\u015bci&#8221;, kt\u00f3re odb\u0119dzie si\u0119 8 kwietnia 2025\u00a0r. w\u00a0siedzibie Wojew\u00f3dzkiego Urz\u0119du Pracy w\u00a0Zielonej G\u00f3rze, ul.\u00a0Wyspia\u0144skiego 15, w\u00a0godzinach 10.00 \u2013 13.00 Szkolenie ma na celu dostarczenie uczestnikom podstawowych informacji o\u00a0zak\u0142adaniu w\u0142asnej dzia\u0142alno\u015bci gospodarczej, kluczowych elementach przedsi\u0119biorczo\u015bci oraz przydatnych narz\u0119dziach i\u00a0zasobach dost\u0119pnych dla przysz\u0142ych przedsi\u0119biorc\u00f3w. [&hellip;]<\/p>\n","protected":false},"author":3,"featured_media":6301,"comment_status":"closed","ping_status":"closed","sticky":false,"template":"","format":"standard","meta":{"_et_pb_use_builder":"","_et_pb_old_content":"","_et_gb_content_width":"","_monsterinsights_skip_tracking":false,"_monsterinsights_sitenote_active":false,"_monsterinsights_sitenote_note":"","_monsterinsights_sitenote_category":0},"categories":[82],"tags":[],"aioseo_notices":[],"_links":{"self":[{"href":"https:\/\/tuplice.pl\/index.php\/wp-json\/wp\/v2\/posts\/6299"}],"collection":[{"href":"https:\/\/tuplice.pl\/index.php\/wp-json\/wp\/v2\/posts"}],"about":[{"href":"https:\/\/tuplice.pl\/index.php\/wp-json\/wp\/v2\/types\/post"}],"author":[{"embeddable":true,"href":"https:\/\/tuplice.pl\/index.php\/wp-json\/wp\/v2\/users\/3"}],"replies":[{"embeddable":true,"href":"https:\/\/tuplice.pl\/index.php\/wp-json\/wp\/v2\/comments?post=6299"}],"version-history":[{"count":1,"href":"https:\/\/tuplice.pl\/index.php\/wp-json\/wp\/v2\/posts\/6299\/revisions"}],"predecessor-version":[{"id":6302,"href":"https:\/\/tuplice.pl\/index.php\/wp-json\/wp\/v2\/posts\/6299\/revisions\/6302"}],"wp:featuredmedia":[{"embeddable":true,"href":"https:\/\/tuplice.pl\/index.php\/wp-json\/wp\/v2\/media\/6301"}],"wp:attachment":[{"href":"https:\/\/tuplice.pl\/index.php\/wp-json\/wp\/v2\/media?parent=6299"}],"wp:term":[{"taxonomy":"category","embeddable":true,"href":"https:\/\/tuplice.pl\/index.php\/wp-json\/wp\/v2\/categories?post=6299"},{"taxonomy":"post_tag","embeddable":true,"href":"https:\/\/tuplice.pl\/index.php\/wp-json\/wp\/v2\/tags?post=6299"}],"curies":[{"name":"wp","href":"https:\/\/api.w.org\/{rel}","templated":true}]}}