{"id":6352,"date":"2025-05-05T13:06:53","date_gmt":"2025-05-05T11:06:53","guid":{"rendered":"https:\/\/tuplice.pl\/?p=6352"},"modified":"2025-05-05T13:06:53","modified_gmt":"2025-05-05T11:06:53","slug":"rozklad-jazdy-autobusow-w-ramach-zorganizowanego-dla-wyborcow-bezplatnego-gminnego-przewozu-pasazerskiego-w-dniu-18-maja-2025-r","status":"publish","type":"post","link":"https:\/\/tuplice.pl\/index.php\/2025\/05\/05\/rozklad-jazdy-autobusow-w-ramach-zorganizowanego-dla-wyborcow-bezplatnego-gminnego-przewozu-pasazerskiego-w-dniu-18-maja-2025-r\/","title":{"rendered":"ROZK\u0141AD JAZDY AUTOBUS\u00d3W W RAMACH ZORGANIZOWANEGO DLA WYBORC\u00d3W BEZP\u0141ATNEGO GMINNEGO PRZEWOZU PASA\u017bERSKIEGO W DNIU 18 MAJA 2025 r."},"content":{"rendered":"<p><strong>Lokal Obwodowej Komisji Wyborczej Nr 1 w Tuplicach <\/strong><\/p>\n<p><strong>Siedziba &#8211; O\u015brodek Pomocy Spo\u0142ecznej ul. Parkowa 17<\/strong><\/p>\n<p><strong>\u00a0<\/strong><\/p>\n<table>\n<tbody>\n<tr>\n<td width=\"237\"><strong>\u00a0<\/strong><\/p>\n<p><strong>\u00a0<\/strong><\/td>\n<td width=\"85\"><strong>I kurs<\/strong><\/td>\n<td width=\"104\"><strong>Powr\u00f3t<\/strong><\/td>\n<td width=\"104\"><strong>II kurs<\/strong><\/td>\n<td width=\"104\"><strong>Powr\u00f3t<\/strong><\/td>\n<\/tr>\n<tr>\n<td width=\"237\">Tuplice lokal wyborczy<\/td>\n<td width=\"85\">&#8211;<\/td>\n<td width=\"104\">9:45<\/td>\n<td width=\"104\">&#8211;<\/td>\n<td width=\"104\">15:45<\/td>\n<\/tr>\n<tr>\n<td width=\"237\"><strong>Jag\u0142owice<\/strong><\/p>\n<p><strong>\u00a0<\/strong><\/td>\n<td width=\"85\">9:00<\/td>\n<td width=\"104\">9:50<\/td>\n<td width=\"104\">15:00<\/td>\n<td width=\"104\">15:50<\/td>\n<\/tr>\n<tr>\n<td width=\"237\"><strong>Che\u0142mica<\/strong><\/p>\n<p><strong>\u00a0<\/strong><\/td>\n<td width=\"85\">9:05<\/td>\n<td width=\"104\">9:55<\/td>\n<td width=\"104\">15:05<\/td>\n<td width=\"104\">15:55<\/td>\n<\/tr>\n<tr>\n<td width=\"237\">Tuplice lokal wyborczy<\/p>\n<p>&nbsp;<\/td>\n<td width=\"85\">9:10<\/td>\n<td width=\"104\">10:00<\/td>\n<td width=\"104\">15:10<\/td>\n<td width=\"104\">16:00<\/td>\n<\/tr>\n<tr>\n<td width=\"237\"><strong>Cielm\u00f3w<\/strong><\/p>\n<p>&nbsp;<\/td>\n<td width=\"85\">9:15<\/td>\n<td width=\"104\">10:05<\/td>\n<td width=\"104\">15:15<\/td>\n<td width=\"104\">16:05<\/td>\n<\/tr>\n<tr>\n<td width=\"237\">Tuplice lokal wyborczy<\/td>\n<td width=\"85\">9:25<\/td>\n<td width=\"104\">10:15<\/td>\n<td width=\"104\">15:25<\/td>\n<td width=\"104\">16:15<\/td>\n<\/tr>\n<tr>\n<td width=\"237\"><strong>Gr\u0119zawa<\/strong><\/p>\n<p><strong>\u00a0<\/strong><\/td>\n<td width=\"85\">9:30<\/td>\n<td width=\"104\">10:20<\/td>\n<td width=\"104\">15:30<\/td>\n<td width=\"104\">16:20<\/td>\n<\/tr>\n<tr>\n<td width=\"237\"><strong>\u0141azy<\/strong><\/p>\n<p><strong>\u00a0<\/strong><\/td>\n<td width=\"85\">9:31<\/td>\n<td width=\"104\">10:21<\/td>\n<td width=\"104\">15:31<\/td>\n<td width=\"104\">16:21<\/td>\n<\/tr>\n<tr>\n<td width=\"237\">Tuplice lokal wyborczy<\/td>\n<td width=\"85\">9:36<\/td>\n<td width=\"104\">10:26<\/td>\n<td width=\"104\">15:36<\/td>\n<td width=\"104\">16:26<\/td>\n<\/tr>\n<\/tbody>\n<\/table>\n<p>&nbsp;<\/p>\n<p><strong>Lokal Obwodowej Komisji Wyborczej Nr 2 w Drzeniowie<\/strong><\/p>\n<p><strong>Siedziba \u2013 \u015awietlica \u015arodowiskowa Drzeni\u00f3w 22<\/strong><\/p>\n<p><strong>\u00a0<\/strong><\/p>\n<table>\n<tbody>\n<tr>\n<td width=\"227\"><strong>\u00a0<\/strong><\/p>\n<p><strong>\u00a0<\/strong><\/td>\n<td width=\"85\"><strong>I kurs<\/strong><\/td>\n<td width=\"104\"><strong>Powr\u00f3t<\/strong><\/td>\n<td width=\"104\"><strong>II kurs<\/strong><\/td>\n<td width=\"121\"><strong>Powr\u00f3t<\/strong><\/td>\n<\/tr>\n<tr>\n<td width=\"227\">Drzeni\u00f3w lokal wyborczy<\/p>\n<p>&nbsp;<\/td>\n<td width=\"85\">&#8211;<\/td>\n<td width=\"104\">11:40<\/td>\n<td width=\"104\">&#8211;<\/td>\n<td width=\"121\">17:40<\/td>\n<\/tr>\n<tr>\n<td width=\"227\"><strong>Chlebice<\/strong><\/p>\n<p><strong>\u00a0<\/strong><\/td>\n<td width=\"85\">10:50<\/td>\n<td width=\"104\">11:50<\/td>\n<td width=\"104\">16:50<\/td>\n<td width=\"121\">17:50<\/td>\n<\/tr>\n<tr>\n<td width=\"227\"><strong>Czerna<\/strong><\/p>\n<p><strong>\u00a0<\/strong><\/td>\n<td width=\"85\">10:55<\/td>\n<td width=\"104\">11:55<\/td>\n<td width=\"104\">16:55<\/td>\n<td width=\"121\">17:55<\/td>\n<\/tr>\n<tr>\n<td width=\"227\"><strong>Grab\u00f3w<\/strong><\/p>\n<p><strong>\u00a0<\/strong><\/td>\n<td width=\"85\">11:00<\/td>\n<td width=\"104\">12:00<\/td>\n<td width=\"104\">17:00<\/td>\n<td width=\"121\">18:00<\/td>\n<\/tr>\n<tr>\n<td width=\"227\"><strong>Matuszowice<\/strong><\/p>\n<p><strong>\u00a0<\/strong><\/td>\n<td width=\"85\">11:10<\/td>\n<td width=\"104\">12:10<\/td>\n<td width=\"104\">17:10<\/td>\n<td width=\"121\">18:10<\/td>\n<\/tr>\n<tr>\n<td width=\"227\">Drzeni\u00f3w lokal wyborczy<\/p>\n<p>&nbsp;<\/td>\n<td width=\"85\">11:20<\/td>\n<td width=\"104\">12:20<\/td>\n<td width=\"104\">17:20<\/td>\n<td width=\"121\">18:20<\/td>\n<\/tr>\n<tr>\n<td width=\"227\"><strong>Nowa Rola<\/strong><\/p>\n<p><strong>\u00a0<\/strong><\/td>\n<td width=\"85\">11:25<\/td>\n<td width=\"104\">12:25<\/td>\n<td width=\"104\">17:25<\/td>\n<td width=\"121\">18:25<\/td>\n<\/tr>\n<tr>\n<td width=\"227\"><strong>\u015awibinki<\/strong><\/p>\n<p><strong>\u00a0<\/strong><\/td>\n<td width=\"85\">11:30<\/td>\n<td width=\"104\">12:30<\/td>\n<td width=\"104\">17:30<\/td>\n<td width=\"121\">18:30<\/td>\n<\/tr>\n<tr>\n<td width=\"227\">Drzeni\u00f3w lokal wyborczy<\/p>\n<p>&nbsp;<\/td>\n<td width=\"85\">11:35<\/td>\n<td width=\"104\">12:35<\/td>\n<td width=\"104\">17:35<\/td>\n<td width=\"121\">18:35<\/td>\n<\/tr>\n<\/tbody>\n<\/table>\n<p><strong>\u00a0<\/strong><\/p>\n","protected":false},"excerpt":{"rendered":"<p>Lokal Obwodowej Komisji Wyborczej Nr 1 w Tuplicach Siedziba &#8211; O\u015brodek Pomocy Spo\u0142ecznej ul. Parkowa 17 \u00a0 \u00a0 \u00a0 I kurs Powr\u00f3t II kurs Powr\u00f3t Tuplice lokal wyborczy &#8211; 9:45 &#8211; 15:45 Jag\u0142owice \u00a0 9:00 9:50 15:00 15:50 Che\u0142mica \u00a0 9:05 9:55 15:05 15:55 Tuplice lokal wyborczy &nbsp; 9:10 10:00 15:10 16:00 Cielm\u00f3w &nbsp; 9:15 [&hellip;]<\/p>\n","protected":false},"author":3,"featured_media":6353,"comment_status":"closed","ping_status":"closed","sticky":false,"template":"","format":"standard","meta":{"_et_pb_use_builder":"","_et_pb_old_content":"","_et_gb_content_width":"","_monsterinsights_skip_tracking":false},"categories":[82],"tags":[],"aioseo_notices":[],"aioseo_head":"\n\t\t<!-- All in One SEO 4.9.10 - aioseo.com -->\n\t<meta name=\"description\" content=\"Lokal Obwodowej Komisji Wyborczej Nr 1 w Tuplicach Siedziba - O\u015brodek Pomocy Spo\u0142ecznej ul. Parkowa 17 I kurs Powr\u00f3t II kurs Powr\u00f3t Tuplice lokal wyborczy - 9:45 - 15:45 Jag\u0142owice 9:00 9:50 15:00 15:50 Che\u0142mica 9:05 9:55 15:05 15:55 Tuplice lokal wyborczy 9:10 10:00 15:10 16:00 Cielm\u00f3w 9:15\" \/>\n\t<meta name=\"robots\" content=\"max-image-preview:large\" \/>\n\t<meta name=\"author\" content=\"Jacek Konieczy\u0144ski\"\/>\n\t<link rel=\"canonical\" href=\"https:\/\/tuplice.pl\/index.php\/2025\/05\/05\/rozklad-jazdy-autobusow-w-ramach-zorganizowanego-dla-wyborcow-bezplatnego-gminnego-przewozu-pasazerskiego-w-dniu-18-maja-2025-r\/\" \/>\n\t<meta name=\"generator\" content=\"All in One SEO (AIOSEO) 4.9.10\" \/>\n\t\t<meta property=\"og:locale\" content=\"pl_PL\" \/>\n\t\t<meta property=\"og:site_name\" content=\"Gmina Tuplice - Strona Gminy Tuplice\" \/>\n\t\t<meta property=\"og:type\" content=\"article\" \/>\n\t\t<meta property=\"og:title\" content=\"ROZK\u0141AD JAZDY AUTOBUS\u00d3W W RAMACH ZORGANIZOWANEGO DLA WYBORC\u00d3W BEZP\u0141ATNEGO GMINNEGO PRZEWOZU PASA\u017bERSKIEGO W DNIU 18 MAJA 2025 r. - Gmina Tuplice\" \/>\n\t\t<meta property=\"og:description\" content=\"Lokal Obwodowej Komisji Wyborczej Nr 1 w Tuplicach Siedziba - O\u015brodek Pomocy Spo\u0142ecznej ul. Parkowa 17 I kurs Powr\u00f3t II kurs Powr\u00f3t Tuplice lokal wyborczy - 9:45 - 15:45 Jag\u0142owice 9:00 9:50 15:00 15:50 Che\u0142mica 9:05 9:55 15:05 15:55 Tuplice lokal wyborczy 9:10 10:00 15:10 16:00 Cielm\u00f3w 9:15\" \/>\n\t\t<meta property=\"og:url\" content=\"https:\/\/tuplice.pl\/index.php\/2025\/05\/05\/rozklad-jazdy-autobusow-w-ramach-zorganizowanego-dla-wyborcow-bezplatnego-gminnego-przewozu-pasazerskiego-w-dniu-18-maja-2025-r\/\" \/>\n\t\t<meta property=\"article:published_time\" content=\"2025-05-05T11:06:53+00:00\" \/>\n\t\t<meta property=\"article:modified_time\" content=\"2025-05-05T11:06:53+00:00\" \/>\n\t\t<meta property=\"article:publisher\" content=\"https:\/\/facebook.com\/Tuplicki Biuletyn Informacyjny\" \/>\n\t\t<meta name=\"twitter:card\" content=\"summary_large_image\" \/>\n\t\t<meta name=\"twitter:title\" content=\"ROZK\u0141AD JAZDY AUTOBUS\u00d3W W RAMACH ZORGANIZOWANEGO DLA WYBORC\u00d3W BEZP\u0141ATNEGO GMINNEGO PRZEWOZU PASA\u017bERSKIEGO W DNIU 18 MAJA 2025 r. - Gmina Tuplice\" \/>\n\t\t<meta name=\"twitter:description\" content=\"Lokal Obwodowej Komisji Wyborczej Nr 1 w Tuplicach Siedziba - O\u015brodek Pomocy Spo\u0142ecznej ul. Parkowa 17 I kurs Powr\u00f3t II kurs Powr\u00f3t Tuplice lokal wyborczy - 9:45 - 15:45 Jag\u0142owice 9:00 9:50 15:00 15:50 Che\u0142mica 9:05 9:55 15:05 15:55 Tuplice lokal wyborczy 9:10 10:00 15:10 16:00 Cielm\u00f3w 9:15\" \/>\n\t\t<script type=\"application\/ld+json\" class=\"aioseo-schema\">\n\t\t\t{\"@context\":\"https:\\\/\\\/schema.org\",\"@graph\":[{\"@type\":\"BlogPosting\",\"@id\":\"https:\\\/\\\/tuplice.pl\\\/index.php\\\/2025\\\/05\\\/05\\\/rozklad-jazdy-autobusow-w-ramach-zorganizowanego-dla-wyborcow-bezplatnego-gminnego-przewozu-pasazerskiego-w-dniu-18-maja-2025-r\\\/#blogposting\",\"name\":\"ROZK\\u0141AD JAZDY AUTOBUS\\u00d3W W RAMACH ZORGANIZOWANEGO DLA WYBORC\\u00d3W BEZP\\u0141ATNEGO GMINNEGO PRZEWOZU PASA\\u017bERSKIEGO W DNIU 18 MAJA 2025 r. - Gmina Tuplice\",\"headline\":\"ROZK\\u0141AD JAZDY AUTOBUS\\u00d3W W RAMACH ZORGANIZOWANEGO DLA WYBORC\\u00d3W BEZP\\u0141ATNEGO GMINNEGO PRZEWOZU PASA\\u017bERSKIEGO W DNIU 18 MAJA 2025 r.\",\"author\":{\"@id\":\"https:\\\/\\\/tuplice.pl\\\/index.php\\\/author\\\/tuplice\\\/#author\"},\"publisher\":{\"@id\":\"https:\\\/\\\/tuplice.pl\\\/#organization\"},\"image\":{\"@type\":\"ImageObject\",\"url\":\"https:\\\/\\\/tuplice.pl\\\/wp-content\\\/uploads\\\/2025\\\/05\\\/6351-1.jpg\",\"width\":1024,\"height\":724},\"datePublished\":\"2025-05-05T13:06:53+02:00\",\"dateModified\":\"2025-05-05T13:06:53+02:00\",\"inLanguage\":\"pl-PL\",\"mainEntityOfPage\":{\"@id\":\"https:\\\/\\\/tuplice.pl\\\/index.php\\\/2025\\\/05\\\/05\\\/rozklad-jazdy-autobusow-w-ramach-zorganizowanego-dla-wyborcow-bezplatnego-gminnego-przewozu-pasazerskiego-w-dniu-18-maja-2025-r\\\/#webpage\"},\"isPartOf\":{\"@id\":\"https:\\\/\\\/tuplice.pl\\\/index.php\\\/2025\\\/05\\\/05\\\/rozklad-jazdy-autobusow-w-ramach-zorganizowanego-dla-wyborcow-bezplatnego-gminnego-przewozu-pasazerskiego-w-dniu-18-maja-2025-r\\\/#webpage\"},\"articleSection\":\"Aktualno\\u015bci\"},{\"@type\":\"BreadcrumbList\",\"@id\":\"https:\\\/\\\/tuplice.pl\\\/index.php\\\/2025\\\/05\\\/05\\\/rozklad-jazdy-autobusow-w-ramach-zorganizowanego-dla-wyborcow-bezplatnego-gminnego-przewozu-pasazerskiego-w-dniu-18-maja-2025-r\\\/#breadcrumblist\",\"itemListElement\":[{\"@type\":\"ListItem\",\"@id\":\"https:\\\/\\\/tuplice.pl#listItem\",\"position\":1,\"name\":\"Home\",\"item\":\"https:\\\/\\\/tuplice.pl\",\"nextItem\":{\"@type\":\"ListItem\",\"@id\":\"https:\\\/\\\/tuplice.pl\\\/index.php\\\/category\\\/aktualnosci\\\/#listItem\",\"name\":\"Aktualno\\u015bci\"}},{\"@type\":\"ListItem\",\"@id\":\"https:\\\/\\\/tuplice.pl\\\/index.php\\\/category\\\/aktualnosci\\\/#listItem\",\"position\":2,\"name\":\"Aktualno\\u015bci\",\"item\":\"https:\\\/\\\/tuplice.pl\\\/index.php\\\/category\\\/aktualnosci\\\/\",\"nextItem\":{\"@type\":\"ListItem\",\"@id\":\"https:\\\/\\\/tuplice.pl\\\/index.php\\\/2025\\\/05\\\/05\\\/rozklad-jazdy-autobusow-w-ramach-zorganizowanego-dla-wyborcow-bezplatnego-gminnego-przewozu-pasazerskiego-w-dniu-18-maja-2025-r\\\/#listItem\",\"name\":\"ROZK\\u0141AD JAZDY AUTOBUS\\u00d3W W RAMACH ZORGANIZOWANEGO DLA WYBORC\\u00d3W BEZP\\u0141ATNEGO GMINNEGO PRZEWOZU PASA\\u017bERSKIEGO W DNIU 18 MAJA 2025 r.\"},\"previousItem\":{\"@type\":\"ListItem\",\"@id\":\"https:\\\/\\\/tuplice.pl#listItem\",\"name\":\"Home\"}},{\"@type\":\"ListItem\",\"@id\":\"https:\\\/\\\/tuplice.pl\\\/index.php\\\/2025\\\/05\\\/05\\\/rozklad-jazdy-autobusow-w-ramach-zorganizowanego-dla-wyborcow-bezplatnego-gminnego-przewozu-pasazerskiego-w-dniu-18-maja-2025-r\\\/#listItem\",\"position\":3,\"name\":\"ROZK\\u0141AD JAZDY AUTOBUS\\u00d3W W RAMACH ZORGANIZOWANEGO DLA WYBORC\\u00d3W BEZP\\u0141ATNEGO GMINNEGO PRZEWOZU PASA\\u017bERSKIEGO W DNIU 18 MAJA 2025 r.\",\"previousItem\":{\"@type\":\"ListItem\",\"@id\":\"https:\\\/\\\/tuplice.pl\\\/index.php\\\/category\\\/aktualnosci\\\/#listItem\",\"name\":\"Aktualno\\u015bci\"}}]},{\"@type\":\"Organization\",\"@id\":\"https:\\\/\\\/tuplice.pl\\\/#organization\",\"name\":\"Gmina Tuplice Gmina Tuplice\",\"description\":\"Strona Gminy Tuplice Strona Urz\\u0119du Gminy Tuplice\",\"url\":\"https:\\\/\\\/tuplice.pl\\\/\",\"telephone\":\"+48683625720\",\"logo\":{\"@type\":\"ImageObject\",\"url\":\"https:\\\/\\\/tuplice.pl\\\/wp-content\\\/uploads\\\/2025\\\/07\\\/images.png\",\"@id\":\"https:\\\/\\\/tuplice.pl\\\/index.php\\\/2025\\\/05\\\/05\\\/rozklad-jazdy-autobusow-w-ramach-zorganizowanego-dla-wyborcow-bezplatnego-gminnego-przewozu-pasazerskiego-w-dniu-18-maja-2025-r\\\/#organizationLogo\",\"width\":282,\"height\":179},\"image\":{\"@id\":\"https:\\\/\\\/tuplice.pl\\\/index.php\\\/2025\\\/05\\\/05\\\/rozklad-jazdy-autobusow-w-ramach-zorganizowanego-dla-wyborcow-bezplatnego-gminnego-przewozu-pasazerskiego-w-dniu-18-maja-2025-r\\\/#organizationLogo\"},\"sameAs\":[\"https:\\\/\\\/facebook.com\\\/Tuplicki Biuletyn Informacyjny\",\"https:\\\/\\\/pinterest.com\\\/Tuplicki Biuletyn Informacyjny\",\"https:\\\/\\\/youtube.com\\\/Tuplicki Biuletyn Informacyjny\"]},{\"@type\":\"Person\",\"@id\":\"https:\\\/\\\/tuplice.pl\\\/index.php\\\/author\\\/tuplice\\\/#author\",\"url\":\"https:\\\/\\\/tuplice.pl\\\/index.php\\\/author\\\/tuplice\\\/\",\"name\":\"Jacek Konieczy\\u0144ski\",\"image\":{\"@type\":\"ImageObject\",\"@id\":\"https:\\\/\\\/tuplice.pl\\\/index.php\\\/2025\\\/05\\\/05\\\/rozklad-jazdy-autobusow-w-ramach-zorganizowanego-dla-wyborcow-bezplatnego-gminnego-przewozu-pasazerskiego-w-dniu-18-maja-2025-r\\\/#authorImage\",\"url\":\"https:\\\/\\\/secure.gravatar.com\\\/avatar\\\/8aa224da0ce3c7d7e2a92a582397a6f3?s=96&d=mm&r=g\",\"width\":96,\"height\":96,\"caption\":\"Jacek Konieczy\\u0144ski\"}},{\"@type\":\"WebPage\",\"@id\":\"https:\\\/\\\/tuplice.pl\\\/index.php\\\/2025\\\/05\\\/05\\\/rozklad-jazdy-autobusow-w-ramach-zorganizowanego-dla-wyborcow-bezplatnego-gminnego-przewozu-pasazerskiego-w-dniu-18-maja-2025-r\\\/#webpage\",\"url\":\"https:\\\/\\\/tuplice.pl\\\/index.php\\\/2025\\\/05\\\/05\\\/rozklad-jazdy-autobusow-w-ramach-zorganizowanego-dla-wyborcow-bezplatnego-gminnego-przewozu-pasazerskiego-w-dniu-18-maja-2025-r\\\/\",\"name\":\"ROZK\\u0141AD JAZDY AUTOBUS\\u00d3W W RAMACH ZORGANIZOWANEGO DLA WYBORC\\u00d3W BEZP\\u0141ATNEGO GMINNEGO PRZEWOZU PASA\\u017bERSKIEGO W DNIU 18 MAJA 2025 r. - Gmina Tuplice\",\"description\":\"Lokal Obwodowej Komisji Wyborczej Nr 1 w Tuplicach Siedziba - O\\u015brodek Pomocy Spo\\u0142ecznej ul. Parkowa 17 I kurs Powr\\u00f3t II kurs Powr\\u00f3t Tuplice lokal wyborczy - 9:45 - 15:45 Jag\\u0142owice 9:00 9:50 15:00 15:50 Che\\u0142mica 9:05 9:55 15:05 15:55 Tuplice lokal wyborczy 9:10 10:00 15:10 16:00 Cielm\\u00f3w 9:15\",\"inLanguage\":\"pl-PL\",\"isPartOf\":{\"@id\":\"https:\\\/\\\/tuplice.pl\\\/#website\"},\"breadcrumb\":{\"@id\":\"https:\\\/\\\/tuplice.pl\\\/index.php\\\/2025\\\/05\\\/05\\\/rozklad-jazdy-autobusow-w-ramach-zorganizowanego-dla-wyborcow-bezplatnego-gminnego-przewozu-pasazerskiego-w-dniu-18-maja-2025-r\\\/#breadcrumblist\"},\"author\":{\"@id\":\"https:\\\/\\\/tuplice.pl\\\/index.php\\\/author\\\/tuplice\\\/#author\"},\"creator\":{\"@id\":\"https:\\\/\\\/tuplice.pl\\\/index.php\\\/author\\\/tuplice\\\/#author\"},\"image\":{\"@type\":\"ImageObject\",\"url\":\"https:\\\/\\\/tuplice.pl\\\/wp-content\\\/uploads\\\/2025\\\/05\\\/6351-1.jpg\",\"@id\":\"https:\\\/\\\/tuplice.pl\\\/index.php\\\/2025\\\/05\\\/05\\\/rozklad-jazdy-autobusow-w-ramach-zorganizowanego-dla-wyborcow-bezplatnego-gminnego-przewozu-pasazerskiego-w-dniu-18-maja-2025-r\\\/#mainImage\",\"width\":1024,\"height\":724},\"primaryImageOfPage\":{\"@id\":\"https:\\\/\\\/tuplice.pl\\\/index.php\\\/2025\\\/05\\\/05\\\/rozklad-jazdy-autobusow-w-ramach-zorganizowanego-dla-wyborcow-bezplatnego-gminnego-przewozu-pasazerskiego-w-dniu-18-maja-2025-r\\\/#mainImage\"},\"datePublished\":\"2025-05-05T13:06:53+02:00\",\"dateModified\":\"2025-05-05T13:06:53+02:00\"},{\"@type\":\"WebSite\",\"@id\":\"https:\\\/\\\/tuplice.pl\\\/#website\",\"url\":\"https:\\\/\\\/tuplice.pl\\\/\",\"name\":\"Gmina Tuplice\",\"description\":\"Strona Gminy Tuplice\",\"inLanguage\":\"pl-PL\",\"publisher\":{\"@id\":\"https:\\\/\\\/tuplice.pl\\\/#organization\"}}]}\n\t\t<\/script>\n\t\t<!-- All in One SEO -->\n\n","aioseo_head_json":{"title":"ROZK\u0141AD JAZDY AUTOBUS\u00d3W W RAMACH ZORGANIZOWANEGO DLA WYBORC\u00d3W BEZP\u0141ATNEGO GMINNEGO PRZEWOZU PASA\u017bERSKIEGO W DNIU 18 MAJA 2025 r. - Gmina Tuplice","description":"Lokal Obwodowej Komisji Wyborczej Nr 1 w Tuplicach Siedziba - O\u015brodek Pomocy Spo\u0142ecznej ul. Parkowa 17 I kurs Powr\u00f3t II kurs Powr\u00f3t Tuplice lokal wyborczy - 9:45 - 15:45 Jag\u0142owice 9:00 9:50 15:00 15:50 Che\u0142mica 9:05 9:55 15:05 15:55 Tuplice lokal wyborczy 9:10 10:00 15:10 16:00 Cielm\u00f3w 9:15","canonical_url":"https:\/\/tuplice.pl\/index.php\/2025\/05\/05\/rozklad-jazdy-autobusow-w-ramach-zorganizowanego-dla-wyborcow-bezplatnego-gminnego-przewozu-pasazerskiego-w-dniu-18-maja-2025-r\/","robots":"max-image-preview:large","keywords":"","webmasterTools":{"miscellaneous":""},"schema":{"@context":"https:\/\/schema.org","@graph":[{"@type":"BlogPosting","@id":"https:\/\/tuplice.pl\/index.php\/2025\/05\/05\/rozklad-jazdy-autobusow-w-ramach-zorganizowanego-dla-wyborcow-bezplatnego-gminnego-przewozu-pasazerskiego-w-dniu-18-maja-2025-r\/#blogposting","name":"ROZK\u0141AD JAZDY AUTOBUS\u00d3W W RAMACH ZORGANIZOWANEGO DLA WYBORC\u00d3W BEZP\u0141ATNEGO GMINNEGO PRZEWOZU PASA\u017bERSKIEGO W DNIU 18 MAJA 2025 r. - Gmina Tuplice","headline":"ROZK\u0141AD JAZDY AUTOBUS\u00d3W W RAMACH ZORGANIZOWANEGO DLA WYBORC\u00d3W BEZP\u0141ATNEGO GMINNEGO PRZEWOZU PASA\u017bERSKIEGO W DNIU 18 MAJA 2025 r.","author":{"@id":"https:\/\/tuplice.pl\/index.php\/author\/tuplice\/#author"},"publisher":{"@id":"https:\/\/tuplice.pl\/#organization"},"image":{"@type":"ImageObject","url":"https:\/\/tuplice.pl\/wp-content\/uploads\/2025\/05\/6351-1.jpg","width":1024,"height":724},"datePublished":"2025-05-05T13:06:53+02:00","dateModified":"2025-05-05T13:06:53+02:00","inLanguage":"pl-PL","mainEntityOfPage":{"@id":"https:\/\/tuplice.pl\/index.php\/2025\/05\/05\/rozklad-jazdy-autobusow-w-ramach-zorganizowanego-dla-wyborcow-bezplatnego-gminnego-przewozu-pasazerskiego-w-dniu-18-maja-2025-r\/#webpage"},"isPartOf":{"@id":"https:\/\/tuplice.pl\/index.php\/2025\/05\/05\/rozklad-jazdy-autobusow-w-ramach-zorganizowanego-dla-wyborcow-bezplatnego-gminnego-przewozu-pasazerskiego-w-dniu-18-maja-2025-r\/#webpage"},"articleSection":"Aktualno\u015bci"},{"@type":"BreadcrumbList","@id":"https:\/\/tuplice.pl\/index.php\/2025\/05\/05\/rozklad-jazdy-autobusow-w-ramach-zorganizowanego-dla-wyborcow-bezplatnego-gminnego-przewozu-pasazerskiego-w-dniu-18-maja-2025-r\/#breadcrumblist","itemListElement":[{"@type":"ListItem","@id":"https:\/\/tuplice.pl#listItem","position":1,"name":"Home","item":"https:\/\/tuplice.pl","nextItem":{"@type":"ListItem","@id":"https:\/\/tuplice.pl\/index.php\/category\/aktualnosci\/#listItem","name":"Aktualno\u015bci"}},{"@type":"ListItem","@id":"https:\/\/tuplice.pl\/index.php\/category\/aktualnosci\/#listItem","position":2,"name":"Aktualno\u015bci","item":"https:\/\/tuplice.pl\/index.php\/category\/aktualnosci\/","nextItem":{"@type":"ListItem","@id":"https:\/\/tuplice.pl\/index.php\/2025\/05\/05\/rozklad-jazdy-autobusow-w-ramach-zorganizowanego-dla-wyborcow-bezplatnego-gminnego-przewozu-pasazerskiego-w-dniu-18-maja-2025-r\/#listItem","name":"ROZK\u0141AD JAZDY AUTOBUS\u00d3W W RAMACH ZORGANIZOWANEGO DLA WYBORC\u00d3W BEZP\u0141ATNEGO GMINNEGO PRZEWOZU PASA\u017bERSKIEGO W DNIU 18 MAJA 2025 r."},"previousItem":{"@type":"ListItem","@id":"https:\/\/tuplice.pl#listItem","name":"Home"}},{"@type":"ListItem","@id":"https:\/\/tuplice.pl\/index.php\/2025\/05\/05\/rozklad-jazdy-autobusow-w-ramach-zorganizowanego-dla-wyborcow-bezplatnego-gminnego-przewozu-pasazerskiego-w-dniu-18-maja-2025-r\/#listItem","position":3,"name":"ROZK\u0141AD JAZDY AUTOBUS\u00d3W W RAMACH ZORGANIZOWANEGO DLA WYBORC\u00d3W BEZP\u0141ATNEGO GMINNEGO PRZEWOZU PASA\u017bERSKIEGO W DNIU 18 MAJA 2025 r.","previousItem":{"@type":"ListItem","@id":"https:\/\/tuplice.pl\/index.php\/category\/aktualnosci\/#listItem","name":"Aktualno\u015bci"}}]},{"@type":"Organization","@id":"https:\/\/tuplice.pl\/#organization","name":"Gmina Tuplice Gmina Tuplice","description":"Strona Gminy Tuplice Strona Urz\u0119du Gminy Tuplice","url":"https:\/\/tuplice.pl\/","telephone":"+48683625720","logo":{"@type":"ImageObject","url":"https:\/\/tuplice.pl\/wp-content\/uploads\/2025\/07\/images.png","@id":"https:\/\/tuplice.pl\/index.php\/2025\/05\/05\/rozklad-jazdy-autobusow-w-ramach-zorganizowanego-dla-wyborcow-bezplatnego-gminnego-przewozu-pasazerskiego-w-dniu-18-maja-2025-r\/#organizationLogo","width":282,"height":179},"image":{"@id":"https:\/\/tuplice.pl\/index.php\/2025\/05\/05\/rozklad-jazdy-autobusow-w-ramach-zorganizowanego-dla-wyborcow-bezplatnego-gminnego-przewozu-pasazerskiego-w-dniu-18-maja-2025-r\/#organizationLogo"},"sameAs":["https:\/\/facebook.com\/Tuplicki Biuletyn Informacyjny","https:\/\/pinterest.com\/Tuplicki Biuletyn Informacyjny","https:\/\/youtube.com\/Tuplicki Biuletyn Informacyjny"]},{"@type":"Person","@id":"https:\/\/tuplice.pl\/index.php\/author\/tuplice\/#author","url":"https:\/\/tuplice.pl\/index.php\/author\/tuplice\/","name":"Jacek Konieczy\u0144ski","image":{"@type":"ImageObject","@id":"https:\/\/tuplice.pl\/index.php\/2025\/05\/05\/rozklad-jazdy-autobusow-w-ramach-zorganizowanego-dla-wyborcow-bezplatnego-gminnego-przewozu-pasazerskiego-w-dniu-18-maja-2025-r\/#authorImage","url":"https:\/\/secure.gravatar.com\/avatar\/8aa224da0ce3c7d7e2a92a582397a6f3?s=96&d=mm&r=g","width":96,"height":96,"caption":"Jacek Konieczy\u0144ski"}},{"@type":"WebPage","@id":"https:\/\/tuplice.pl\/index.php\/2025\/05\/05\/rozklad-jazdy-autobusow-w-ramach-zorganizowanego-dla-wyborcow-bezplatnego-gminnego-przewozu-pasazerskiego-w-dniu-18-maja-2025-r\/#webpage","url":"https:\/\/tuplice.pl\/index.php\/2025\/05\/05\/rozklad-jazdy-autobusow-w-ramach-zorganizowanego-dla-wyborcow-bezplatnego-gminnego-przewozu-pasazerskiego-w-dniu-18-maja-2025-r\/","name":"ROZK\u0141AD JAZDY AUTOBUS\u00d3W W RAMACH ZORGANIZOWANEGO DLA WYBORC\u00d3W BEZP\u0141ATNEGO GMINNEGO PRZEWOZU PASA\u017bERSKIEGO W DNIU 18 MAJA 2025 r. - Gmina Tuplice","description":"Lokal Obwodowej Komisji Wyborczej Nr 1 w Tuplicach Siedziba - O\u015brodek Pomocy Spo\u0142ecznej ul. Parkowa 17 I kurs Powr\u00f3t II kurs Powr\u00f3t Tuplice lokal wyborczy - 9:45 - 15:45 Jag\u0142owice 9:00 9:50 15:00 15:50 Che\u0142mica 9:05 9:55 15:05 15:55 Tuplice lokal wyborczy 9:10 10:00 15:10 16:00 Cielm\u00f3w 9:15","inLanguage":"pl-PL","isPartOf":{"@id":"https:\/\/tuplice.pl\/#website"},"breadcrumb":{"@id":"https:\/\/tuplice.pl\/index.php\/2025\/05\/05\/rozklad-jazdy-autobusow-w-ramach-zorganizowanego-dla-wyborcow-bezplatnego-gminnego-przewozu-pasazerskiego-w-dniu-18-maja-2025-r\/#breadcrumblist"},"author":{"@id":"https:\/\/tuplice.pl\/index.php\/author\/tuplice\/#author"},"creator":{"@id":"https:\/\/tuplice.pl\/index.php\/author\/tuplice\/#author"},"image":{"@type":"ImageObject","url":"https:\/\/tuplice.pl\/wp-content\/uploads\/2025\/05\/6351-1.jpg","@id":"https:\/\/tuplice.pl\/index.php\/2025\/05\/05\/rozklad-jazdy-autobusow-w-ramach-zorganizowanego-dla-wyborcow-bezplatnego-gminnego-przewozu-pasazerskiego-w-dniu-18-maja-2025-r\/#mainImage","width":1024,"height":724},"primaryImageOfPage":{"@id":"https:\/\/tuplice.pl\/index.php\/2025\/05\/05\/rozklad-jazdy-autobusow-w-ramach-zorganizowanego-dla-wyborcow-bezplatnego-gminnego-przewozu-pasazerskiego-w-dniu-18-maja-2025-r\/#mainImage"},"datePublished":"2025-05-05T13:06:53+02:00","dateModified":"2025-05-05T13:06:53+02:00"},{"@type":"WebSite","@id":"https:\/\/tuplice.pl\/#website","url":"https:\/\/tuplice.pl\/","name":"Gmina Tuplice","description":"Strona Gminy Tuplice","inLanguage":"pl-PL","publisher":{"@id":"https:\/\/tuplice.pl\/#organization"}}]},"og:locale":"pl_PL","og:site_name":"Gmina Tuplice - Strona Gminy Tuplice","og:type":"article","og:title":"ROZK\u0141AD JAZDY AUTOBUS\u00d3W W RAMACH ZORGANIZOWANEGO DLA WYBORC\u00d3W BEZP\u0141ATNEGO GMINNEGO PRZEWOZU PASA\u017bERSKIEGO W DNIU 18 MAJA 2025 r. - Gmina Tuplice","og:description":"Lokal Obwodowej Komisji Wyborczej Nr 1 w Tuplicach Siedziba - O\u015brodek Pomocy Spo\u0142ecznej ul. Parkowa 17 I kurs Powr\u00f3t II kurs Powr\u00f3t Tuplice lokal wyborczy - 9:45 - 15:45 Jag\u0142owice 9:00 9:50 15:00 15:50 Che\u0142mica 9:05 9:55 15:05 15:55 Tuplice lokal wyborczy 9:10 10:00 15:10 16:00 Cielm\u00f3w 9:15","og:url":"https:\/\/tuplice.pl\/index.php\/2025\/05\/05\/rozklad-jazdy-autobusow-w-ramach-zorganizowanego-dla-wyborcow-bezplatnego-gminnego-przewozu-pasazerskiego-w-dniu-18-maja-2025-r\/","article:published_time":"2025-05-05T11:06:53+00:00","article:modified_time":"2025-05-05T11:06:53+00:00","article:publisher":"https:\/\/facebook.com\/Tuplicki Biuletyn Informacyjny","twitter:card":"summary_large_image","twitter:title":"ROZK\u0141AD JAZDY AUTOBUS\u00d3W W RAMACH ZORGANIZOWANEGO DLA WYBORC\u00d3W BEZP\u0141ATNEGO GMINNEGO PRZEWOZU PASA\u017bERSKIEGO W DNIU 18 MAJA 2025 r. - Gmina Tuplice","twitter:description":"Lokal Obwodowej Komisji Wyborczej Nr 1 w Tuplicach Siedziba - O\u015brodek Pomocy Spo\u0142ecznej ul. Parkowa 17 I kurs Powr\u00f3t II kurs Powr\u00f3t Tuplice lokal wyborczy - 9:45 - 15:45 Jag\u0142owice 9:00 9:50 15:00 15:50 Che\u0142mica 9:05 9:55 15:05 15:55 Tuplice lokal wyborczy 9:10 10:00 15:10 16:00 Cielm\u00f3w 9:15"},"aioseo_meta_data":{"post_id":"6352","title":null,"description":null,"keywords":null,"keyphrases":null,"primary_term":null,"canonical_url":null,"og_title":null,"og_description":null,"og_object_type":"default","og_image_type":"default","og_image_url":null,"og_image_width":null,"og_image_height":null,"og_image_custom_url":null,"og_image_custom_fields":null,"og_video":null,"og_custom_url":null,"og_article_section":null,"og_article_tags":null,"twitter_use_og":false,"twitter_card":"default","twitter_image_type":"default","twitter_image_url":null,"twitter_image_custom_url":null,"twitter_image_custom_fields":null,"twitter_title":null,"twitter_description":null,"schema":{"blockGraphs":[],"customGraphs":[],"default":{"data":{"Article":[],"Course":[],"Dataset":[],"FAQPage":[],"Movie":[],"Person":[],"Product":[],"ProductReview":[],"Car":[],"Recipe":[],"Service":[],"SoftwareApplication":[],"WebPage":[]},"graphName":"","isEnabled":true},"graphs":[]},"schema_type":"default","schema_type_options":null,"pillar_content":false,"robots_default":true,"robots_noindex":false,"robots_noarchive":false,"robots_nosnippet":false,"robots_nofollow":false,"robots_noimageindex":false,"robots_noodp":false,"robots_notranslate":false,"robots_max_snippet":null,"robots_max_videopreview":null,"robots_max_imagepreview":"large","priority":null,"frequency":null,"local_seo":null,"breadcrumb_settings":null,"limit_modified_date":false,"ai":null,"created":"2025-07-23 00:57:21","updated":"2025-07-23 00:57:21","seo_analyzer_scan_date":null},"aioseo_breadcrumb":"<div class=\"aioseo-breadcrumbs\"><span class=\"aioseo-breadcrumb\">\n\t\t\t<a href=\"https:\/\/tuplice.pl\" title=\"Home\">Home<\/a>\n\t\t<\/span><span class=\"aioseo-breadcrumb-separator\">&raquo;<\/span><span class=\"aioseo-breadcrumb\">\n\t\t\t<a href=\"https:\/\/tuplice.pl\/index.php\/category\/aktualnosci\/\" title=\"Aktualno\u015bci\">Aktualno\u015bci<\/a>\n\t\t<\/span><span class=\"aioseo-breadcrumb-separator\">&raquo;<\/span><span class=\"aioseo-breadcrumb\">\n\t\t\tROZK\u0141AD JAZDY AUTOBUS\u00d3W W RAMACH ZORGANIZOWANEGO DLA WYBORC\u00d3W BEZP\u0141ATNEGO GMINNEGO PRZEWOZU PASA\u017bERSKIEGO W DNIU 18 MAJA 2025 r.\n\t\t<\/span><\/div>","aioseo_breadcrumb_json":[{"label":"Home","link":"https:\/\/tuplice.pl"},{"label":"Aktualno\u015bci","link":"https:\/\/tuplice.pl\/index.php\/category\/aktualnosci\/"},{"label":"ROZK\u0141AD JAZDY AUTOBUS\u00d3W W RAMACH ZORGANIZOWANEGO DLA WYBORC\u00d3W BEZP\u0141ATNEGO GMINNEGO PRZEWOZU PASA\u017bERSKIEGO W DNIU 18 MAJA 2025 r.","link":"https:\/\/tuplice.pl\/index.php\/2025\/05\/05\/rozklad-jazdy-autobusow-w-ramach-zorganizowanego-dla-wyborcow-bezplatnego-gminnego-przewozu-pasazerskiego-w-dniu-18-maja-2025-r\/"}],"a3_pvc":{"activated":false,"total_views":0,"today_views":0},"_links":{"self":[{"href":"https:\/\/tuplice.pl\/index.php\/wp-json\/wp\/v2\/posts\/6352"}],"collection":[{"href":"https:\/\/tuplice.pl\/index.php\/wp-json\/wp\/v2\/posts"}],"about":[{"href":"https:\/\/tuplice.pl\/index.php\/wp-json\/wp\/v2\/types\/post"}],"author":[{"embeddable":true,"href":"https:\/\/tuplice.pl\/index.php\/wp-json\/wp\/v2\/users\/3"}],"replies":[{"embeddable":true,"href":"https:\/\/tuplice.pl\/index.php\/wp-json\/wp\/v2\/comments?post=6352"}],"version-history":[{"count":1,"href":"https:\/\/tuplice.pl\/index.php\/wp-json\/wp\/v2\/posts\/6352\/revisions"}],"predecessor-version":[{"id":6354,"href":"https:\/\/tuplice.pl\/index.php\/wp-json\/wp\/v2\/posts\/6352\/revisions\/6354"}],"wp:featuredmedia":[{"embeddable":true,"href":"https:\/\/tuplice.pl\/index.php\/wp-json\/wp\/v2\/media\/6353"}],"wp:attachment":[{"href":"https:\/\/tuplice.pl\/index.php\/wp-json\/wp\/v2\/media?parent=6352"}],"wp:term":[{"taxonomy":"category","embeddable":true,"href":"https:\/\/tuplice.pl\/index.php\/wp-json\/wp\/v2\/categories?post=6352"},{"taxonomy":"post_tag","embeddable":true,"href":"https:\/\/tuplice.pl\/index.php\/wp-json\/wp\/v2\/tags?post=6352"}],"curies":[{"name":"wp","href":"https:\/\/api.w.org\/{rel}","templated":true}]}}