{"id":6414,"date":"2025-07-01T11:37:50","date_gmt":"2025-07-01T09:37:50","guid":{"rendered":"https:\/\/tuplice.pl\/?p=6414"},"modified":"2025-07-01T11:37:50","modified_gmt":"2025-07-01T09:37:50","slug":"podziekowania-dla-sponsorow-nocy-swietojanskiej","status":"publish","type":"post","link":"https:\/\/tuplice.pl\/index.php\/2025\/07\/01\/podziekowania-dla-sponsorow-nocy-swietojanskiej\/","title":{"rendered":"Podzi\u0119kowania dla sponsor\u00f3w Nocy \u015awietoja\u0144skiej"},"content":{"rendered":"<div class=\"x1cy8zhl x78zum5 xdt5ytf x2lwn1j xeuugli xdl72j9 x1c4vz4f x2lah0s x16fdfms x161msgk x1s9ed0f x1eapu41 x1r944mn xet2fuk\">\n<div>\n<div class=\"x1rg5ohu x67bb7w\">\n<h5 class=\"x1y1aw1k xpdmqnj xwib8y2 x1g0dm76 x13faqbe xney33w xetholh xltidu3 xgyjjjx xogfrqt x1slwz57 xt0e3qv\" style=\"text-align: center;\">Z ca\u0142ego serca dzi\u0119kujemy wszystkim Sponsorom, kt\u00f3rzy wsparli organizacj\u0119 tegorocznej Nocy \u015awi\u0119toja\u0144skiej w Tuplicach! <img decoding=\"async\" class=\"x1rg5ohu xlup9mm xdj266r x1mpyi22 xat24cr xm2jcoa x47corl xxymvpz x1kky2od img\" src=\"https:\/\/static.xx.fbcdn.net\/images\/emoji.php\/v9\/t1e\/1\/16\/1f33f.png\" alt=\"\ud83c\udf3f\" \/><img decoding=\"async\" class=\"x1rg5ohu xlup9mm xdj266r x1mpyi22 xat24cr xm2jcoa x47corl xxymvpz x1kky2od img\" src=\"https:\/\/static.xx.fbcdn.net\/images\/emoji.php\/v9\/tf4\/1\/16\/2728.png\" alt=\"\u2728\" \/><\/p>\n<p>Dzi\u0119ki Waszej hojno\u015bci i zaanga\u017cowaniu mogli\u015bmy wsp\u00f3lnie prze\u017cy\u0107 magiczny wiecz\u00f3r pe\u0142en muzyki, \u015bwiate\u0142, ta\u0144ca i dobrej energii. Wasze wsparcie to nieoceniona pomoc w budowaniu lokalnej tradycji i wsp\u00f3lnoty. <img decoding=\"async\" class=\"x1rg5ohu xlup9mm xdj266r x1mpyi22 xat24cr xm2jcoa x47corl xxymvpz x1kky2od img\" src=\"https:\/\/static.xx.fbcdn.net\/images\/emoji.php\/v9\/t6c\/1\/16\/2764.png\" alt=\"\u2764\ufe0f\" \/><\/p>\n<p><img decoding=\"async\" class=\"x1rg5ohu xlup9mm xdj266r x1mpyi22 xat24cr xm2jcoa x47corl xxymvpz x1kky2od img\" src=\"https:\/\/static.xx.fbcdn.net\/images\/emoji.php\/v9\/tfe\/1\/16\/1f44f.png\" alt=\"\ud83d\udc4f\" \/> DZI\u0118KUJEMY za zaufanie i ch\u0119\u0107 wsp\u00f3lnego tworzenia wydarzenia, kt\u00f3re na d\u0142ugo zostanie w naszej pami\u0119ci<\/h5>\n<\/div>\n<\/div>\n<\/div>\n<div class=\"wp-block-image\"><\/div>\n<div class=\"wp-block-image\"><a href=\"https:\/\/tuplice.pl\/wp-content\/uploads\/2025\/07\/Dodaj-naglowek_page-0002-scaled.jpg\"><img decoding=\"async\" loading=\"lazy\" class=\"wpa-warning wpa-image-missing-alt aligncenter size-full wp-image-6416\" src=\"https:\/\/tuplice.pl\/wp-content\/uploads\/2025\/07\/Dodaj-naglowek_page-0002-scaled.jpg\" alt=\"\" width=\"2560\" height=\"1440\" data-warning=\"Missing alt text\" srcset=\"https:\/\/tuplice.pl\/wp-content\/uploads\/2025\/07\/Dodaj-naglowek_page-0002-scaled.jpg 2560w, https:\/\/tuplice.pl\/wp-content\/uploads\/2025\/07\/Dodaj-naglowek_page-0002-300x169.jpg 300w, https:\/\/tuplice.pl\/wp-content\/uploads\/2025\/07\/Dodaj-naglowek_page-0002-1024x576.jpg 1024w, https:\/\/tuplice.pl\/wp-content\/uploads\/2025\/07\/Dodaj-naglowek_page-0002-768x432.jpg 768w, https:\/\/tuplice.pl\/wp-content\/uploads\/2025\/07\/Dodaj-naglowek_page-0002-1536x864.jpg 1536w, https:\/\/tuplice.pl\/wp-content\/uploads\/2025\/07\/Dodaj-naglowek_page-0002-2048x1152.jpg 2048w, https:\/\/tuplice.pl\/wp-content\/uploads\/2025\/07\/Dodaj-naglowek_page-0002-1080x608.jpg 1080w, https:\/\/tuplice.pl\/wp-content\/uploads\/2025\/07\/Dodaj-naglowek_page-0002-1280x720.jpg 1280w, https:\/\/tuplice.pl\/wp-content\/uploads\/2025\/07\/Dodaj-naglowek_page-0002-980x551.jpg 980w, https:\/\/tuplice.pl\/wp-content\/uploads\/2025\/07\/Dodaj-naglowek_page-0002-480x270.jpg 480w\" sizes=\"(max-width: 2560px) 100vw, 2560px\" \/><\/a><\/div>\n<div>\n<div class=\"wp-block-image\"><a href=\"https:\/\/tuplice.pl\/wp-content\/uploads\/2025\/07\/Dodaj-naglowek_page-0001-scaled.jpg\"><img decoding=\"async\" loading=\"lazy\" class=\"wpa-warning wpa-image-missing-alt aligncenter size-full wp-image-6415\" src=\"https:\/\/tuplice.pl\/wp-content\/uploads\/2025\/07\/Dodaj-naglowek_page-0001-scaled.jpg\" alt=\"\" width=\"2560\" height=\"1440\" data-warning=\"Missing alt text\" srcset=\"https:\/\/tuplice.pl\/wp-content\/uploads\/2025\/07\/Dodaj-naglowek_page-0001-scaled.jpg 2560w, https:\/\/tuplice.pl\/wp-content\/uploads\/2025\/07\/Dodaj-naglowek_page-0001-300x169.jpg 300w, https:\/\/tuplice.pl\/wp-content\/uploads\/2025\/07\/Dodaj-naglowek_page-0001-1024x576.jpg 1024w, https:\/\/tuplice.pl\/wp-content\/uploads\/2025\/07\/Dodaj-naglowek_page-0001-768x432.jpg 768w, https:\/\/tuplice.pl\/wp-content\/uploads\/2025\/07\/Dodaj-naglowek_page-0001-1536x864.jpg 1536w, https:\/\/tuplice.pl\/wp-content\/uploads\/2025\/07\/Dodaj-naglowek_page-0001-2048x1152.jpg 2048w, https:\/\/tuplice.pl\/wp-content\/uploads\/2025\/07\/Dodaj-naglowek_page-0001-1080x608.jpg 1080w, https:\/\/tuplice.pl\/wp-content\/uploads\/2025\/07\/Dodaj-naglowek_page-0001-1280x720.jpg 1280w, https:\/\/tuplice.pl\/wp-content\/uploads\/2025\/07\/Dodaj-naglowek_page-0001-980x551.jpg 980w, https:\/\/tuplice.pl\/wp-content\/uploads\/2025\/07\/Dodaj-naglowek_page-0001-480x270.jpg 480w\" sizes=\"(max-width: 2560px) 100vw, 2560px\" \/><\/a><\/div>\n<\/div>\n<div><\/div>\n<div><\/div>\n<div><\/div>\n<div><\/div>\n","protected":false},"excerpt":{"rendered":"<p>Z ca\u0142ego serca dzi\u0119kujemy wszystkim Sponsorom, kt\u00f3rzy wsparli organizacj\u0119 tegorocznej Nocy \u015awi\u0119toja\u0144skiej w Tuplicach! Dzi\u0119ki Waszej hojno\u015bci i zaanga\u017cowaniu mogli\u015bmy wsp\u00f3lnie prze\u017cy\u0107 magiczny wiecz\u00f3r pe\u0142en muzyki, \u015bwiate\u0142, ta\u0144ca i dobrej energii. Wasze wsparcie to nieoceniona pomoc w budowaniu lokalnej tradycji i wsp\u00f3lnoty. DZI\u0118KUJEMY za zaufanie i ch\u0119\u0107 wsp\u00f3lnego tworzenia wydarzenia, kt\u00f3re na d\u0142ugo zostanie w [&hellip;]<\/p>\n","protected":false},"author":3,"featured_media":6058,"comment_status":"closed","ping_status":"closed","sticky":false,"template":"","format":"standard","meta":{"_et_pb_use_builder":"","_et_pb_old_content":"","_et_gb_content_width":"","_monsterinsights_skip_tracking":false},"categories":[82],"tags":[],"aioseo_notices":[],"aioseo_head":"\n\t\t<!-- All in One SEO 4.9.10 - aioseo.com -->\n\t<meta name=\"description\" content=\"Z ca\u0142ego serca dzi\u0119kujemy wszystkim Sponsorom, kt\u00f3rzy wsparli organizacj\u0119 tegorocznej Nocy \u015awi\u0119toja\u0144skiej w Tuplicach! Dzi\u0119ki Waszej hojno\u015bci i zaanga\u017cowaniu mogli\u015bmy wsp\u00f3lnie prze\u017cy\u0107 magiczny wiecz\u00f3r pe\u0142en muzyki, \u015bwiate\u0142, ta\u0144ca i dobrej energii. Wasze wsparcie to nieoceniona pomoc w budowaniu lokalnej tradycji i wsp\u00f3lnoty. DZI\u0118KUJEMY za zaufanie i ch\u0119\u0107 wsp\u00f3lnego tworzenia wydarzenia, kt\u00f3re na d\u0142ugo zostanie w\" \/>\n\t<meta name=\"robots\" content=\"max-image-preview:large\" \/>\n\t<meta name=\"author\" content=\"Jacek Konieczy\u0144ski\"\/>\n\t<link rel=\"canonical\" href=\"https:\/\/tuplice.pl\/index.php\/2025\/07\/01\/podziekowania-dla-sponsorow-nocy-swietojanskiej\/\" \/>\n\t<meta name=\"generator\" content=\"All in One SEO (AIOSEO) 4.9.10\" \/>\n\t\t<meta property=\"og:locale\" content=\"pl_PL\" \/>\n\t\t<meta property=\"og:site_name\" content=\"Gmina Tuplice - Strona Gminy Tuplice\" \/>\n\t\t<meta property=\"og:type\" content=\"article\" \/>\n\t\t<meta property=\"og:title\" content=\"Podzi\u0119kowania dla sponsor\u00f3w Nocy \u015awietoja\u0144skiej - Gmina Tuplice\" \/>\n\t\t<meta property=\"og:description\" content=\"Z ca\u0142ego serca dzi\u0119kujemy wszystkim Sponsorom, kt\u00f3rzy wsparli organizacj\u0119 tegorocznej Nocy \u015awi\u0119toja\u0144skiej w Tuplicach! Dzi\u0119ki Waszej hojno\u015bci i zaanga\u017cowaniu mogli\u015bmy wsp\u00f3lnie prze\u017cy\u0107 magiczny wiecz\u00f3r pe\u0142en muzyki, \u015bwiate\u0142, ta\u0144ca i dobrej energii. Wasze wsparcie to nieoceniona pomoc w budowaniu lokalnej tradycji i wsp\u00f3lnoty. DZI\u0118KUJEMY za zaufanie i ch\u0119\u0107 wsp\u00f3lnego tworzenia wydarzenia, kt\u00f3re na d\u0142ugo zostanie w\" \/>\n\t\t<meta property=\"og:url\" content=\"https:\/\/tuplice.pl\/index.php\/2025\/07\/01\/podziekowania-dla-sponsorow-nocy-swietojanskiej\/\" \/>\n\t\t<meta property=\"article:published_time\" content=\"2025-07-01T09:37:50+00:00\" \/>\n\t\t<meta property=\"article:modified_time\" content=\"2025-07-01T09:37:50+00:00\" \/>\n\t\t<meta property=\"article:publisher\" content=\"https:\/\/facebook.com\/Tuplicki Biuletyn Informacyjny\" \/>\n\t\t<meta name=\"twitter:card\" content=\"summary_large_image\" \/>\n\t\t<meta name=\"twitter:title\" content=\"Podzi\u0119kowania dla sponsor\u00f3w Nocy \u015awietoja\u0144skiej - Gmina Tuplice\" \/>\n\t\t<meta name=\"twitter:description\" content=\"Z ca\u0142ego serca dzi\u0119kujemy wszystkim Sponsorom, kt\u00f3rzy wsparli organizacj\u0119 tegorocznej Nocy \u015awi\u0119toja\u0144skiej w Tuplicach! Dzi\u0119ki Waszej hojno\u015bci i zaanga\u017cowaniu mogli\u015bmy wsp\u00f3lnie prze\u017cy\u0107 magiczny wiecz\u00f3r pe\u0142en muzyki, \u015bwiate\u0142, ta\u0144ca i dobrej energii. Wasze wsparcie to nieoceniona pomoc w budowaniu lokalnej tradycji i wsp\u00f3lnoty. DZI\u0118KUJEMY za zaufanie i ch\u0119\u0107 wsp\u00f3lnego tworzenia wydarzenia, kt\u00f3re na d\u0142ugo zostanie w\" \/>\n\t\t<script type=\"application\/ld+json\" class=\"aioseo-schema\">\n\t\t\t{\"@context\":\"https:\\\/\\\/schema.org\",\"@graph\":[{\"@type\":\"BlogPosting\",\"@id\":\"https:\\\/\\\/tuplice.pl\\\/index.php\\\/2025\\\/07\\\/01\\\/podziekowania-dla-sponsorow-nocy-swietojanskiej\\\/#blogposting\",\"name\":\"Podzi\\u0119kowania dla sponsor\\u00f3w Nocy \\u015awietoja\\u0144skiej - Gmina Tuplice\",\"headline\":\"Podzi\\u0119kowania dla sponsor\\u00f3w Nocy \\u015awietoja\\u0144skiej\",\"author\":{\"@id\":\"https:\\\/\\\/tuplice.pl\\\/index.php\\\/author\\\/tuplice\\\/#author\"},\"publisher\":{\"@id\":\"https:\\\/\\\/tuplice.pl\\\/#organization\"},\"image\":{\"@type\":\"ImageObject\",\"url\":\"https:\\\/\\\/tuplice.pl\\\/wp-content\\\/uploads\\\/2024\\\/07\\\/sponsorzy.jpg\",\"width\":535,\"height\":224},\"datePublished\":\"2025-07-01T11:37:50+02:00\",\"dateModified\":\"2025-07-01T11:37:50+02:00\",\"inLanguage\":\"pl-PL\",\"mainEntityOfPage\":{\"@id\":\"https:\\\/\\\/tuplice.pl\\\/index.php\\\/2025\\\/07\\\/01\\\/podziekowania-dla-sponsorow-nocy-swietojanskiej\\\/#webpage\"},\"isPartOf\":{\"@id\":\"https:\\\/\\\/tuplice.pl\\\/index.php\\\/2025\\\/07\\\/01\\\/podziekowania-dla-sponsorow-nocy-swietojanskiej\\\/#webpage\"},\"articleSection\":\"Aktualno\\u015bci\"},{\"@type\":\"BreadcrumbList\",\"@id\":\"https:\\\/\\\/tuplice.pl\\\/index.php\\\/2025\\\/07\\\/01\\\/podziekowania-dla-sponsorow-nocy-swietojanskiej\\\/#breadcrumblist\",\"itemListElement\":[{\"@type\":\"ListItem\",\"@id\":\"https:\\\/\\\/tuplice.pl#listItem\",\"position\":1,\"name\":\"Home\",\"item\":\"https:\\\/\\\/tuplice.pl\",\"nextItem\":{\"@type\":\"ListItem\",\"@id\":\"https:\\\/\\\/tuplice.pl\\\/index.php\\\/category\\\/aktualnosci\\\/#listItem\",\"name\":\"Aktualno\\u015bci\"}},{\"@type\":\"ListItem\",\"@id\":\"https:\\\/\\\/tuplice.pl\\\/index.php\\\/category\\\/aktualnosci\\\/#listItem\",\"position\":2,\"name\":\"Aktualno\\u015bci\",\"item\":\"https:\\\/\\\/tuplice.pl\\\/index.php\\\/category\\\/aktualnosci\\\/\",\"nextItem\":{\"@type\":\"ListItem\",\"@id\":\"https:\\\/\\\/tuplice.pl\\\/index.php\\\/2025\\\/07\\\/01\\\/podziekowania-dla-sponsorow-nocy-swietojanskiej\\\/#listItem\",\"name\":\"Podzi\\u0119kowania dla sponsor\\u00f3w Nocy \\u015awietoja\\u0144skiej\"},\"previousItem\":{\"@type\":\"ListItem\",\"@id\":\"https:\\\/\\\/tuplice.pl#listItem\",\"name\":\"Home\"}},{\"@type\":\"ListItem\",\"@id\":\"https:\\\/\\\/tuplice.pl\\\/index.php\\\/2025\\\/07\\\/01\\\/podziekowania-dla-sponsorow-nocy-swietojanskiej\\\/#listItem\",\"position\":3,\"name\":\"Podzi\\u0119kowania dla sponsor\\u00f3w Nocy \\u015awietoja\\u0144skiej\",\"previousItem\":{\"@type\":\"ListItem\",\"@id\":\"https:\\\/\\\/tuplice.pl\\\/index.php\\\/category\\\/aktualnosci\\\/#listItem\",\"name\":\"Aktualno\\u015bci\"}}]},{\"@type\":\"Organization\",\"@id\":\"https:\\\/\\\/tuplice.pl\\\/#organization\",\"name\":\"Gmina Tuplice Gmina Tuplice\",\"description\":\"Strona Gminy Tuplice Strona Urz\\u0119du Gminy Tuplice\",\"url\":\"https:\\\/\\\/tuplice.pl\\\/\",\"telephone\":\"+48683625720\",\"logo\":{\"@type\":\"ImageObject\",\"url\":\"https:\\\/\\\/tuplice.pl\\\/wp-content\\\/uploads\\\/2025\\\/07\\\/images.png\",\"@id\":\"https:\\\/\\\/tuplice.pl\\\/index.php\\\/2025\\\/07\\\/01\\\/podziekowania-dla-sponsorow-nocy-swietojanskiej\\\/#organizationLogo\",\"width\":282,\"height\":179},\"image\":{\"@id\":\"https:\\\/\\\/tuplice.pl\\\/index.php\\\/2025\\\/07\\\/01\\\/podziekowania-dla-sponsorow-nocy-swietojanskiej\\\/#organizationLogo\"},\"sameAs\":[\"https:\\\/\\\/facebook.com\\\/Tuplicki Biuletyn Informacyjny\",\"https:\\\/\\\/pinterest.com\\\/Tuplicki Biuletyn Informacyjny\",\"https:\\\/\\\/youtube.com\\\/Tuplicki Biuletyn Informacyjny\"]},{\"@type\":\"Person\",\"@id\":\"https:\\\/\\\/tuplice.pl\\\/index.php\\\/author\\\/tuplice\\\/#author\",\"url\":\"https:\\\/\\\/tuplice.pl\\\/index.php\\\/author\\\/tuplice\\\/\",\"name\":\"Jacek Konieczy\\u0144ski\",\"image\":{\"@type\":\"ImageObject\",\"@id\":\"https:\\\/\\\/tuplice.pl\\\/index.php\\\/2025\\\/07\\\/01\\\/podziekowania-dla-sponsorow-nocy-swietojanskiej\\\/#authorImage\",\"url\":\"https:\\\/\\\/secure.gravatar.com\\\/avatar\\\/8aa224da0ce3c7d7e2a92a582397a6f3?s=96&d=mm&r=g\",\"width\":96,\"height\":96,\"caption\":\"Jacek Konieczy\\u0144ski\"}},{\"@type\":\"WebPage\",\"@id\":\"https:\\\/\\\/tuplice.pl\\\/index.php\\\/2025\\\/07\\\/01\\\/podziekowania-dla-sponsorow-nocy-swietojanskiej\\\/#webpage\",\"url\":\"https:\\\/\\\/tuplice.pl\\\/index.php\\\/2025\\\/07\\\/01\\\/podziekowania-dla-sponsorow-nocy-swietojanskiej\\\/\",\"name\":\"Podzi\\u0119kowania dla sponsor\\u00f3w Nocy \\u015awietoja\\u0144skiej - Gmina Tuplice\",\"description\":\"Z ca\\u0142ego serca dzi\\u0119kujemy wszystkim Sponsorom, kt\\u00f3rzy wsparli organizacj\\u0119 tegorocznej Nocy \\u015awi\\u0119toja\\u0144skiej w Tuplicach! Dzi\\u0119ki Waszej hojno\\u015bci i zaanga\\u017cowaniu mogli\\u015bmy wsp\\u00f3lnie prze\\u017cy\\u0107 magiczny wiecz\\u00f3r pe\\u0142en muzyki, \\u015bwiate\\u0142, ta\\u0144ca i dobrej energii. Wasze wsparcie to nieoceniona pomoc w budowaniu lokalnej tradycji i wsp\\u00f3lnoty. DZI\\u0118KUJEMY za zaufanie i ch\\u0119\\u0107 wsp\\u00f3lnego tworzenia wydarzenia, kt\\u00f3re na d\\u0142ugo zostanie w\",\"inLanguage\":\"pl-PL\",\"isPartOf\":{\"@id\":\"https:\\\/\\\/tuplice.pl\\\/#website\"},\"breadcrumb\":{\"@id\":\"https:\\\/\\\/tuplice.pl\\\/index.php\\\/2025\\\/07\\\/01\\\/podziekowania-dla-sponsorow-nocy-swietojanskiej\\\/#breadcrumblist\"},\"author\":{\"@id\":\"https:\\\/\\\/tuplice.pl\\\/index.php\\\/author\\\/tuplice\\\/#author\"},\"creator\":{\"@id\":\"https:\\\/\\\/tuplice.pl\\\/index.php\\\/author\\\/tuplice\\\/#author\"},\"image\":{\"@type\":\"ImageObject\",\"url\":\"https:\\\/\\\/tuplice.pl\\\/wp-content\\\/uploads\\\/2024\\\/07\\\/sponsorzy.jpg\",\"@id\":\"https:\\\/\\\/tuplice.pl\\\/index.php\\\/2025\\\/07\\\/01\\\/podziekowania-dla-sponsorow-nocy-swietojanskiej\\\/#mainImage\",\"width\":535,\"height\":224},\"primaryImageOfPage\":{\"@id\":\"https:\\\/\\\/tuplice.pl\\\/index.php\\\/2025\\\/07\\\/01\\\/podziekowania-dla-sponsorow-nocy-swietojanskiej\\\/#mainImage\"},\"datePublished\":\"2025-07-01T11:37:50+02:00\",\"dateModified\":\"2025-07-01T11:37:50+02:00\"},{\"@type\":\"WebSite\",\"@id\":\"https:\\\/\\\/tuplice.pl\\\/#website\",\"url\":\"https:\\\/\\\/tuplice.pl\\\/\",\"name\":\"Gmina Tuplice\",\"description\":\"Strona Gminy Tuplice\",\"inLanguage\":\"pl-PL\",\"publisher\":{\"@id\":\"https:\\\/\\\/tuplice.pl\\\/#organization\"}}]}\n\t\t<\/script>\n\t\t<!-- All in One SEO -->\n\n","aioseo_head_json":{"title":"Podzi\u0119kowania dla sponsor\u00f3w Nocy \u015awietoja\u0144skiej - Gmina Tuplice","description":"Z ca\u0142ego serca dzi\u0119kujemy wszystkim Sponsorom, kt\u00f3rzy wsparli organizacj\u0119 tegorocznej Nocy \u015awi\u0119toja\u0144skiej w Tuplicach! Dzi\u0119ki Waszej hojno\u015bci i zaanga\u017cowaniu mogli\u015bmy wsp\u00f3lnie prze\u017cy\u0107 magiczny wiecz\u00f3r pe\u0142en muzyki, \u015bwiate\u0142, ta\u0144ca i dobrej energii. Wasze wsparcie to nieoceniona pomoc w budowaniu lokalnej tradycji i wsp\u00f3lnoty. DZI\u0118KUJEMY za zaufanie i ch\u0119\u0107 wsp\u00f3lnego tworzenia wydarzenia, kt\u00f3re na d\u0142ugo zostanie w","canonical_url":"https:\/\/tuplice.pl\/index.php\/2025\/07\/01\/podziekowania-dla-sponsorow-nocy-swietojanskiej\/","robots":"max-image-preview:large","keywords":"","webmasterTools":{"miscellaneous":""},"schema":{"@context":"https:\/\/schema.org","@graph":[{"@type":"BlogPosting","@id":"https:\/\/tuplice.pl\/index.php\/2025\/07\/01\/podziekowania-dla-sponsorow-nocy-swietojanskiej\/#blogposting","name":"Podzi\u0119kowania dla sponsor\u00f3w Nocy \u015awietoja\u0144skiej - Gmina Tuplice","headline":"Podzi\u0119kowania dla sponsor\u00f3w Nocy \u015awietoja\u0144skiej","author":{"@id":"https:\/\/tuplice.pl\/index.php\/author\/tuplice\/#author"},"publisher":{"@id":"https:\/\/tuplice.pl\/#organization"},"image":{"@type":"ImageObject","url":"https:\/\/tuplice.pl\/wp-content\/uploads\/2024\/07\/sponsorzy.jpg","width":535,"height":224},"datePublished":"2025-07-01T11:37:50+02:00","dateModified":"2025-07-01T11:37:50+02:00","inLanguage":"pl-PL","mainEntityOfPage":{"@id":"https:\/\/tuplice.pl\/index.php\/2025\/07\/01\/podziekowania-dla-sponsorow-nocy-swietojanskiej\/#webpage"},"isPartOf":{"@id":"https:\/\/tuplice.pl\/index.php\/2025\/07\/01\/podziekowania-dla-sponsorow-nocy-swietojanskiej\/#webpage"},"articleSection":"Aktualno\u015bci"},{"@type":"BreadcrumbList","@id":"https:\/\/tuplice.pl\/index.php\/2025\/07\/01\/podziekowania-dla-sponsorow-nocy-swietojanskiej\/#breadcrumblist","itemListElement":[{"@type":"ListItem","@id":"https:\/\/tuplice.pl#listItem","position":1,"name":"Home","item":"https:\/\/tuplice.pl","nextItem":{"@type":"ListItem","@id":"https:\/\/tuplice.pl\/index.php\/category\/aktualnosci\/#listItem","name":"Aktualno\u015bci"}},{"@type":"ListItem","@id":"https:\/\/tuplice.pl\/index.php\/category\/aktualnosci\/#listItem","position":2,"name":"Aktualno\u015bci","item":"https:\/\/tuplice.pl\/index.php\/category\/aktualnosci\/","nextItem":{"@type":"ListItem","@id":"https:\/\/tuplice.pl\/index.php\/2025\/07\/01\/podziekowania-dla-sponsorow-nocy-swietojanskiej\/#listItem","name":"Podzi\u0119kowania dla sponsor\u00f3w Nocy \u015awietoja\u0144skiej"},"previousItem":{"@type":"ListItem","@id":"https:\/\/tuplice.pl#listItem","name":"Home"}},{"@type":"ListItem","@id":"https:\/\/tuplice.pl\/index.php\/2025\/07\/01\/podziekowania-dla-sponsorow-nocy-swietojanskiej\/#listItem","position":3,"name":"Podzi\u0119kowania dla sponsor\u00f3w Nocy \u015awietoja\u0144skiej","previousItem":{"@type":"ListItem","@id":"https:\/\/tuplice.pl\/index.php\/category\/aktualnosci\/#listItem","name":"Aktualno\u015bci"}}]},{"@type":"Organization","@id":"https:\/\/tuplice.pl\/#organization","name":"Gmina Tuplice Gmina Tuplice","description":"Strona Gminy Tuplice Strona Urz\u0119du Gminy Tuplice","url":"https:\/\/tuplice.pl\/","telephone":"+48683625720","logo":{"@type":"ImageObject","url":"https:\/\/tuplice.pl\/wp-content\/uploads\/2025\/07\/images.png","@id":"https:\/\/tuplice.pl\/index.php\/2025\/07\/01\/podziekowania-dla-sponsorow-nocy-swietojanskiej\/#organizationLogo","width":282,"height":179},"image":{"@id":"https:\/\/tuplice.pl\/index.php\/2025\/07\/01\/podziekowania-dla-sponsorow-nocy-swietojanskiej\/#organizationLogo"},"sameAs":["https:\/\/facebook.com\/Tuplicki Biuletyn Informacyjny","https:\/\/pinterest.com\/Tuplicki Biuletyn Informacyjny","https:\/\/youtube.com\/Tuplicki Biuletyn Informacyjny"]},{"@type":"Person","@id":"https:\/\/tuplice.pl\/index.php\/author\/tuplice\/#author","url":"https:\/\/tuplice.pl\/index.php\/author\/tuplice\/","name":"Jacek Konieczy\u0144ski","image":{"@type":"ImageObject","@id":"https:\/\/tuplice.pl\/index.php\/2025\/07\/01\/podziekowania-dla-sponsorow-nocy-swietojanskiej\/#authorImage","url":"https:\/\/secure.gravatar.com\/avatar\/8aa224da0ce3c7d7e2a92a582397a6f3?s=96&d=mm&r=g","width":96,"height":96,"caption":"Jacek Konieczy\u0144ski"}},{"@type":"WebPage","@id":"https:\/\/tuplice.pl\/index.php\/2025\/07\/01\/podziekowania-dla-sponsorow-nocy-swietojanskiej\/#webpage","url":"https:\/\/tuplice.pl\/index.php\/2025\/07\/01\/podziekowania-dla-sponsorow-nocy-swietojanskiej\/","name":"Podzi\u0119kowania dla sponsor\u00f3w Nocy \u015awietoja\u0144skiej - Gmina Tuplice","description":"Z ca\u0142ego serca dzi\u0119kujemy wszystkim Sponsorom, kt\u00f3rzy wsparli organizacj\u0119 tegorocznej Nocy \u015awi\u0119toja\u0144skiej w Tuplicach! Dzi\u0119ki Waszej hojno\u015bci i zaanga\u017cowaniu mogli\u015bmy wsp\u00f3lnie prze\u017cy\u0107 magiczny wiecz\u00f3r pe\u0142en muzyki, \u015bwiate\u0142, ta\u0144ca i dobrej energii. Wasze wsparcie to nieoceniona pomoc w budowaniu lokalnej tradycji i wsp\u00f3lnoty. DZI\u0118KUJEMY za zaufanie i ch\u0119\u0107 wsp\u00f3lnego tworzenia wydarzenia, kt\u00f3re na d\u0142ugo zostanie w","inLanguage":"pl-PL","isPartOf":{"@id":"https:\/\/tuplice.pl\/#website"},"breadcrumb":{"@id":"https:\/\/tuplice.pl\/index.php\/2025\/07\/01\/podziekowania-dla-sponsorow-nocy-swietojanskiej\/#breadcrumblist"},"author":{"@id":"https:\/\/tuplice.pl\/index.php\/author\/tuplice\/#author"},"creator":{"@id":"https:\/\/tuplice.pl\/index.php\/author\/tuplice\/#author"},"image":{"@type":"ImageObject","url":"https:\/\/tuplice.pl\/wp-content\/uploads\/2024\/07\/sponsorzy.jpg","@id":"https:\/\/tuplice.pl\/index.php\/2025\/07\/01\/podziekowania-dla-sponsorow-nocy-swietojanskiej\/#mainImage","width":535,"height":224},"primaryImageOfPage":{"@id":"https:\/\/tuplice.pl\/index.php\/2025\/07\/01\/podziekowania-dla-sponsorow-nocy-swietojanskiej\/#mainImage"},"datePublished":"2025-07-01T11:37:50+02:00","dateModified":"2025-07-01T11:37:50+02:00"},{"@type":"WebSite","@id":"https:\/\/tuplice.pl\/#website","url":"https:\/\/tuplice.pl\/","name":"Gmina Tuplice","description":"Strona Gminy Tuplice","inLanguage":"pl-PL","publisher":{"@id":"https:\/\/tuplice.pl\/#organization"}}]},"og:locale":"pl_PL","og:site_name":"Gmina Tuplice - Strona Gminy Tuplice","og:type":"article","og:title":"Podzi\u0119kowania dla sponsor\u00f3w Nocy \u015awietoja\u0144skiej - Gmina Tuplice","og:description":"Z ca\u0142ego serca dzi\u0119kujemy wszystkim Sponsorom, kt\u00f3rzy wsparli organizacj\u0119 tegorocznej Nocy \u015awi\u0119toja\u0144skiej w Tuplicach! Dzi\u0119ki Waszej hojno\u015bci i zaanga\u017cowaniu mogli\u015bmy wsp\u00f3lnie prze\u017cy\u0107 magiczny wiecz\u00f3r pe\u0142en muzyki, \u015bwiate\u0142, ta\u0144ca i dobrej energii. Wasze wsparcie to nieoceniona pomoc w budowaniu lokalnej tradycji i wsp\u00f3lnoty. DZI\u0118KUJEMY za zaufanie i ch\u0119\u0107 wsp\u00f3lnego tworzenia wydarzenia, kt\u00f3re na d\u0142ugo zostanie w","og:url":"https:\/\/tuplice.pl\/index.php\/2025\/07\/01\/podziekowania-dla-sponsorow-nocy-swietojanskiej\/","article:published_time":"2025-07-01T09:37:50+00:00","article:modified_time":"2025-07-01T09:37:50+00:00","article:publisher":"https:\/\/facebook.com\/Tuplicki Biuletyn Informacyjny","twitter:card":"summary_large_image","twitter:title":"Podzi\u0119kowania dla sponsor\u00f3w Nocy \u015awietoja\u0144skiej - Gmina Tuplice","twitter:description":"Z ca\u0142ego serca dzi\u0119kujemy wszystkim Sponsorom, kt\u00f3rzy wsparli organizacj\u0119 tegorocznej Nocy \u015awi\u0119toja\u0144skiej w Tuplicach! Dzi\u0119ki Waszej hojno\u015bci i zaanga\u017cowaniu mogli\u015bmy wsp\u00f3lnie prze\u017cy\u0107 magiczny wiecz\u00f3r pe\u0142en muzyki, \u015bwiate\u0142, ta\u0144ca i dobrej energii. Wasze wsparcie to nieoceniona pomoc w budowaniu lokalnej tradycji i wsp\u00f3lnoty. DZI\u0118KUJEMY za zaufanie i ch\u0119\u0107 wsp\u00f3lnego tworzenia wydarzenia, kt\u00f3re na d\u0142ugo zostanie w"},"aioseo_meta_data":{"post_id":"6414","title":null,"description":null,"keywords":null,"keyphrases":null,"primary_term":null,"canonical_url":null,"og_title":null,"og_description":null,"og_object_type":"default","og_image_type":"default","og_image_url":null,"og_image_width":null,"og_image_height":null,"og_image_custom_url":null,"og_image_custom_fields":null,"og_video":null,"og_custom_url":null,"og_article_section":null,"og_article_tags":null,"twitter_use_og":false,"twitter_card":"default","twitter_image_type":"default","twitter_image_url":null,"twitter_image_custom_url":null,"twitter_image_custom_fields":null,"twitter_title":null,"twitter_description":null,"schema":{"blockGraphs":[],"customGraphs":[],"default":{"data":{"Article":[],"Course":[],"Dataset":[],"FAQPage":[],"Movie":[],"Person":[],"Product":[],"ProductReview":[],"Car":[],"Recipe":[],"Service":[],"SoftwareApplication":[],"WebPage":[]},"graphName":"","isEnabled":true},"graphs":[]},"schema_type":"default","schema_type_options":null,"pillar_content":false,"robots_default":true,"robots_noindex":false,"robots_noarchive":false,"robots_nosnippet":false,"robots_nofollow":false,"robots_noimageindex":false,"robots_noodp":false,"robots_notranslate":false,"robots_max_snippet":null,"robots_max_videopreview":null,"robots_max_imagepreview":"large","priority":null,"frequency":null,"local_seo":null,"breadcrumb_settings":null,"limit_modified_date":false,"ai":null,"created":"2025-07-23 00:57:21","updated":"2025-07-23 00:57:21","seo_analyzer_scan_date":null},"aioseo_breadcrumb":"<div class=\"aioseo-breadcrumbs\"><span class=\"aioseo-breadcrumb\">\n\t\t\t<a href=\"https:\/\/tuplice.pl\" title=\"Home\">Home<\/a>\n\t\t<\/span><span class=\"aioseo-breadcrumb-separator\">&raquo;<\/span><span class=\"aioseo-breadcrumb\">\n\t\t\t<a href=\"https:\/\/tuplice.pl\/index.php\/category\/aktualnosci\/\" title=\"Aktualno\u015bci\">Aktualno\u015bci<\/a>\n\t\t<\/span><span class=\"aioseo-breadcrumb-separator\">&raquo;<\/span><span class=\"aioseo-breadcrumb\">\n\t\t\tPodzi\u0119kowania dla sponsor\u00f3w Nocy \u015awietoja\u0144skiej\n\t\t<\/span><\/div>","aioseo_breadcrumb_json":[{"label":"Home","link":"https:\/\/tuplice.pl"},{"label":"Aktualno\u015bci","link":"https:\/\/tuplice.pl\/index.php\/category\/aktualnosci\/"},{"label":"Podzi\u0119kowania dla sponsor\u00f3w Nocy \u015awietoja\u0144skiej","link":"https:\/\/tuplice.pl\/index.php\/2025\/07\/01\/podziekowania-dla-sponsorow-nocy-swietojanskiej\/"}],"a3_pvc":{"activated":false,"total_views":0,"today_views":0},"_links":{"self":[{"href":"https:\/\/tuplice.pl\/index.php\/wp-json\/wp\/v2\/posts\/6414"}],"collection":[{"href":"https:\/\/tuplice.pl\/index.php\/wp-json\/wp\/v2\/posts"}],"about":[{"href":"https:\/\/tuplice.pl\/index.php\/wp-json\/wp\/v2\/types\/post"}],"author":[{"embeddable":true,"href":"https:\/\/tuplice.pl\/index.php\/wp-json\/wp\/v2\/users\/3"}],"replies":[{"embeddable":true,"href":"https:\/\/tuplice.pl\/index.php\/wp-json\/wp\/v2\/comments?post=6414"}],"version-history":[{"count":1,"href":"https:\/\/tuplice.pl\/index.php\/wp-json\/wp\/v2\/posts\/6414\/revisions"}],"predecessor-version":[{"id":6417,"href":"https:\/\/tuplice.pl\/index.php\/wp-json\/wp\/v2\/posts\/6414\/revisions\/6417"}],"wp:featuredmedia":[{"embeddable":true,"href":"https:\/\/tuplice.pl\/index.php\/wp-json\/wp\/v2\/media\/6058"}],"wp:attachment":[{"href":"https:\/\/tuplice.pl\/index.php\/wp-json\/wp\/v2\/media?parent=6414"}],"wp:term":[{"taxonomy":"category","embeddable":true,"href":"https:\/\/tuplice.pl\/index.php\/wp-json\/wp\/v2\/categories?post=6414"},{"taxonomy":"post_tag","embeddable":true,"href":"https:\/\/tuplice.pl\/index.php\/wp-json\/wp\/v2\/tags?post=6414"}],"curies":[{"name":"wp","href":"https:\/\/api.w.org\/{rel}","templated":true}]}}