{"id":6452,"date":"2025-07-31T23:24:39","date_gmt":"2025-07-31T21:24:39","guid":{"rendered":"https:\/\/tuplice.pl\/?p=6452"},"modified":"2025-07-31T23:24:39","modified_gmt":"2025-07-31T21:24:39","slug":"glosna-proba-syren-alarmowych-w-rocznice-wybuchu-powstania-warszawskiego","status":"publish","type":"post","link":"https:\/\/tuplice.pl\/index.php\/2025\/07\/31\/glosna-proba-syren-alarmowych-w-rocznice-wybuchu-powstania-warszawskiego\/","title":{"rendered":"G\u0142o\u015bna pr\u00f3ba syren alarmowych w rocznic\u0119 wybuchu Powstania Warszawskiego"},"content":{"rendered":"<p style=\"text-align: center;\">\nW zwi\u0105zku z planowanym na dzie\u0144 1 sierpnia 2025 r. og\u00f3lnokrajowym treningiem u\u017cycia systemu powiadamiania, ostrzegania i alarmowania, na obszarze wojew\u00f3dztwa lubuskiego przeprowadzona zostanie g\u0142o\u015bna pr\u00f3ba syren alarmowych.<\/p>\n<p style=\"text-align: center;\">1 sierpnia 2025 r. o godz. 17:00 zostanie nadany sygna\u0142 alarmowy:<br \/>\n\ud83d\udd0a ci\u0105g\u0142y d\u017awi\u0119k syreny trwaj\u0105cy 1 min.<\/p>\n<p style=\"text-align: center;\">\ud83c\uddf5\ud83c\uddf1 #Pami\u0119tamy<\/p>\n<p style=\"text-align: center;\">#PowstanieWarszawskie<\/p>\n","protected":false},"excerpt":{"rendered":"<p>W zwi\u0105zku z planowanym na dzie\u0144 1 sierpnia 2025 r. og\u00f3lnokrajowym treningiem u\u017cycia systemu powiadamiania, ostrzegania i alarmowania, na obszarze wojew\u00f3dztwa lubuskiego przeprowadzona zostanie g\u0142o\u015bna pr\u00f3ba syren alarmowych. 1 sierpnia 2025 r. o godz. 17:00 zostanie nadany sygna\u0142 alarmowy: \ud83d\udd0a ci\u0105g\u0142y d\u017awi\u0119k syreny trwaj\u0105cy 1 min. \ud83c\uddf5\ud83c\uddf1 #Pami\u0119tamy #PowstanieWarszawskie<\/p>\n","protected":false},"author":3,"featured_media":6453,"comment_status":"closed","ping_status":"closed","sticky":false,"template":"","format":"standard","meta":{"_et_pb_use_builder":"","_et_pb_old_content":"","_et_gb_content_width":"","_monsterinsights_skip_tracking":false},"categories":[82],"tags":[],"aioseo_notices":[],"aioseo_head":"\n\t\t<!-- All in One SEO 4.9.10 - aioseo.com -->\n\t<meta name=\"description\" content=\"W zwi\u0105zku z planowanym na dzie\u0144 1 sierpnia 2025 r. og\u00f3lnokrajowym treningiem u\u017cycia systemu powiadamiania, ostrzegania i alarmowania, na obszarze wojew\u00f3dztwa lubuskiego przeprowadzona zostanie g\u0142o\u015bna pr\u00f3ba syren alarmowych. 1 sierpnia 2025 r. o godz. 17:00 zostanie nadany sygna\u0142 alarmowy: \ud83d\udd0a ci\u0105g\u0142y d\u017awi\u0119k syreny trwaj\u0105cy 1 min. \ud83c\uddf5\ud83c\uddf1 #Pami\u0119tamy #PowstanieWarszawskie\" \/>\n\t<meta name=\"robots\" content=\"max-image-preview:large\" \/>\n\t<meta name=\"author\" content=\"Jacek Konieczy\u0144ski\"\/>\n\t<link rel=\"canonical\" href=\"https:\/\/tuplice.pl\/index.php\/2025\/07\/31\/glosna-proba-syren-alarmowych-w-rocznice-wybuchu-powstania-warszawskiego\/\" \/>\n\t<meta name=\"generator\" content=\"All in One SEO (AIOSEO) 4.9.10\" \/>\n\t\t<meta property=\"og:locale\" content=\"pl_PL\" \/>\n\t\t<meta property=\"og:site_name\" content=\"Gmina Tuplice - Strona Gminy Tuplice\" \/>\n\t\t<meta property=\"og:type\" content=\"article\" \/>\n\t\t<meta property=\"og:title\" content=\"G\u0142o\u015bna pr\u00f3ba syren alarmowych w rocznic\u0119 wybuchu Powstania Warszawskiego - Gmina Tuplice\" \/>\n\t\t<meta property=\"og:description\" content=\"W zwi\u0105zku z planowanym na dzie\u0144 1 sierpnia 2025 r. og\u00f3lnokrajowym treningiem u\u017cycia systemu powiadamiania, ostrzegania i alarmowania, na obszarze wojew\u00f3dztwa lubuskiego przeprowadzona zostanie g\u0142o\u015bna pr\u00f3ba syren alarmowych. 1 sierpnia 2025 r. o godz. 17:00 zostanie nadany sygna\u0142 alarmowy: \ud83d\udd0a ci\u0105g\u0142y d\u017awi\u0119k syreny trwaj\u0105cy 1 min. \ud83c\uddf5\ud83c\uddf1 #Pami\u0119tamy #PowstanieWarszawskie\" \/>\n\t\t<meta property=\"og:url\" content=\"https:\/\/tuplice.pl\/index.php\/2025\/07\/31\/glosna-proba-syren-alarmowych-w-rocznice-wybuchu-powstania-warszawskiego\/\" \/>\n\t\t<meta property=\"article:published_time\" content=\"2025-07-31T21:24:39+00:00\" \/>\n\t\t<meta property=\"article:modified_time\" content=\"2025-07-31T21:24:39+00:00\" \/>\n\t\t<meta property=\"article:publisher\" content=\"https:\/\/facebook.com\/Tuplicki Biuletyn Informacyjny\" \/>\n\t\t<meta name=\"twitter:card\" content=\"summary_large_image\" \/>\n\t\t<meta name=\"twitter:title\" content=\"G\u0142o\u015bna pr\u00f3ba syren alarmowych w rocznic\u0119 wybuchu Powstania Warszawskiego - Gmina Tuplice\" \/>\n\t\t<meta name=\"twitter:description\" content=\"W zwi\u0105zku z planowanym na dzie\u0144 1 sierpnia 2025 r. og\u00f3lnokrajowym treningiem u\u017cycia systemu powiadamiania, ostrzegania i alarmowania, na obszarze wojew\u00f3dztwa lubuskiego przeprowadzona zostanie g\u0142o\u015bna pr\u00f3ba syren alarmowych. 1 sierpnia 2025 r. o godz. 17:00 zostanie nadany sygna\u0142 alarmowy: \ud83d\udd0a ci\u0105g\u0142y d\u017awi\u0119k syreny trwaj\u0105cy 1 min. \ud83c\uddf5\ud83c\uddf1 #Pami\u0119tamy #PowstanieWarszawskie\" \/>\n\t\t<script type=\"application\/ld+json\" class=\"aioseo-schema\">\n\t\t\t{\"@context\":\"https:\\\/\\\/schema.org\",\"@graph\":[{\"@type\":\"BlogPosting\",\"@id\":\"https:\\\/\\\/tuplice.pl\\\/index.php\\\/2025\\\/07\\\/31\\\/glosna-proba-syren-alarmowych-w-rocznice-wybuchu-powstania-warszawskiego\\\/#blogposting\",\"name\":\"G\\u0142o\\u015bna pr\\u00f3ba syren alarmowych w rocznic\\u0119 wybuchu Powstania Warszawskiego - Gmina Tuplice\",\"headline\":\"G\\u0142o\\u015bna pr\\u00f3ba syren alarmowych w rocznic\\u0119 wybuchu Powstania Warszawskiego\",\"author\":{\"@id\":\"https:\\\/\\\/tuplice.pl\\\/index.php\\\/author\\\/tuplice\\\/#author\"},\"publisher\":{\"@id\":\"https:\\\/\\\/tuplice.pl\\\/#organization\"},\"image\":{\"@type\":\"ImageObject\",\"url\":\"https:\\\/\\\/tuplice.pl\\\/wp-content\\\/uploads\\\/2025\\\/07\\\/IMG_1717.jpeg\",\"width\":1024,\"height\":576},\"datePublished\":\"2025-07-31T23:24:39+02:00\",\"dateModified\":\"2025-07-31T23:24:39+02:00\",\"inLanguage\":\"pl-PL\",\"mainEntityOfPage\":{\"@id\":\"https:\\\/\\\/tuplice.pl\\\/index.php\\\/2025\\\/07\\\/31\\\/glosna-proba-syren-alarmowych-w-rocznice-wybuchu-powstania-warszawskiego\\\/#webpage\"},\"isPartOf\":{\"@id\":\"https:\\\/\\\/tuplice.pl\\\/index.php\\\/2025\\\/07\\\/31\\\/glosna-proba-syren-alarmowych-w-rocznice-wybuchu-powstania-warszawskiego\\\/#webpage\"},\"articleSection\":\"Aktualno\\u015bci\"},{\"@type\":\"BreadcrumbList\",\"@id\":\"https:\\\/\\\/tuplice.pl\\\/index.php\\\/2025\\\/07\\\/31\\\/glosna-proba-syren-alarmowych-w-rocznice-wybuchu-powstania-warszawskiego\\\/#breadcrumblist\",\"itemListElement\":[{\"@type\":\"ListItem\",\"@id\":\"https:\\\/\\\/tuplice.pl#listItem\",\"position\":1,\"name\":\"Home\",\"item\":\"https:\\\/\\\/tuplice.pl\",\"nextItem\":{\"@type\":\"ListItem\",\"@id\":\"https:\\\/\\\/tuplice.pl\\\/index.php\\\/category\\\/aktualnosci\\\/#listItem\",\"name\":\"Aktualno\\u015bci\"}},{\"@type\":\"ListItem\",\"@id\":\"https:\\\/\\\/tuplice.pl\\\/index.php\\\/category\\\/aktualnosci\\\/#listItem\",\"position\":2,\"name\":\"Aktualno\\u015bci\",\"item\":\"https:\\\/\\\/tuplice.pl\\\/index.php\\\/category\\\/aktualnosci\\\/\",\"nextItem\":{\"@type\":\"ListItem\",\"@id\":\"https:\\\/\\\/tuplice.pl\\\/index.php\\\/2025\\\/07\\\/31\\\/glosna-proba-syren-alarmowych-w-rocznice-wybuchu-powstania-warszawskiego\\\/#listItem\",\"name\":\"G\\u0142o\\u015bna pr\\u00f3ba syren alarmowych w rocznic\\u0119 wybuchu Powstania Warszawskiego\"},\"previousItem\":{\"@type\":\"ListItem\",\"@id\":\"https:\\\/\\\/tuplice.pl#listItem\",\"name\":\"Home\"}},{\"@type\":\"ListItem\",\"@id\":\"https:\\\/\\\/tuplice.pl\\\/index.php\\\/2025\\\/07\\\/31\\\/glosna-proba-syren-alarmowych-w-rocznice-wybuchu-powstania-warszawskiego\\\/#listItem\",\"position\":3,\"name\":\"G\\u0142o\\u015bna pr\\u00f3ba syren alarmowych w rocznic\\u0119 wybuchu Powstania Warszawskiego\",\"previousItem\":{\"@type\":\"ListItem\",\"@id\":\"https:\\\/\\\/tuplice.pl\\\/index.php\\\/category\\\/aktualnosci\\\/#listItem\",\"name\":\"Aktualno\\u015bci\"}}]},{\"@type\":\"Organization\",\"@id\":\"https:\\\/\\\/tuplice.pl\\\/#organization\",\"name\":\"Gmina Tuplice Gmina Tuplice\",\"description\":\"Strona Gminy Tuplice Strona Urz\\u0119du Gminy Tuplice\",\"url\":\"https:\\\/\\\/tuplice.pl\\\/\",\"telephone\":\"+48683625720\",\"logo\":{\"@type\":\"ImageObject\",\"url\":\"https:\\\/\\\/tuplice.pl\\\/wp-content\\\/uploads\\\/2025\\\/07\\\/images.png\",\"@id\":\"https:\\\/\\\/tuplice.pl\\\/index.php\\\/2025\\\/07\\\/31\\\/glosna-proba-syren-alarmowych-w-rocznice-wybuchu-powstania-warszawskiego\\\/#organizationLogo\",\"width\":282,\"height\":179},\"image\":{\"@id\":\"https:\\\/\\\/tuplice.pl\\\/index.php\\\/2025\\\/07\\\/31\\\/glosna-proba-syren-alarmowych-w-rocznice-wybuchu-powstania-warszawskiego\\\/#organizationLogo\"},\"sameAs\":[\"https:\\\/\\\/facebook.com\\\/Tuplicki Biuletyn Informacyjny\",\"https:\\\/\\\/pinterest.com\\\/Tuplicki Biuletyn Informacyjny\",\"https:\\\/\\\/youtube.com\\\/Tuplicki Biuletyn Informacyjny\"]},{\"@type\":\"Person\",\"@id\":\"https:\\\/\\\/tuplice.pl\\\/index.php\\\/author\\\/tuplice\\\/#author\",\"url\":\"https:\\\/\\\/tuplice.pl\\\/index.php\\\/author\\\/tuplice\\\/\",\"name\":\"Jacek Konieczy\\u0144ski\",\"image\":{\"@type\":\"ImageObject\",\"@id\":\"https:\\\/\\\/tuplice.pl\\\/index.php\\\/2025\\\/07\\\/31\\\/glosna-proba-syren-alarmowych-w-rocznice-wybuchu-powstania-warszawskiego\\\/#authorImage\",\"url\":\"https:\\\/\\\/secure.gravatar.com\\\/avatar\\\/8aa224da0ce3c7d7e2a92a582397a6f3?s=96&d=mm&r=g\",\"width\":96,\"height\":96,\"caption\":\"Jacek Konieczy\\u0144ski\"}},{\"@type\":\"WebPage\",\"@id\":\"https:\\\/\\\/tuplice.pl\\\/index.php\\\/2025\\\/07\\\/31\\\/glosna-proba-syren-alarmowych-w-rocznice-wybuchu-powstania-warszawskiego\\\/#webpage\",\"url\":\"https:\\\/\\\/tuplice.pl\\\/index.php\\\/2025\\\/07\\\/31\\\/glosna-proba-syren-alarmowych-w-rocznice-wybuchu-powstania-warszawskiego\\\/\",\"name\":\"G\\u0142o\\u015bna pr\\u00f3ba syren alarmowych w rocznic\\u0119 wybuchu Powstania Warszawskiego - Gmina Tuplice\",\"description\":\"W zwi\\u0105zku z planowanym na dzie\\u0144 1 sierpnia 2025 r. og\\u00f3lnokrajowym treningiem u\\u017cycia systemu powiadamiania, ostrzegania i alarmowania, na obszarze wojew\\u00f3dztwa lubuskiego przeprowadzona zostanie g\\u0142o\\u015bna pr\\u00f3ba syren alarmowych. 1 sierpnia 2025 r. o godz. 17:00 zostanie nadany sygna\\u0142 alarmowy: \\ud83d\\udd0a ci\\u0105g\\u0142y d\\u017awi\\u0119k syreny trwaj\\u0105cy 1 min. \\ud83c\\uddf5\\ud83c\\uddf1 #Pami\\u0119tamy #PowstanieWarszawskie\",\"inLanguage\":\"pl-PL\",\"isPartOf\":{\"@id\":\"https:\\\/\\\/tuplice.pl\\\/#website\"},\"breadcrumb\":{\"@id\":\"https:\\\/\\\/tuplice.pl\\\/index.php\\\/2025\\\/07\\\/31\\\/glosna-proba-syren-alarmowych-w-rocznice-wybuchu-powstania-warszawskiego\\\/#breadcrumblist\"},\"author\":{\"@id\":\"https:\\\/\\\/tuplice.pl\\\/index.php\\\/author\\\/tuplice\\\/#author\"},\"creator\":{\"@id\":\"https:\\\/\\\/tuplice.pl\\\/index.php\\\/author\\\/tuplice\\\/#author\"},\"image\":{\"@type\":\"ImageObject\",\"url\":\"https:\\\/\\\/tuplice.pl\\\/wp-content\\\/uploads\\\/2025\\\/07\\\/IMG_1717.jpeg\",\"@id\":\"https:\\\/\\\/tuplice.pl\\\/index.php\\\/2025\\\/07\\\/31\\\/glosna-proba-syren-alarmowych-w-rocznice-wybuchu-powstania-warszawskiego\\\/#mainImage\",\"width\":1024,\"height\":576},\"primaryImageOfPage\":{\"@id\":\"https:\\\/\\\/tuplice.pl\\\/index.php\\\/2025\\\/07\\\/31\\\/glosna-proba-syren-alarmowych-w-rocznice-wybuchu-powstania-warszawskiego\\\/#mainImage\"},\"datePublished\":\"2025-07-31T23:24:39+02:00\",\"dateModified\":\"2025-07-31T23:24:39+02:00\"},{\"@type\":\"WebSite\",\"@id\":\"https:\\\/\\\/tuplice.pl\\\/#website\",\"url\":\"https:\\\/\\\/tuplice.pl\\\/\",\"name\":\"Gmina Tuplice\",\"description\":\"Strona Gminy Tuplice\",\"inLanguage\":\"pl-PL\",\"publisher\":{\"@id\":\"https:\\\/\\\/tuplice.pl\\\/#organization\"}}]}\n\t\t<\/script>\n\t\t<!-- All in One SEO -->\n\n","aioseo_head_json":{"title":"G\u0142o\u015bna pr\u00f3ba syren alarmowych w rocznic\u0119 wybuchu Powstania Warszawskiego - Gmina Tuplice","description":"W zwi\u0105zku z planowanym na dzie\u0144 1 sierpnia 2025 r. og\u00f3lnokrajowym treningiem u\u017cycia systemu powiadamiania, ostrzegania i alarmowania, na obszarze wojew\u00f3dztwa lubuskiego przeprowadzona zostanie g\u0142o\u015bna pr\u00f3ba syren alarmowych. 1 sierpnia 2025 r. o godz. 17:00 zostanie nadany sygna\u0142 alarmowy: \ud83d\udd0a ci\u0105g\u0142y d\u017awi\u0119k syreny trwaj\u0105cy 1 min. \ud83c\uddf5\ud83c\uddf1 #Pami\u0119tamy #PowstanieWarszawskie","canonical_url":"https:\/\/tuplice.pl\/index.php\/2025\/07\/31\/glosna-proba-syren-alarmowych-w-rocznice-wybuchu-powstania-warszawskiego\/","robots":"max-image-preview:large","keywords":"","webmasterTools":{"miscellaneous":""},"schema":{"@context":"https:\/\/schema.org","@graph":[{"@type":"BlogPosting","@id":"https:\/\/tuplice.pl\/index.php\/2025\/07\/31\/glosna-proba-syren-alarmowych-w-rocznice-wybuchu-powstania-warszawskiego\/#blogposting","name":"G\u0142o\u015bna pr\u00f3ba syren alarmowych w rocznic\u0119 wybuchu Powstania Warszawskiego - Gmina Tuplice","headline":"G\u0142o\u015bna pr\u00f3ba syren alarmowych w rocznic\u0119 wybuchu Powstania Warszawskiego","author":{"@id":"https:\/\/tuplice.pl\/index.php\/author\/tuplice\/#author"},"publisher":{"@id":"https:\/\/tuplice.pl\/#organization"},"image":{"@type":"ImageObject","url":"https:\/\/tuplice.pl\/wp-content\/uploads\/2025\/07\/IMG_1717.jpeg","width":1024,"height":576},"datePublished":"2025-07-31T23:24:39+02:00","dateModified":"2025-07-31T23:24:39+02:00","inLanguage":"pl-PL","mainEntityOfPage":{"@id":"https:\/\/tuplice.pl\/index.php\/2025\/07\/31\/glosna-proba-syren-alarmowych-w-rocznice-wybuchu-powstania-warszawskiego\/#webpage"},"isPartOf":{"@id":"https:\/\/tuplice.pl\/index.php\/2025\/07\/31\/glosna-proba-syren-alarmowych-w-rocznice-wybuchu-powstania-warszawskiego\/#webpage"},"articleSection":"Aktualno\u015bci"},{"@type":"BreadcrumbList","@id":"https:\/\/tuplice.pl\/index.php\/2025\/07\/31\/glosna-proba-syren-alarmowych-w-rocznice-wybuchu-powstania-warszawskiego\/#breadcrumblist","itemListElement":[{"@type":"ListItem","@id":"https:\/\/tuplice.pl#listItem","position":1,"name":"Home","item":"https:\/\/tuplice.pl","nextItem":{"@type":"ListItem","@id":"https:\/\/tuplice.pl\/index.php\/category\/aktualnosci\/#listItem","name":"Aktualno\u015bci"}},{"@type":"ListItem","@id":"https:\/\/tuplice.pl\/index.php\/category\/aktualnosci\/#listItem","position":2,"name":"Aktualno\u015bci","item":"https:\/\/tuplice.pl\/index.php\/category\/aktualnosci\/","nextItem":{"@type":"ListItem","@id":"https:\/\/tuplice.pl\/index.php\/2025\/07\/31\/glosna-proba-syren-alarmowych-w-rocznice-wybuchu-powstania-warszawskiego\/#listItem","name":"G\u0142o\u015bna pr\u00f3ba syren alarmowych w rocznic\u0119 wybuchu Powstania Warszawskiego"},"previousItem":{"@type":"ListItem","@id":"https:\/\/tuplice.pl#listItem","name":"Home"}},{"@type":"ListItem","@id":"https:\/\/tuplice.pl\/index.php\/2025\/07\/31\/glosna-proba-syren-alarmowych-w-rocznice-wybuchu-powstania-warszawskiego\/#listItem","position":3,"name":"G\u0142o\u015bna pr\u00f3ba syren alarmowych w rocznic\u0119 wybuchu Powstania Warszawskiego","previousItem":{"@type":"ListItem","@id":"https:\/\/tuplice.pl\/index.php\/category\/aktualnosci\/#listItem","name":"Aktualno\u015bci"}}]},{"@type":"Organization","@id":"https:\/\/tuplice.pl\/#organization","name":"Gmina Tuplice Gmina Tuplice","description":"Strona Gminy Tuplice Strona Urz\u0119du Gminy Tuplice","url":"https:\/\/tuplice.pl\/","telephone":"+48683625720","logo":{"@type":"ImageObject","url":"https:\/\/tuplice.pl\/wp-content\/uploads\/2025\/07\/images.png","@id":"https:\/\/tuplice.pl\/index.php\/2025\/07\/31\/glosna-proba-syren-alarmowych-w-rocznice-wybuchu-powstania-warszawskiego\/#organizationLogo","width":282,"height":179},"image":{"@id":"https:\/\/tuplice.pl\/index.php\/2025\/07\/31\/glosna-proba-syren-alarmowych-w-rocznice-wybuchu-powstania-warszawskiego\/#organizationLogo"},"sameAs":["https:\/\/facebook.com\/Tuplicki Biuletyn Informacyjny","https:\/\/pinterest.com\/Tuplicki Biuletyn Informacyjny","https:\/\/youtube.com\/Tuplicki Biuletyn Informacyjny"]},{"@type":"Person","@id":"https:\/\/tuplice.pl\/index.php\/author\/tuplice\/#author","url":"https:\/\/tuplice.pl\/index.php\/author\/tuplice\/","name":"Jacek Konieczy\u0144ski","image":{"@type":"ImageObject","@id":"https:\/\/tuplice.pl\/index.php\/2025\/07\/31\/glosna-proba-syren-alarmowych-w-rocznice-wybuchu-powstania-warszawskiego\/#authorImage","url":"https:\/\/secure.gravatar.com\/avatar\/8aa224da0ce3c7d7e2a92a582397a6f3?s=96&d=mm&r=g","width":96,"height":96,"caption":"Jacek Konieczy\u0144ski"}},{"@type":"WebPage","@id":"https:\/\/tuplice.pl\/index.php\/2025\/07\/31\/glosna-proba-syren-alarmowych-w-rocznice-wybuchu-powstania-warszawskiego\/#webpage","url":"https:\/\/tuplice.pl\/index.php\/2025\/07\/31\/glosna-proba-syren-alarmowych-w-rocznice-wybuchu-powstania-warszawskiego\/","name":"G\u0142o\u015bna pr\u00f3ba syren alarmowych w rocznic\u0119 wybuchu Powstania Warszawskiego - Gmina Tuplice","description":"W zwi\u0105zku z planowanym na dzie\u0144 1 sierpnia 2025 r. og\u00f3lnokrajowym treningiem u\u017cycia systemu powiadamiania, ostrzegania i alarmowania, na obszarze wojew\u00f3dztwa lubuskiego przeprowadzona zostanie g\u0142o\u015bna pr\u00f3ba syren alarmowych. 1 sierpnia 2025 r. o godz. 17:00 zostanie nadany sygna\u0142 alarmowy: \ud83d\udd0a ci\u0105g\u0142y d\u017awi\u0119k syreny trwaj\u0105cy 1 min. \ud83c\uddf5\ud83c\uddf1 #Pami\u0119tamy #PowstanieWarszawskie","inLanguage":"pl-PL","isPartOf":{"@id":"https:\/\/tuplice.pl\/#website"},"breadcrumb":{"@id":"https:\/\/tuplice.pl\/index.php\/2025\/07\/31\/glosna-proba-syren-alarmowych-w-rocznice-wybuchu-powstania-warszawskiego\/#breadcrumblist"},"author":{"@id":"https:\/\/tuplice.pl\/index.php\/author\/tuplice\/#author"},"creator":{"@id":"https:\/\/tuplice.pl\/index.php\/author\/tuplice\/#author"},"image":{"@type":"ImageObject","url":"https:\/\/tuplice.pl\/wp-content\/uploads\/2025\/07\/IMG_1717.jpeg","@id":"https:\/\/tuplice.pl\/index.php\/2025\/07\/31\/glosna-proba-syren-alarmowych-w-rocznice-wybuchu-powstania-warszawskiego\/#mainImage","width":1024,"height":576},"primaryImageOfPage":{"@id":"https:\/\/tuplice.pl\/index.php\/2025\/07\/31\/glosna-proba-syren-alarmowych-w-rocznice-wybuchu-powstania-warszawskiego\/#mainImage"},"datePublished":"2025-07-31T23:24:39+02:00","dateModified":"2025-07-31T23:24:39+02:00"},{"@type":"WebSite","@id":"https:\/\/tuplice.pl\/#website","url":"https:\/\/tuplice.pl\/","name":"Gmina Tuplice","description":"Strona Gminy Tuplice","inLanguage":"pl-PL","publisher":{"@id":"https:\/\/tuplice.pl\/#organization"}}]},"og:locale":"pl_PL","og:site_name":"Gmina Tuplice - Strona Gminy Tuplice","og:type":"article","og:title":"G\u0142o\u015bna pr\u00f3ba syren alarmowych w rocznic\u0119 wybuchu Powstania Warszawskiego - Gmina Tuplice","og:description":"W zwi\u0105zku z planowanym na dzie\u0144 1 sierpnia 2025 r. og\u00f3lnokrajowym treningiem u\u017cycia systemu powiadamiania, ostrzegania i alarmowania, na obszarze wojew\u00f3dztwa lubuskiego przeprowadzona zostanie g\u0142o\u015bna pr\u00f3ba syren alarmowych. 1 sierpnia 2025 r. o godz. 17:00 zostanie nadany sygna\u0142 alarmowy: \ud83d\udd0a ci\u0105g\u0142y d\u017awi\u0119k syreny trwaj\u0105cy 1 min. \ud83c\uddf5\ud83c\uddf1 #Pami\u0119tamy #PowstanieWarszawskie","og:url":"https:\/\/tuplice.pl\/index.php\/2025\/07\/31\/glosna-proba-syren-alarmowych-w-rocznice-wybuchu-powstania-warszawskiego\/","article:published_time":"2025-07-31T21:24:39+00:00","article:modified_time":"2025-07-31T21:24:39+00:00","article:publisher":"https:\/\/facebook.com\/Tuplicki Biuletyn Informacyjny","twitter:card":"summary_large_image","twitter:title":"G\u0142o\u015bna pr\u00f3ba syren alarmowych w rocznic\u0119 wybuchu Powstania Warszawskiego - Gmina Tuplice","twitter:description":"W zwi\u0105zku z planowanym na dzie\u0144 1 sierpnia 2025 r. og\u00f3lnokrajowym treningiem u\u017cycia systemu powiadamiania, ostrzegania i alarmowania, na obszarze wojew\u00f3dztwa lubuskiego przeprowadzona zostanie g\u0142o\u015bna pr\u00f3ba syren alarmowych. 1 sierpnia 2025 r. o godz. 17:00 zostanie nadany sygna\u0142 alarmowy: \ud83d\udd0a ci\u0105g\u0142y d\u017awi\u0119k syreny trwaj\u0105cy 1 min. \ud83c\uddf5\ud83c\uddf1 #Pami\u0119tamy #PowstanieWarszawskie"},"aioseo_meta_data":{"post_id":"6452","title":null,"description":null,"keywords":null,"keyphrases":{"focus":{"keyphrase":"","score":0,"analysis":{"keyphraseInTitle":{"score":0,"maxScore":9,"error":1}}},"additional":[]},"primary_term":null,"canonical_url":null,"og_title":null,"og_description":null,"og_object_type":"default","og_image_type":"default","og_image_url":null,"og_image_width":null,"og_image_height":null,"og_image_custom_url":null,"og_image_custom_fields":null,"og_video":"","og_custom_url":null,"og_article_section":null,"og_article_tags":null,"twitter_use_og":false,"twitter_card":"default","twitter_image_type":"default","twitter_image_url":null,"twitter_image_custom_url":null,"twitter_image_custom_fields":null,"twitter_title":null,"twitter_description":null,"schema":{"blockGraphs":[],"customGraphs":[],"default":{"data":{"Article":[],"Course":[],"Dataset":[],"FAQPage":[],"Movie":[],"Person":[],"Product":[],"ProductReview":[],"Car":[],"Recipe":[],"Service":[],"SoftwareApplication":[],"WebPage":[]},"graphName":"BlogPosting","isEnabled":true},"graphs":[]},"schema_type":"default","schema_type_options":null,"pillar_content":false,"robots_default":true,"robots_noindex":false,"robots_noarchive":false,"robots_nosnippet":false,"robots_nofollow":false,"robots_noimageindex":false,"robots_noodp":false,"robots_notranslate":false,"robots_max_snippet":"-1","robots_max_videopreview":"-1","robots_max_imagepreview":"large","priority":null,"frequency":"default","local_seo":null,"breadcrumb_settings":null,"limit_modified_date":false,"ai":{"faqs":[],"keyPoints":[],"titles":[],"descriptions":[],"socialPosts":{"email":[],"linkedin":[],"twitter":[],"facebook":[],"instagram":[]}},"created":"2025-07-31 21:24:39","updated":"2025-07-31 21:30:56","seo_analyzer_scan_date":null},"aioseo_breadcrumb":"<div class=\"aioseo-breadcrumbs\"><span class=\"aioseo-breadcrumb\">\n\t\t\t<a href=\"https:\/\/tuplice.pl\" title=\"Home\">Home<\/a>\n\t\t<\/span><span class=\"aioseo-breadcrumb-separator\">&raquo;<\/span><span class=\"aioseo-breadcrumb\">\n\t\t\t<a href=\"https:\/\/tuplice.pl\/index.php\/category\/aktualnosci\/\" title=\"Aktualno\u015bci\">Aktualno\u015bci<\/a>\n\t\t<\/span><span class=\"aioseo-breadcrumb-separator\">&raquo;<\/span><span class=\"aioseo-breadcrumb\">\n\t\t\tG\u0142o\u015bna pr\u00f3ba syren alarmowych w rocznic\u0119 wybuchu Powstania Warszawskiego\n\t\t<\/span><\/div>","aioseo_breadcrumb_json":[{"label":"Home","link":"https:\/\/tuplice.pl"},{"label":"Aktualno\u015bci","link":"https:\/\/tuplice.pl\/index.php\/category\/aktualnosci\/"},{"label":"G\u0142o\u015bna pr\u00f3ba syren alarmowych w rocznic\u0119 wybuchu Powstania Warszawskiego","link":"https:\/\/tuplice.pl\/index.php\/2025\/07\/31\/glosna-proba-syren-alarmowych-w-rocznice-wybuchu-powstania-warszawskiego\/"}],"a3_pvc":{"activated":false,"total_views":0,"today_views":0},"_links":{"self":[{"href":"https:\/\/tuplice.pl\/index.php\/wp-json\/wp\/v2\/posts\/6452"}],"collection":[{"href":"https:\/\/tuplice.pl\/index.php\/wp-json\/wp\/v2\/posts"}],"about":[{"href":"https:\/\/tuplice.pl\/index.php\/wp-json\/wp\/v2\/types\/post"}],"author":[{"embeddable":true,"href":"https:\/\/tuplice.pl\/index.php\/wp-json\/wp\/v2\/users\/3"}],"replies":[{"embeddable":true,"href":"https:\/\/tuplice.pl\/index.php\/wp-json\/wp\/v2\/comments?post=6452"}],"version-history":[{"count":1,"href":"https:\/\/tuplice.pl\/index.php\/wp-json\/wp\/v2\/posts\/6452\/revisions"}],"predecessor-version":[{"id":6454,"href":"https:\/\/tuplice.pl\/index.php\/wp-json\/wp\/v2\/posts\/6452\/revisions\/6454"}],"wp:featuredmedia":[{"embeddable":true,"href":"https:\/\/tuplice.pl\/index.php\/wp-json\/wp\/v2\/media\/6453"}],"wp:attachment":[{"href":"https:\/\/tuplice.pl\/index.php\/wp-json\/wp\/v2\/media?parent=6452"}],"wp:term":[{"taxonomy":"category","embeddable":true,"href":"https:\/\/tuplice.pl\/index.php\/wp-json\/wp\/v2\/categories?post=6452"},{"taxonomy":"post_tag","embeddable":true,"href":"https:\/\/tuplice.pl\/index.php\/wp-json\/wp\/v2\/tags?post=6452"}],"curies":[{"name":"wp","href":"https:\/\/api.w.org\/{rel}","templated":true}]}}