{"id":6780,"date":"2026-04-02T12:38:58","date_gmt":"2026-04-02T10:38:58","guid":{"rendered":"https:\/\/tuplice.pl\/?p=6780"},"modified":"2026-04-02T12:38:58","modified_gmt":"2026-04-02T10:38:58","slug":"konsultacje-spoleczne-wez-udzial-i-miej-wplyw","status":"publish","type":"post","link":"https:\/\/tuplice.pl\/index.php\/2026\/04\/02\/konsultacje-spoleczne-wez-udzial-i-miej-wplyw\/","title":{"rendered":"Konsultacje spo\u0142eczne \u2013 we\u017a udzia\u0142 i miej wp\u0142yw!"},"content":{"rendered":"<p>Szanowni Mieszka\u0144cy,<\/p>\n<p>Rozpocz\u0119\u0142y si\u0119 konsultacje spo\u0142eczne projektu planu og\u00f3lnego gminy Tuplice.<\/p>\n<p>\ud83d\udcc5 Termin: od 23 marca 2026 r. do 24 kwietnia 2026 r.<\/p>\n<p>To wa\u017cny moment, w kt\u00f3rym ka\u017cdy z Was mo\u017ce zabra\u0107 g\u0142os i wp\u0142yn\u0105\u0107 na przysz\u0142o\u015b\u0107 naszej gminy.<\/p>\n<p>\ud83d\udccd Spotkania dla mieszka\u0144c\u00f3w:<br \/>\n\ud83d\udd38 7 kwietnia 2026 r., godz. 17:00 \u2013 GOK w Tuplicach<br \/>\n\ud83d\udd38 13 kwietnia 2026 r., godz. 17:00 \u2013 \u015bwietlica w Drzeniowie<\/p>\n<p>\ud83d\udcac Czym jest plan og\u00f3lny?<br \/>\nTo dokument, kt\u00f3ry okre\u015bla, jak b\u0119dzie rozwija\u0107 si\u0119 gmina \u2013 gdzie powstan\u0105 nowe domy, drogi czy tereny zielone.<\/p>\n<p>\u26a0\ufe0f Po zako\u0144czeniu konsultacji wprowadzenie zmian nie b\u0119dzie ju\u017c mo\u017cliwe \u2013 dlatego warto wzi\u0105\u0107 udzia\u0142 w\u0142a\u015bnie teraz.<\/p>\n<p>\ud83d\udc49 Zach\u0119camy wszystkich mieszka\u0144c\u00f3w do aktywnego udzia\u0142u \u2013 Tw\u00f3j g\u0142os ma znaczenie!<\/p>\n<p>#Tuplice #KonsultacjeSpo\u0142eczne #PlanOg\u00f3lny #TwojeZdanie #GminaTuplice<\/p>\n<div class=\"wp-block-image\"><a href=\"https:\/\/tuplice.pl\/wp-content\/uploads\/2026\/04\/Informujemy-ze-2-maja-2022-r.-poniedzialek-Urzad-Gminy-Tuplice-bedzie-nieczynny.-Za-utrudnienia-przepraszamy.-A2-w-poziomie-4.png\"><img decoding=\"async\" loading=\"lazy\" class=\"wpa-warning wpa-image-missing-alt aligncenter size-full wp-image-6781\" src=\"https:\/\/tuplice.pl\/wp-content\/uploads\/2026\/04\/Informujemy-ze-2-maja-2022-r.-poniedzialek-Urzad-Gminy-Tuplice-bedzie-nieczynny.-Za-utrudnienia-przepraszamy.-A2-w-poziomie-4.png\" alt=\"\" width=\"2245\" height=\"1587\" data-warning=\"Missing alt text\" srcset=\"https:\/\/tuplice.pl\/wp-content\/uploads\/2026\/04\/Informujemy-ze-2-maja-2022-r.-poniedzialek-Urzad-Gminy-Tuplice-bedzie-nieczynny.-Za-utrudnienia-przepraszamy.-A2-w-poziomie-4.png 2245w, https:\/\/tuplice.pl\/wp-content\/uploads\/2026\/04\/Informujemy-ze-2-maja-2022-r.-poniedzialek-Urzad-Gminy-Tuplice-bedzie-nieczynny.-Za-utrudnienia-przepraszamy.-A2-w-poziomie-4-1280x905.png 1280w, https:\/\/tuplice.pl\/wp-content\/uploads\/2026\/04\/Informujemy-ze-2-maja-2022-r.-poniedzialek-Urzad-Gminy-Tuplice-bedzie-nieczynny.-Za-utrudnienia-przepraszamy.-A2-w-poziomie-4-980x693.png 980w, https:\/\/tuplice.pl\/wp-content\/uploads\/2026\/04\/Informujemy-ze-2-maja-2022-r.-poniedzialek-Urzad-Gminy-Tuplice-bedzie-nieczynny.-Za-utrudnienia-przepraszamy.-A2-w-poziomie-4-480x339.png 480w\" sizes=\"(min-width: 0px) and (max-width: 480px) 480px, (min-width: 481px) and (max-width: 980px) 980px, (min-width: 981px) and (max-width: 1280px) 1280px, (min-width: 1281px) 2245px, 100vw\" \/><\/a><\/div>\n<div><\/div>\n<div>\n<div class=\"wp-block-image\"><a href=\"https:\/\/tuplice.pl\/wp-content\/uploads\/2026\/04\/Informujemy-ze-2-maja-2022-r.-poniedzialek-Urzad-Gminy-Tuplice-bedzie-nieczynny.-Za-utrudnienia-przepraszamy.-A2-w-poziomie-3.png\"><img decoding=\"async\" loading=\"lazy\" class=\"wpa-warning wpa-image-missing-alt aligncenter size-full wp-image-6782\" src=\"https:\/\/tuplice.pl\/wp-content\/uploads\/2026\/04\/Informujemy-ze-2-maja-2022-r.-poniedzialek-Urzad-Gminy-Tuplice-bedzie-nieczynny.-Za-utrudnienia-przepraszamy.-A2-w-poziomie-3.png\" alt=\"\" width=\"2245\" height=\"1587\" data-warning=\"Missing alt text\" srcset=\"https:\/\/tuplice.pl\/wp-content\/uploads\/2026\/04\/Informujemy-ze-2-maja-2022-r.-poniedzialek-Urzad-Gminy-Tuplice-bedzie-nieczynny.-Za-utrudnienia-przepraszamy.-A2-w-poziomie-3.png 2245w, https:\/\/tuplice.pl\/wp-content\/uploads\/2026\/04\/Informujemy-ze-2-maja-2022-r.-poniedzialek-Urzad-Gminy-Tuplice-bedzie-nieczynny.-Za-utrudnienia-przepraszamy.-A2-w-poziomie-3-1280x905.png 1280w, https:\/\/tuplice.pl\/wp-content\/uploads\/2026\/04\/Informujemy-ze-2-maja-2022-r.-poniedzialek-Urzad-Gminy-Tuplice-bedzie-nieczynny.-Za-utrudnienia-przepraszamy.-A2-w-poziomie-3-980x693.png 980w, https:\/\/tuplice.pl\/wp-content\/uploads\/2026\/04\/Informujemy-ze-2-maja-2022-r.-poniedzialek-Urzad-Gminy-Tuplice-bedzie-nieczynny.-Za-utrudnienia-przepraszamy.-A2-w-poziomie-3-480x339.png 480w\" sizes=\"(min-width: 0px) and (max-width: 480px) 480px, (min-width: 481px) and (max-width: 980px) 980px, (min-width: 981px) and (max-width: 1280px) 1280px, (min-width: 1281px) 2245px, 100vw\" \/><\/a><\/div>\n<\/div>\n","protected":false},"excerpt":{"rendered":"<p>Szanowni Mieszka\u0144cy, Rozpocz\u0119\u0142y si\u0119 konsultacje spo\u0142eczne projektu planu og\u00f3lnego gminy Tuplice. \ud83d\udcc5 Termin: od 23 marca 2026 r. do 24 kwietnia 2026 r. To wa\u017cny moment, w kt\u00f3rym ka\u017cdy z Was mo\u017ce zabra\u0107 g\u0142os i wp\u0142yn\u0105\u0107 na przysz\u0142o\u015b\u0107 naszej gminy. \ud83d\udccd Spotkania dla mieszka\u0144c\u00f3w: \ud83d\udd38 7 kwietnia 2026 r., godz. 17:00 \u2013 GOK w Tuplicach [&hellip;]<\/p>\n","protected":false},"author":3,"featured_media":6771,"comment_status":"closed","ping_status":"closed","sticky":false,"template":"","format":"standard","meta":{"_et_pb_use_builder":"","_et_pb_old_content":"","_et_gb_content_width":"","_monsterinsights_skip_tracking":false},"categories":[82],"tags":[],"aioseo_notices":[],"aioseo_head":"\n\t\t<!-- All in One SEO 4.9.10 - aioseo.com -->\n\t<meta name=\"description\" content=\"Szanowni Mieszka\u0144cy, Rozpocz\u0119\u0142y si\u0119 konsultacje spo\u0142eczne projektu planu og\u00f3lnego gminy Tuplice. \ud83d\udcc5 Termin: od 23 marca 2026 r. do 24 kwietnia 2026 r. To wa\u017cny moment, w kt\u00f3rym ka\u017cdy z Was mo\u017ce zabra\u0107 g\u0142os i wp\u0142yn\u0105\u0107 na przysz\u0142o\u015b\u0107 naszej gminy. \ud83d\udccd Spotkania dla mieszka\u0144c\u00f3w: \ud83d\udd38 7 kwietnia 2026 r., godz. 17:00 \u2013 GOK w Tuplicach\" \/>\n\t<meta name=\"robots\" content=\"max-image-preview:large\" \/>\n\t<meta name=\"author\" content=\"Jacek Konieczy\u0144ski\"\/>\n\t<link rel=\"canonical\" href=\"https:\/\/tuplice.pl\/index.php\/2026\/04\/02\/konsultacje-spoleczne-wez-udzial-i-miej-wplyw\/\" \/>\n\t<meta name=\"generator\" content=\"All in One SEO (AIOSEO) 4.9.10\" \/>\n\t\t<meta property=\"og:locale\" content=\"pl_PL\" \/>\n\t\t<meta property=\"og:site_name\" content=\"Gmina Tuplice - Strona Gminy Tuplice\" \/>\n\t\t<meta property=\"og:type\" content=\"article\" \/>\n\t\t<meta property=\"og:title\" content=\"Konsultacje spo\u0142eczne \u2013 we\u017a udzia\u0142 i miej wp\u0142yw! - Gmina Tuplice\" \/>\n\t\t<meta property=\"og:description\" content=\"Szanowni Mieszka\u0144cy, Rozpocz\u0119\u0142y si\u0119 konsultacje spo\u0142eczne projektu planu og\u00f3lnego gminy Tuplice. \ud83d\udcc5 Termin: od 23 marca 2026 r. do 24 kwietnia 2026 r. To wa\u017cny moment, w kt\u00f3rym ka\u017cdy z Was mo\u017ce zabra\u0107 g\u0142os i wp\u0142yn\u0105\u0107 na przysz\u0142o\u015b\u0107 naszej gminy. \ud83d\udccd Spotkania dla mieszka\u0144c\u00f3w: \ud83d\udd38 7 kwietnia 2026 r., godz. 17:00 \u2013 GOK w Tuplicach\" \/>\n\t\t<meta property=\"og:url\" content=\"https:\/\/tuplice.pl\/index.php\/2026\/04\/02\/konsultacje-spoleczne-wez-udzial-i-miej-wplyw\/\" \/>\n\t\t<meta property=\"article:published_time\" content=\"2026-04-02T10:38:58+00:00\" \/>\n\t\t<meta property=\"article:modified_time\" content=\"2026-04-02T10:38:58+00:00\" \/>\n\t\t<meta property=\"article:publisher\" content=\"https:\/\/facebook.com\/Tuplicki Biuletyn Informacyjny\" \/>\n\t\t<meta name=\"twitter:card\" content=\"summary_large_image\" \/>\n\t\t<meta name=\"twitter:title\" content=\"Konsultacje spo\u0142eczne \u2013 we\u017a udzia\u0142 i miej wp\u0142yw! - Gmina Tuplice\" \/>\n\t\t<meta name=\"twitter:description\" content=\"Szanowni Mieszka\u0144cy, Rozpocz\u0119\u0142y si\u0119 konsultacje spo\u0142eczne projektu planu og\u00f3lnego gminy Tuplice. \ud83d\udcc5 Termin: od 23 marca 2026 r. do 24 kwietnia 2026 r. To wa\u017cny moment, w kt\u00f3rym ka\u017cdy z Was mo\u017ce zabra\u0107 g\u0142os i wp\u0142yn\u0105\u0107 na przysz\u0142o\u015b\u0107 naszej gminy. \ud83d\udccd Spotkania dla mieszka\u0144c\u00f3w: \ud83d\udd38 7 kwietnia 2026 r., godz. 17:00 \u2013 GOK w Tuplicach\" \/>\n\t\t<script type=\"application\/ld+json\" class=\"aioseo-schema\">\n\t\t\t{\"@context\":\"https:\\\/\\\/schema.org\",\"@graph\":[{\"@type\":\"BlogPosting\",\"@id\":\"https:\\\/\\\/tuplice.pl\\\/index.php\\\/2026\\\/04\\\/02\\\/konsultacje-spoleczne-wez-udzial-i-miej-wplyw\\\/#blogposting\",\"name\":\"Konsultacje spo\\u0142eczne \\u2013 we\\u017a udzia\\u0142 i miej wp\\u0142yw! - Gmina Tuplice\",\"headline\":\"Konsultacje spo\\u0142eczne \\u2013 we\\u017a udzia\\u0142 i miej wp\\u0142yw!\",\"author\":{\"@id\":\"https:\\\/\\\/tuplice.pl\\\/index.php\\\/author\\\/tuplice\\\/#author\"},\"publisher\":{\"@id\":\"https:\\\/\\\/tuplice.pl\\\/#organization\"},\"image\":{\"@type\":\"ImageObject\",\"url\":\"https:\\\/\\\/tuplice.pl\\\/wp-content\\\/uploads\\\/2026\\\/03\\\/konsultacje-spoleczne.jpg\",\"width\":1200,\"height\":900},\"datePublished\":\"2026-04-02T12:38:58+02:00\",\"dateModified\":\"2026-04-02T12:38:58+02:00\",\"inLanguage\":\"pl-PL\",\"mainEntityOfPage\":{\"@id\":\"https:\\\/\\\/tuplice.pl\\\/index.php\\\/2026\\\/04\\\/02\\\/konsultacje-spoleczne-wez-udzial-i-miej-wplyw\\\/#webpage\"},\"isPartOf\":{\"@id\":\"https:\\\/\\\/tuplice.pl\\\/index.php\\\/2026\\\/04\\\/02\\\/konsultacje-spoleczne-wez-udzial-i-miej-wplyw\\\/#webpage\"},\"articleSection\":\"Aktualno\\u015bci\"},{\"@type\":\"BreadcrumbList\",\"@id\":\"https:\\\/\\\/tuplice.pl\\\/index.php\\\/2026\\\/04\\\/02\\\/konsultacje-spoleczne-wez-udzial-i-miej-wplyw\\\/#breadcrumblist\",\"itemListElement\":[{\"@type\":\"ListItem\",\"@id\":\"https:\\\/\\\/tuplice.pl#listItem\",\"position\":1,\"name\":\"Home\",\"item\":\"https:\\\/\\\/tuplice.pl\",\"nextItem\":{\"@type\":\"ListItem\",\"@id\":\"https:\\\/\\\/tuplice.pl\\\/index.php\\\/category\\\/aktualnosci\\\/#listItem\",\"name\":\"Aktualno\\u015bci\"}},{\"@type\":\"ListItem\",\"@id\":\"https:\\\/\\\/tuplice.pl\\\/index.php\\\/category\\\/aktualnosci\\\/#listItem\",\"position\":2,\"name\":\"Aktualno\\u015bci\",\"item\":\"https:\\\/\\\/tuplice.pl\\\/index.php\\\/category\\\/aktualnosci\\\/\",\"nextItem\":{\"@type\":\"ListItem\",\"@id\":\"https:\\\/\\\/tuplice.pl\\\/index.php\\\/2026\\\/04\\\/02\\\/konsultacje-spoleczne-wez-udzial-i-miej-wplyw\\\/#listItem\",\"name\":\"Konsultacje spo\\u0142eczne \\u2013 we\\u017a udzia\\u0142 i miej wp\\u0142yw!\"},\"previousItem\":{\"@type\":\"ListItem\",\"@id\":\"https:\\\/\\\/tuplice.pl#listItem\",\"name\":\"Home\"}},{\"@type\":\"ListItem\",\"@id\":\"https:\\\/\\\/tuplice.pl\\\/index.php\\\/2026\\\/04\\\/02\\\/konsultacje-spoleczne-wez-udzial-i-miej-wplyw\\\/#listItem\",\"position\":3,\"name\":\"Konsultacje spo\\u0142eczne \\u2013 we\\u017a udzia\\u0142 i miej wp\\u0142yw!\",\"previousItem\":{\"@type\":\"ListItem\",\"@id\":\"https:\\\/\\\/tuplice.pl\\\/index.php\\\/category\\\/aktualnosci\\\/#listItem\",\"name\":\"Aktualno\\u015bci\"}}]},{\"@type\":\"Organization\",\"@id\":\"https:\\\/\\\/tuplice.pl\\\/#organization\",\"name\":\"Gmina Tuplice Gmina Tuplice\",\"description\":\"Strona Gminy Tuplice Strona Urz\\u0119du Gminy Tuplice\",\"url\":\"https:\\\/\\\/tuplice.pl\\\/\",\"telephone\":\"+48683625720\",\"logo\":{\"@type\":\"ImageObject\",\"url\":\"https:\\\/\\\/tuplice.pl\\\/wp-content\\\/uploads\\\/2025\\\/07\\\/images.png\",\"@id\":\"https:\\\/\\\/tuplice.pl\\\/index.php\\\/2026\\\/04\\\/02\\\/konsultacje-spoleczne-wez-udzial-i-miej-wplyw\\\/#organizationLogo\",\"width\":282,\"height\":179},\"image\":{\"@id\":\"https:\\\/\\\/tuplice.pl\\\/index.php\\\/2026\\\/04\\\/02\\\/konsultacje-spoleczne-wez-udzial-i-miej-wplyw\\\/#organizationLogo\"},\"sameAs\":[\"https:\\\/\\\/facebook.com\\\/Tuplicki Biuletyn Informacyjny\",\"https:\\\/\\\/pinterest.com\\\/Tuplicki Biuletyn Informacyjny\",\"https:\\\/\\\/youtube.com\\\/Tuplicki Biuletyn Informacyjny\"]},{\"@type\":\"Person\",\"@id\":\"https:\\\/\\\/tuplice.pl\\\/index.php\\\/author\\\/tuplice\\\/#author\",\"url\":\"https:\\\/\\\/tuplice.pl\\\/index.php\\\/author\\\/tuplice\\\/\",\"name\":\"Jacek Konieczy\\u0144ski\",\"image\":{\"@type\":\"ImageObject\",\"@id\":\"https:\\\/\\\/tuplice.pl\\\/index.php\\\/2026\\\/04\\\/02\\\/konsultacje-spoleczne-wez-udzial-i-miej-wplyw\\\/#authorImage\",\"url\":\"https:\\\/\\\/secure.gravatar.com\\\/avatar\\\/8aa224da0ce3c7d7e2a92a582397a6f3?s=96&d=mm&r=g\",\"width\":96,\"height\":96,\"caption\":\"Jacek Konieczy\\u0144ski\"}},{\"@type\":\"WebPage\",\"@id\":\"https:\\\/\\\/tuplice.pl\\\/index.php\\\/2026\\\/04\\\/02\\\/konsultacje-spoleczne-wez-udzial-i-miej-wplyw\\\/#webpage\",\"url\":\"https:\\\/\\\/tuplice.pl\\\/index.php\\\/2026\\\/04\\\/02\\\/konsultacje-spoleczne-wez-udzial-i-miej-wplyw\\\/\",\"name\":\"Konsultacje spo\\u0142eczne \\u2013 we\\u017a udzia\\u0142 i miej wp\\u0142yw! - Gmina Tuplice\",\"description\":\"Szanowni Mieszka\\u0144cy, Rozpocz\\u0119\\u0142y si\\u0119 konsultacje spo\\u0142eczne projektu planu og\\u00f3lnego gminy Tuplice. \\ud83d\\udcc5 Termin: od 23 marca 2026 r. do 24 kwietnia 2026 r. To wa\\u017cny moment, w kt\\u00f3rym ka\\u017cdy z Was mo\\u017ce zabra\\u0107 g\\u0142os i wp\\u0142yn\\u0105\\u0107 na przysz\\u0142o\\u015b\\u0107 naszej gminy. \\ud83d\\udccd Spotkania dla mieszka\\u0144c\\u00f3w: \\ud83d\\udd38 7 kwietnia 2026 r., godz. 17:00 \\u2013 GOK w Tuplicach\",\"inLanguage\":\"pl-PL\",\"isPartOf\":{\"@id\":\"https:\\\/\\\/tuplice.pl\\\/#website\"},\"breadcrumb\":{\"@id\":\"https:\\\/\\\/tuplice.pl\\\/index.php\\\/2026\\\/04\\\/02\\\/konsultacje-spoleczne-wez-udzial-i-miej-wplyw\\\/#breadcrumblist\"},\"author\":{\"@id\":\"https:\\\/\\\/tuplice.pl\\\/index.php\\\/author\\\/tuplice\\\/#author\"},\"creator\":{\"@id\":\"https:\\\/\\\/tuplice.pl\\\/index.php\\\/author\\\/tuplice\\\/#author\"},\"image\":{\"@type\":\"ImageObject\",\"url\":\"https:\\\/\\\/tuplice.pl\\\/wp-content\\\/uploads\\\/2026\\\/03\\\/konsultacje-spoleczne.jpg\",\"@id\":\"https:\\\/\\\/tuplice.pl\\\/index.php\\\/2026\\\/04\\\/02\\\/konsultacje-spoleczne-wez-udzial-i-miej-wplyw\\\/#mainImage\",\"width\":1200,\"height\":900},\"primaryImageOfPage\":{\"@id\":\"https:\\\/\\\/tuplice.pl\\\/index.php\\\/2026\\\/04\\\/02\\\/konsultacje-spoleczne-wez-udzial-i-miej-wplyw\\\/#mainImage\"},\"datePublished\":\"2026-04-02T12:38:58+02:00\",\"dateModified\":\"2026-04-02T12:38:58+02:00\"},{\"@type\":\"WebSite\",\"@id\":\"https:\\\/\\\/tuplice.pl\\\/#website\",\"url\":\"https:\\\/\\\/tuplice.pl\\\/\",\"name\":\"Gmina Tuplice\",\"description\":\"Strona Gminy Tuplice\",\"inLanguage\":\"pl-PL\",\"publisher\":{\"@id\":\"https:\\\/\\\/tuplice.pl\\\/#organization\"}}]}\n\t\t<\/script>\n\t\t<!-- All in One SEO -->\n\n","aioseo_head_json":{"title":"Konsultacje spo\u0142eczne \u2013 we\u017a udzia\u0142 i miej wp\u0142yw! - Gmina Tuplice","description":"Szanowni Mieszka\u0144cy, Rozpocz\u0119\u0142y si\u0119 konsultacje spo\u0142eczne projektu planu og\u00f3lnego gminy Tuplice. \ud83d\udcc5 Termin: od 23 marca 2026 r. do 24 kwietnia 2026 r. To wa\u017cny moment, w kt\u00f3rym ka\u017cdy z Was mo\u017ce zabra\u0107 g\u0142os i wp\u0142yn\u0105\u0107 na przysz\u0142o\u015b\u0107 naszej gminy. \ud83d\udccd Spotkania dla mieszka\u0144c\u00f3w: \ud83d\udd38 7 kwietnia 2026 r., godz. 17:00 \u2013 GOK w Tuplicach","canonical_url":"https:\/\/tuplice.pl\/index.php\/2026\/04\/02\/konsultacje-spoleczne-wez-udzial-i-miej-wplyw\/","robots":"max-image-preview:large","keywords":"","webmasterTools":{"miscellaneous":""},"schema":{"@context":"https:\/\/schema.org","@graph":[{"@type":"BlogPosting","@id":"https:\/\/tuplice.pl\/index.php\/2026\/04\/02\/konsultacje-spoleczne-wez-udzial-i-miej-wplyw\/#blogposting","name":"Konsultacje spo\u0142eczne \u2013 we\u017a udzia\u0142 i miej wp\u0142yw! - Gmina Tuplice","headline":"Konsultacje spo\u0142eczne \u2013 we\u017a udzia\u0142 i miej wp\u0142yw!","author":{"@id":"https:\/\/tuplice.pl\/index.php\/author\/tuplice\/#author"},"publisher":{"@id":"https:\/\/tuplice.pl\/#organization"},"image":{"@type":"ImageObject","url":"https:\/\/tuplice.pl\/wp-content\/uploads\/2026\/03\/konsultacje-spoleczne.jpg","width":1200,"height":900},"datePublished":"2026-04-02T12:38:58+02:00","dateModified":"2026-04-02T12:38:58+02:00","inLanguage":"pl-PL","mainEntityOfPage":{"@id":"https:\/\/tuplice.pl\/index.php\/2026\/04\/02\/konsultacje-spoleczne-wez-udzial-i-miej-wplyw\/#webpage"},"isPartOf":{"@id":"https:\/\/tuplice.pl\/index.php\/2026\/04\/02\/konsultacje-spoleczne-wez-udzial-i-miej-wplyw\/#webpage"},"articleSection":"Aktualno\u015bci"},{"@type":"BreadcrumbList","@id":"https:\/\/tuplice.pl\/index.php\/2026\/04\/02\/konsultacje-spoleczne-wez-udzial-i-miej-wplyw\/#breadcrumblist","itemListElement":[{"@type":"ListItem","@id":"https:\/\/tuplice.pl#listItem","position":1,"name":"Home","item":"https:\/\/tuplice.pl","nextItem":{"@type":"ListItem","@id":"https:\/\/tuplice.pl\/index.php\/category\/aktualnosci\/#listItem","name":"Aktualno\u015bci"}},{"@type":"ListItem","@id":"https:\/\/tuplice.pl\/index.php\/category\/aktualnosci\/#listItem","position":2,"name":"Aktualno\u015bci","item":"https:\/\/tuplice.pl\/index.php\/category\/aktualnosci\/","nextItem":{"@type":"ListItem","@id":"https:\/\/tuplice.pl\/index.php\/2026\/04\/02\/konsultacje-spoleczne-wez-udzial-i-miej-wplyw\/#listItem","name":"Konsultacje spo\u0142eczne \u2013 we\u017a udzia\u0142 i miej wp\u0142yw!"},"previousItem":{"@type":"ListItem","@id":"https:\/\/tuplice.pl#listItem","name":"Home"}},{"@type":"ListItem","@id":"https:\/\/tuplice.pl\/index.php\/2026\/04\/02\/konsultacje-spoleczne-wez-udzial-i-miej-wplyw\/#listItem","position":3,"name":"Konsultacje spo\u0142eczne \u2013 we\u017a udzia\u0142 i miej wp\u0142yw!","previousItem":{"@type":"ListItem","@id":"https:\/\/tuplice.pl\/index.php\/category\/aktualnosci\/#listItem","name":"Aktualno\u015bci"}}]},{"@type":"Organization","@id":"https:\/\/tuplice.pl\/#organization","name":"Gmina Tuplice Gmina Tuplice","description":"Strona Gminy Tuplice Strona Urz\u0119du Gminy Tuplice","url":"https:\/\/tuplice.pl\/","telephone":"+48683625720","logo":{"@type":"ImageObject","url":"https:\/\/tuplice.pl\/wp-content\/uploads\/2025\/07\/images.png","@id":"https:\/\/tuplice.pl\/index.php\/2026\/04\/02\/konsultacje-spoleczne-wez-udzial-i-miej-wplyw\/#organizationLogo","width":282,"height":179},"image":{"@id":"https:\/\/tuplice.pl\/index.php\/2026\/04\/02\/konsultacje-spoleczne-wez-udzial-i-miej-wplyw\/#organizationLogo"},"sameAs":["https:\/\/facebook.com\/Tuplicki Biuletyn Informacyjny","https:\/\/pinterest.com\/Tuplicki Biuletyn Informacyjny","https:\/\/youtube.com\/Tuplicki Biuletyn Informacyjny"]},{"@type":"Person","@id":"https:\/\/tuplice.pl\/index.php\/author\/tuplice\/#author","url":"https:\/\/tuplice.pl\/index.php\/author\/tuplice\/","name":"Jacek Konieczy\u0144ski","image":{"@type":"ImageObject","@id":"https:\/\/tuplice.pl\/index.php\/2026\/04\/02\/konsultacje-spoleczne-wez-udzial-i-miej-wplyw\/#authorImage","url":"https:\/\/secure.gravatar.com\/avatar\/8aa224da0ce3c7d7e2a92a582397a6f3?s=96&d=mm&r=g","width":96,"height":96,"caption":"Jacek Konieczy\u0144ski"}},{"@type":"WebPage","@id":"https:\/\/tuplice.pl\/index.php\/2026\/04\/02\/konsultacje-spoleczne-wez-udzial-i-miej-wplyw\/#webpage","url":"https:\/\/tuplice.pl\/index.php\/2026\/04\/02\/konsultacje-spoleczne-wez-udzial-i-miej-wplyw\/","name":"Konsultacje spo\u0142eczne \u2013 we\u017a udzia\u0142 i miej wp\u0142yw! - Gmina Tuplice","description":"Szanowni Mieszka\u0144cy, Rozpocz\u0119\u0142y si\u0119 konsultacje spo\u0142eczne projektu planu og\u00f3lnego gminy Tuplice. \ud83d\udcc5 Termin: od 23 marca 2026 r. do 24 kwietnia 2026 r. To wa\u017cny moment, w kt\u00f3rym ka\u017cdy z Was mo\u017ce zabra\u0107 g\u0142os i wp\u0142yn\u0105\u0107 na przysz\u0142o\u015b\u0107 naszej gminy. \ud83d\udccd Spotkania dla mieszka\u0144c\u00f3w: \ud83d\udd38 7 kwietnia 2026 r., godz. 17:00 \u2013 GOK w Tuplicach","inLanguage":"pl-PL","isPartOf":{"@id":"https:\/\/tuplice.pl\/#website"},"breadcrumb":{"@id":"https:\/\/tuplice.pl\/index.php\/2026\/04\/02\/konsultacje-spoleczne-wez-udzial-i-miej-wplyw\/#breadcrumblist"},"author":{"@id":"https:\/\/tuplice.pl\/index.php\/author\/tuplice\/#author"},"creator":{"@id":"https:\/\/tuplice.pl\/index.php\/author\/tuplice\/#author"},"image":{"@type":"ImageObject","url":"https:\/\/tuplice.pl\/wp-content\/uploads\/2026\/03\/konsultacje-spoleczne.jpg","@id":"https:\/\/tuplice.pl\/index.php\/2026\/04\/02\/konsultacje-spoleczne-wez-udzial-i-miej-wplyw\/#mainImage","width":1200,"height":900},"primaryImageOfPage":{"@id":"https:\/\/tuplice.pl\/index.php\/2026\/04\/02\/konsultacje-spoleczne-wez-udzial-i-miej-wplyw\/#mainImage"},"datePublished":"2026-04-02T12:38:58+02:00","dateModified":"2026-04-02T12:38:58+02:00"},{"@type":"WebSite","@id":"https:\/\/tuplice.pl\/#website","url":"https:\/\/tuplice.pl\/","name":"Gmina Tuplice","description":"Strona Gminy Tuplice","inLanguage":"pl-PL","publisher":{"@id":"https:\/\/tuplice.pl\/#organization"}}]},"og:locale":"pl_PL","og:site_name":"Gmina Tuplice - Strona Gminy Tuplice","og:type":"article","og:title":"Konsultacje spo\u0142eczne \u2013 we\u017a udzia\u0142 i miej wp\u0142yw! - Gmina Tuplice","og:description":"Szanowni Mieszka\u0144cy, Rozpocz\u0119\u0142y si\u0119 konsultacje spo\u0142eczne projektu planu og\u00f3lnego gminy Tuplice. \ud83d\udcc5 Termin: od 23 marca 2026 r. do 24 kwietnia 2026 r. To wa\u017cny moment, w kt\u00f3rym ka\u017cdy z Was mo\u017ce zabra\u0107 g\u0142os i wp\u0142yn\u0105\u0107 na przysz\u0142o\u015b\u0107 naszej gminy. \ud83d\udccd Spotkania dla mieszka\u0144c\u00f3w: \ud83d\udd38 7 kwietnia 2026 r., godz. 17:00 \u2013 GOK w Tuplicach","og:url":"https:\/\/tuplice.pl\/index.php\/2026\/04\/02\/konsultacje-spoleczne-wez-udzial-i-miej-wplyw\/","article:published_time":"2026-04-02T10:38:58+00:00","article:modified_time":"2026-04-02T10:38:58+00:00","article:publisher":"https:\/\/facebook.com\/Tuplicki Biuletyn Informacyjny","twitter:card":"summary_large_image","twitter:title":"Konsultacje spo\u0142eczne \u2013 we\u017a udzia\u0142 i miej wp\u0142yw! - Gmina Tuplice","twitter:description":"Szanowni Mieszka\u0144cy, Rozpocz\u0119\u0142y si\u0119 konsultacje spo\u0142eczne projektu planu og\u00f3lnego gminy Tuplice. \ud83d\udcc5 Termin: od 23 marca 2026 r. do 24 kwietnia 2026 r. To wa\u017cny moment, w kt\u00f3rym ka\u017cdy z Was mo\u017ce zabra\u0107 g\u0142os i wp\u0142yn\u0105\u0107 na przysz\u0142o\u015b\u0107 naszej gminy. \ud83d\udccd Spotkania dla mieszka\u0144c\u00f3w: \ud83d\udd38 7 kwietnia 2026 r., godz. 17:00 \u2013 GOK w Tuplicach"},"aioseo_meta_data":{"post_id":"6780","title":null,"description":null,"keywords":null,"keyphrases":{"focus":{"keyphrase":"","score":0,"analysis":{"keyphraseInTitle":{"score":0,"maxScore":9,"error":1}}},"additional":[]},"primary_term":null,"canonical_url":null,"og_title":null,"og_description":null,"og_object_type":"default","og_image_type":"default","og_image_url":null,"og_image_width":null,"og_image_height":null,"og_image_custom_url":null,"og_image_custom_fields":null,"og_video":"","og_custom_url":null,"og_article_section":null,"og_article_tags":null,"twitter_use_og":false,"twitter_card":"default","twitter_image_type":"default","twitter_image_url":null,"twitter_image_custom_url":null,"twitter_image_custom_fields":null,"twitter_title":null,"twitter_description":null,"schema":{"blockGraphs":[],"customGraphs":[],"default":{"data":{"Article":[],"Course":[],"Dataset":[],"FAQPage":[],"Movie":[],"Person":[],"Product":[],"ProductReview":[],"Car":[],"Recipe":[],"Service":[],"SoftwareApplication":[],"WebPage":[]},"graphName":"BlogPosting","isEnabled":true},"graphs":[]},"schema_type":"default","schema_type_options":null,"pillar_content":false,"robots_default":true,"robots_noindex":false,"robots_noarchive":false,"robots_nosnippet":false,"robots_nofollow":false,"robots_noimageindex":false,"robots_noodp":false,"robots_notranslate":false,"robots_max_snippet":"-1","robots_max_videopreview":"-1","robots_max_imagepreview":"large","priority":null,"frequency":"default","local_seo":null,"breadcrumb_settings":null,"limit_modified_date":false,"ai":{"faqs":[],"keyPoints":[],"titles":[],"descriptions":[],"socialPosts":{"email":[],"linkedin":[],"twitter":[],"facebook":[],"instagram":[]}},"created":"2026-04-02 10:38:58","updated":"2026-04-02 11:43:49","seo_analyzer_scan_date":null},"aioseo_breadcrumb":"<div class=\"aioseo-breadcrumbs\"><span class=\"aioseo-breadcrumb\">\n\t\t\t<a href=\"https:\/\/tuplice.pl\" title=\"Home\">Home<\/a>\n\t\t<\/span><span class=\"aioseo-breadcrumb-separator\">&raquo;<\/span><span class=\"aioseo-breadcrumb\">\n\t\t\t<a href=\"https:\/\/tuplice.pl\/index.php\/category\/aktualnosci\/\" title=\"Aktualno\u015bci\">Aktualno\u015bci<\/a>\n\t\t<\/span><span class=\"aioseo-breadcrumb-separator\">&raquo;<\/span><span class=\"aioseo-breadcrumb\">\n\t\t\tKonsultacje spo\u0142eczne \u2013 we\u017a udzia\u0142 i miej wp\u0142yw!\n\t\t<\/span><\/div>","aioseo_breadcrumb_json":[{"label":"Home","link":"https:\/\/tuplice.pl"},{"label":"Aktualno\u015bci","link":"https:\/\/tuplice.pl\/index.php\/category\/aktualnosci\/"},{"label":"Konsultacje spo\u0142eczne \u2013 we\u017a udzia\u0142 i miej wp\u0142yw!","link":"https:\/\/tuplice.pl\/index.php\/2026\/04\/02\/konsultacje-spoleczne-wez-udzial-i-miej-wplyw\/"}],"a3_pvc":{"activated":false,"total_views":0,"today_views":0},"_links":{"self":[{"href":"https:\/\/tuplice.pl\/index.php\/wp-json\/wp\/v2\/posts\/6780"}],"collection":[{"href":"https:\/\/tuplice.pl\/index.php\/wp-json\/wp\/v2\/posts"}],"about":[{"href":"https:\/\/tuplice.pl\/index.php\/wp-json\/wp\/v2\/types\/post"}],"author":[{"embeddable":true,"href":"https:\/\/tuplice.pl\/index.php\/wp-json\/wp\/v2\/users\/3"}],"replies":[{"embeddable":true,"href":"https:\/\/tuplice.pl\/index.php\/wp-json\/wp\/v2\/comments?post=6780"}],"version-history":[{"count":1,"href":"https:\/\/tuplice.pl\/index.php\/wp-json\/wp\/v2\/posts\/6780\/revisions"}],"predecessor-version":[{"id":6783,"href":"https:\/\/tuplice.pl\/index.php\/wp-json\/wp\/v2\/posts\/6780\/revisions\/6783"}],"wp:featuredmedia":[{"embeddable":true,"href":"https:\/\/tuplice.pl\/index.php\/wp-json\/wp\/v2\/media\/6771"}],"wp:attachment":[{"href":"https:\/\/tuplice.pl\/index.php\/wp-json\/wp\/v2\/media?parent=6780"}],"wp:term":[{"taxonomy":"category","embeddable":true,"href":"https:\/\/tuplice.pl\/index.php\/wp-json\/wp\/v2\/categories?post=6780"},{"taxonomy":"post_tag","embeddable":true,"href":"https:\/\/tuplice.pl\/index.php\/wp-json\/wp\/v2\/tags?post=6780"}],"curies":[{"name":"wp","href":"https:\/\/api.w.org\/{rel}","templated":true}]}}