{"id":680,"date":"2013-01-11T11:01:25","date_gmt":"2013-01-11T10:01:25","guid":{"rendered":"https:\/\/tuplice.pl\/solectwa-cielmow-i-czerna\/"},"modified":"2013-01-11T11:01:25","modified_gmt":"2013-01-11T10:01:25","slug":"solectwa-cielmow-i-czerna","status":"publish","type":"post","link":"https:\/\/tuplice.pl\/index.php\/2013\/01\/11\/solectwa-cielmow-i-czerna\/","title":{"rendered":"So\u0142ectwa Cielm\u00f3w i Czerna"},"content":{"rendered":"<p>{slider= Festyn integracyjny so\u0142ectw Cielm\u00f3w i Czerna 2011}<\/p>\n<p>Jolanta smyk ju\u017c drug\u0105 kadencj\u0119 jest so\u0142tysem Cielmowa, Marek Tomiuk za\u015b poraz pierwszy w swoim \u017cyciu zosta\u0142 so\u0142tysem Czernej. Oboje m\u0142odzi, niemaj\u0105cy rutyny, a dzi\u0119ki temu pe\u0142ni energii , pomys\u0142\u00f3w. Co zrobi\u0107 &#8211; zadawali sobie pytanie\u00a0 &#8211; aby o\u017cywi\u0107 so\u0142ectwa i wnie\u015b\u0107 nowego. Idea powsta\u0142a nast\u0119puj\u0105ca : so\u0142ectwa w gminie Tuplice s\u0105 porozrzucane po lasach i do\u015b\u0107 oddalone od siebie. Aby je zbli\u017cy\u0107, nale\u017ca\u0142o zmieni\u0107 formu\u0142\u0119 corocznych festyn\u00f3w. Dotychczas ka\u017cde so\u0142ectwo dzia\u0142a\u0142o na w\u0142asn\u0105 r\u0119k\u0119, nowy pomys\u0142: so\u0142ectwa b\u0119d\u0105 d\u0105\u017cy\u0107 do integracji. W\u0142a\u015bnie zintegrowanie so\u0142ectw przy\u015bwieca\u0142o imprezie zorganizowanej w Cielmowie dnia 23-07-2011 r.i trwa\u0142a do 5 rano nast\u0119pnego dnia. I tak w\u0142a\u015bnie by\u0142o ka\u017cdy m\u00f3g\u0142 znale\u017a\u0107 co\u015b dla siebie, ciekawy program du\u017co atrakcji, konkurencji,i przede wszystkim wieczorna pota\u0144c\u00f3wka do \u015bwitu, prosz\u0119 spojrze\u0107 na zdi\u0119cia z zabawy<\/p>\n<p>{gallery}23072011_Cielmow{\/gallery}<\/p>\n<p>Pomys\u0142 wypali\u0142,uda\u0142o si\u0119 Czerna i Cielm\u00f3w zbli\u017cy\u0142y si\u0119 do siebie , a mieszka\u0144cy lepiej poznali i ju\u017c my\u015bl\u0105 o tym jak to b\u0119dzie za rok. A b\u0119dzie jeszcze lepiej ,to oczywiste. Mamy nadziej\u0119 i wierzymy w to, \u017ce stopniowo i inne so\u0142ectwa w\u0142\u0105cz\u0105 si\u0119 do integracyjnej imprezy ,bo wioski dzieli wiele , ale \u0142\u0105czy jeszcze wi\u0119cej&#8230;<\/p>\n<p>\u00a0<\/p>\n<p>{\/slider}<\/p>\n<p>{slider= Festyn integracyjny so\u0142ectw Cielm\u00f3w i Czerna 2012}<\/p>\n<p>\u00a0<\/p>\n<p>{\/slider}<\/p>\n","protected":false},"excerpt":{"rendered":"<p>{slider= Festyn integracyjny so\u0142ectw Cielm\u00f3w i Czerna 2011} Jolanta smyk ju\u017c drug\u0105 kadencj\u0119 jest so\u0142tysem Cielmowa, Marek Tomiuk za\u015b poraz pierwszy w swoim \u017cyciu zosta\u0142 so\u0142tysem Czernej. Oboje m\u0142odzi, niemaj\u0105cy rutyny, a dzi\u0119ki temu pe\u0142ni energii , pomys\u0142\u00f3w. Co zrobi\u0107 &#8211; zadawali sobie pytanie\u00a0 &#8211; aby o\u017cywi\u0107 so\u0142ectwa i wnie\u015b\u0107 nowego. Idea powsta\u0142a nast\u0119puj\u0105ca : [&hellip;]<\/p>\n","protected":false},"author":4,"featured_media":0,"comment_status":"closed","ping_status":"closed","sticky":false,"template":"","format":"standard","meta":{"_et_pb_use_builder":"","_et_pb_old_content":"","_et_gb_content_width":"","_monsterinsights_skip_tracking":false},"categories":[83],"tags":[],"aioseo_notices":[],"aioseo_head":"\n\t\t<!-- All in One SEO 4.9.10 - aioseo.com -->\n\t<meta name=\"description\" content=\"{slider= Festyn integracyjny so\u0142ectw Cielm\u00f3w i Czerna 2011} Jolanta smyk ju\u017c drug\u0105 kadencj\u0119 jest so\u0142tysem Cielmowa, Marek Tomiuk za\u015b poraz pierwszy w swoim \u017cyciu zosta\u0142 so\u0142tysem Czernej. Oboje m\u0142odzi, niemaj\u0105cy rutyny, a dzi\u0119ki temu pe\u0142ni energii , pomys\u0142\u00f3w. Co zrobi\u0107 - zadawali sobie pytanie - aby o\u017cywi\u0107 so\u0142ectwa i wnie\u015b\u0107 nowego. Idea powsta\u0142a nast\u0119puj\u0105ca :\" \/>\n\t<meta name=\"robots\" content=\"max-image-preview:large\" \/>\n\t<meta name=\"author\" content=\"admin\"\/>\n\t<link rel=\"canonical\" href=\"https:\/\/tuplice.pl\/index.php\/2013\/01\/11\/solectwa-cielmow-i-czerna\/\" \/>\n\t<meta name=\"generator\" content=\"All in One SEO (AIOSEO) 4.9.10\" \/>\n\t\t<meta property=\"og:locale\" content=\"pl_PL\" \/>\n\t\t<meta property=\"og:site_name\" content=\"Gmina Tuplice - Strona Gminy Tuplice\" \/>\n\t\t<meta property=\"og:type\" content=\"article\" \/>\n\t\t<meta property=\"og:title\" content=\"So\u0142ectwa Cielm\u00f3w i Czerna - Gmina Tuplice\" \/>\n\t\t<meta property=\"og:description\" content=\"{slider= Festyn integracyjny so\u0142ectw Cielm\u00f3w i Czerna 2011} Jolanta smyk ju\u017c drug\u0105 kadencj\u0119 jest so\u0142tysem Cielmowa, Marek Tomiuk za\u015b poraz pierwszy w swoim \u017cyciu zosta\u0142 so\u0142tysem Czernej. Oboje m\u0142odzi, niemaj\u0105cy rutyny, a dzi\u0119ki temu pe\u0142ni energii , pomys\u0142\u00f3w. Co zrobi\u0107 - zadawali sobie pytanie - aby o\u017cywi\u0107 so\u0142ectwa i wnie\u015b\u0107 nowego. Idea powsta\u0142a nast\u0119puj\u0105ca :\" \/>\n\t\t<meta property=\"og:url\" content=\"https:\/\/tuplice.pl\/index.php\/2013\/01\/11\/solectwa-cielmow-i-czerna\/\" \/>\n\t\t<meta property=\"article:published_time\" content=\"2013-01-11T10:01:25+00:00\" \/>\n\t\t<meta property=\"article:modified_time\" content=\"2013-01-11T10:01:25+00:00\" \/>\n\t\t<meta property=\"article:publisher\" content=\"https:\/\/facebook.com\/Tuplicki Biuletyn Informacyjny\" \/>\n\t\t<meta name=\"twitter:card\" content=\"summary_large_image\" \/>\n\t\t<meta name=\"twitter:title\" content=\"So\u0142ectwa Cielm\u00f3w i Czerna - Gmina Tuplice\" \/>\n\t\t<meta name=\"twitter:description\" content=\"{slider= Festyn integracyjny so\u0142ectw Cielm\u00f3w i Czerna 2011} Jolanta smyk ju\u017c drug\u0105 kadencj\u0119 jest so\u0142tysem Cielmowa, Marek Tomiuk za\u015b poraz pierwszy w swoim \u017cyciu zosta\u0142 so\u0142tysem Czernej. Oboje m\u0142odzi, niemaj\u0105cy rutyny, a dzi\u0119ki temu pe\u0142ni energii , pomys\u0142\u00f3w. Co zrobi\u0107 - zadawali sobie pytanie - aby o\u017cywi\u0107 so\u0142ectwa i wnie\u015b\u0107 nowego. Idea powsta\u0142a nast\u0119puj\u0105ca :\" \/>\n\t\t<script type=\"application\/ld+json\" class=\"aioseo-schema\">\n\t\t\t{\"@context\":\"https:\\\/\\\/schema.org\",\"@graph\":[{\"@type\":\"BlogPosting\",\"@id\":\"https:\\\/\\\/tuplice.pl\\\/index.php\\\/2013\\\/01\\\/11\\\/solectwa-cielmow-i-czerna\\\/#blogposting\",\"name\":\"So\\u0142ectwa Cielm\\u00f3w i Czerna - Gmina Tuplice\",\"headline\":\"So\\u0142ectwa Cielm\\u00f3w i Czerna\",\"author\":{\"@id\":\"https:\\\/\\\/tuplice.pl\\\/index.php\\\/author\\\/admin-2\\\/#author\"},\"publisher\":{\"@id\":\"https:\\\/\\\/tuplice.pl\\\/#organization\"},\"image\":{\"@type\":\"ImageObject\",\"url\":\"https:\\\/\\\/tuplice.pl\\\/wp-content\\\/uploads\\\/2025\\\/07\\\/images.png\",\"@id\":\"https:\\\/\\\/tuplice.pl\\\/#articleImage\",\"width\":282,\"height\":179},\"datePublished\":\"2013-01-11T11:01:25+01:00\",\"dateModified\":\"2013-01-11T11:01:25+01:00\",\"inLanguage\":\"pl-PL\",\"mainEntityOfPage\":{\"@id\":\"https:\\\/\\\/tuplice.pl\\\/index.php\\\/2013\\\/01\\\/11\\\/solectwa-cielmow-i-czerna\\\/#webpage\"},\"isPartOf\":{\"@id\":\"https:\\\/\\\/tuplice.pl\\\/index.php\\\/2013\\\/01\\\/11\\\/solectwa-cielmow-i-czerna\\\/#webpage\"},\"articleSection\":\"Menu boczne\"},{\"@type\":\"BreadcrumbList\",\"@id\":\"https:\\\/\\\/tuplice.pl\\\/index.php\\\/2013\\\/01\\\/11\\\/solectwa-cielmow-i-czerna\\\/#breadcrumblist\",\"itemListElement\":[{\"@type\":\"ListItem\",\"@id\":\"https:\\\/\\\/tuplice.pl#listItem\",\"position\":1,\"name\":\"Home\",\"item\":\"https:\\\/\\\/tuplice.pl\",\"nextItem\":{\"@type\":\"ListItem\",\"@id\":\"https:\\\/\\\/tuplice.pl\\\/index.php\\\/category\\\/menu-boczne\\\/#listItem\",\"name\":\"Menu boczne\"}},{\"@type\":\"ListItem\",\"@id\":\"https:\\\/\\\/tuplice.pl\\\/index.php\\\/category\\\/menu-boczne\\\/#listItem\",\"position\":2,\"name\":\"Menu boczne\",\"item\":\"https:\\\/\\\/tuplice.pl\\\/index.php\\\/category\\\/menu-boczne\\\/\",\"nextItem\":{\"@type\":\"ListItem\",\"@id\":\"https:\\\/\\\/tuplice.pl\\\/index.php\\\/2013\\\/01\\\/11\\\/solectwa-cielmow-i-czerna\\\/#listItem\",\"name\":\"So\\u0142ectwa Cielm\\u00f3w i Czerna\"},\"previousItem\":{\"@type\":\"ListItem\",\"@id\":\"https:\\\/\\\/tuplice.pl#listItem\",\"name\":\"Home\"}},{\"@type\":\"ListItem\",\"@id\":\"https:\\\/\\\/tuplice.pl\\\/index.php\\\/2013\\\/01\\\/11\\\/solectwa-cielmow-i-czerna\\\/#listItem\",\"position\":3,\"name\":\"So\\u0142ectwa Cielm\\u00f3w i Czerna\",\"previousItem\":{\"@type\":\"ListItem\",\"@id\":\"https:\\\/\\\/tuplice.pl\\\/index.php\\\/category\\\/menu-boczne\\\/#listItem\",\"name\":\"Menu boczne\"}}]},{\"@type\":\"Organization\",\"@id\":\"https:\\\/\\\/tuplice.pl\\\/#organization\",\"name\":\"Gmina Tuplice Gmina Tuplice\",\"description\":\"Strona Gminy Tuplice Strona Urz\\u0119du Gminy Tuplice\",\"url\":\"https:\\\/\\\/tuplice.pl\\\/\",\"telephone\":\"+48683625720\",\"logo\":{\"@type\":\"ImageObject\",\"url\":\"https:\\\/\\\/tuplice.pl\\\/wp-content\\\/uploads\\\/2025\\\/07\\\/images.png\",\"@id\":\"https:\\\/\\\/tuplice.pl\\\/index.php\\\/2013\\\/01\\\/11\\\/solectwa-cielmow-i-czerna\\\/#organizationLogo\",\"width\":282,\"height\":179},\"image\":{\"@id\":\"https:\\\/\\\/tuplice.pl\\\/index.php\\\/2013\\\/01\\\/11\\\/solectwa-cielmow-i-czerna\\\/#organizationLogo\"},\"sameAs\":[\"https:\\\/\\\/facebook.com\\\/Tuplicki Biuletyn Informacyjny\",\"https:\\\/\\\/pinterest.com\\\/Tuplicki Biuletyn Informacyjny\",\"https:\\\/\\\/youtube.com\\\/Tuplicki Biuletyn Informacyjny\"]},{\"@type\":\"Person\",\"@id\":\"https:\\\/\\\/tuplice.pl\\\/index.php\\\/author\\\/admin-2\\\/#author\",\"url\":\"https:\\\/\\\/tuplice.pl\\\/index.php\\\/author\\\/admin-2\\\/\",\"name\":\"admin\",\"image\":{\"@type\":\"ImageObject\",\"@id\":\"https:\\\/\\\/tuplice.pl\\\/index.php\\\/2013\\\/01\\\/11\\\/solectwa-cielmow-i-czerna\\\/#authorImage\",\"url\":\"https:\\\/\\\/secure.gravatar.com\\\/avatar\\\/8a55bb0a6c2b7d7d608f6e5c7d99e391?s=96&d=mm&r=g\",\"width\":96,\"height\":96,\"caption\":\"admin\"}},{\"@type\":\"WebPage\",\"@id\":\"https:\\\/\\\/tuplice.pl\\\/index.php\\\/2013\\\/01\\\/11\\\/solectwa-cielmow-i-czerna\\\/#webpage\",\"url\":\"https:\\\/\\\/tuplice.pl\\\/index.php\\\/2013\\\/01\\\/11\\\/solectwa-cielmow-i-czerna\\\/\",\"name\":\"So\\u0142ectwa Cielm\\u00f3w i Czerna - Gmina Tuplice\",\"description\":\"{slider= Festyn integracyjny so\\u0142ectw Cielm\\u00f3w i Czerna 2011} Jolanta smyk ju\\u017c drug\\u0105 kadencj\\u0119 jest so\\u0142tysem Cielmowa, Marek Tomiuk za\\u015b poraz pierwszy w swoim \\u017cyciu zosta\\u0142 so\\u0142tysem Czernej. Oboje m\\u0142odzi, niemaj\\u0105cy rutyny, a dzi\\u0119ki temu pe\\u0142ni energii , pomys\\u0142\\u00f3w. Co zrobi\\u0107 - zadawali sobie pytanie - aby o\\u017cywi\\u0107 so\\u0142ectwa i wnie\\u015b\\u0107 nowego. Idea powsta\\u0142a nast\\u0119puj\\u0105ca :\",\"inLanguage\":\"pl-PL\",\"isPartOf\":{\"@id\":\"https:\\\/\\\/tuplice.pl\\\/#website\"},\"breadcrumb\":{\"@id\":\"https:\\\/\\\/tuplice.pl\\\/index.php\\\/2013\\\/01\\\/11\\\/solectwa-cielmow-i-czerna\\\/#breadcrumblist\"},\"author\":{\"@id\":\"https:\\\/\\\/tuplice.pl\\\/index.php\\\/author\\\/admin-2\\\/#author\"},\"creator\":{\"@id\":\"https:\\\/\\\/tuplice.pl\\\/index.php\\\/author\\\/admin-2\\\/#author\"},\"datePublished\":\"2013-01-11T11:01:25+01:00\",\"dateModified\":\"2013-01-11T11:01:25+01:00\"},{\"@type\":\"WebSite\",\"@id\":\"https:\\\/\\\/tuplice.pl\\\/#website\",\"url\":\"https:\\\/\\\/tuplice.pl\\\/\",\"name\":\"Gmina Tuplice\",\"description\":\"Strona Gminy Tuplice\",\"inLanguage\":\"pl-PL\",\"publisher\":{\"@id\":\"https:\\\/\\\/tuplice.pl\\\/#organization\"}}]}\n\t\t<\/script>\n\t\t<!-- All in One SEO -->\n\n","aioseo_head_json":{"title":"So\u0142ectwa Cielm\u00f3w i Czerna - Gmina Tuplice","description":"{slider= Festyn integracyjny so\u0142ectw Cielm\u00f3w i Czerna 2011} Jolanta smyk ju\u017c drug\u0105 kadencj\u0119 jest so\u0142tysem Cielmowa, Marek Tomiuk za\u015b poraz pierwszy w swoim \u017cyciu zosta\u0142 so\u0142tysem Czernej. Oboje m\u0142odzi, niemaj\u0105cy rutyny, a dzi\u0119ki temu pe\u0142ni energii , pomys\u0142\u00f3w. Co zrobi\u0107 - zadawali sobie pytanie - aby o\u017cywi\u0107 so\u0142ectwa i wnie\u015b\u0107 nowego. Idea powsta\u0142a nast\u0119puj\u0105ca :","canonical_url":"https:\/\/tuplice.pl\/index.php\/2013\/01\/11\/solectwa-cielmow-i-czerna\/","robots":"max-image-preview:large","keywords":"","webmasterTools":{"miscellaneous":""},"schema":{"@context":"https:\/\/schema.org","@graph":[{"@type":"BlogPosting","@id":"https:\/\/tuplice.pl\/index.php\/2013\/01\/11\/solectwa-cielmow-i-czerna\/#blogposting","name":"So\u0142ectwa Cielm\u00f3w i Czerna - Gmina Tuplice","headline":"So\u0142ectwa Cielm\u00f3w i Czerna","author":{"@id":"https:\/\/tuplice.pl\/index.php\/author\/admin-2\/#author"},"publisher":{"@id":"https:\/\/tuplice.pl\/#organization"},"image":{"@type":"ImageObject","url":"https:\/\/tuplice.pl\/wp-content\/uploads\/2025\/07\/images.png","@id":"https:\/\/tuplice.pl\/#articleImage","width":282,"height":179},"datePublished":"2013-01-11T11:01:25+01:00","dateModified":"2013-01-11T11:01:25+01:00","inLanguage":"pl-PL","mainEntityOfPage":{"@id":"https:\/\/tuplice.pl\/index.php\/2013\/01\/11\/solectwa-cielmow-i-czerna\/#webpage"},"isPartOf":{"@id":"https:\/\/tuplice.pl\/index.php\/2013\/01\/11\/solectwa-cielmow-i-czerna\/#webpage"},"articleSection":"Menu boczne"},{"@type":"BreadcrumbList","@id":"https:\/\/tuplice.pl\/index.php\/2013\/01\/11\/solectwa-cielmow-i-czerna\/#breadcrumblist","itemListElement":[{"@type":"ListItem","@id":"https:\/\/tuplice.pl#listItem","position":1,"name":"Home","item":"https:\/\/tuplice.pl","nextItem":{"@type":"ListItem","@id":"https:\/\/tuplice.pl\/index.php\/category\/menu-boczne\/#listItem","name":"Menu boczne"}},{"@type":"ListItem","@id":"https:\/\/tuplice.pl\/index.php\/category\/menu-boczne\/#listItem","position":2,"name":"Menu boczne","item":"https:\/\/tuplice.pl\/index.php\/category\/menu-boczne\/","nextItem":{"@type":"ListItem","@id":"https:\/\/tuplice.pl\/index.php\/2013\/01\/11\/solectwa-cielmow-i-czerna\/#listItem","name":"So\u0142ectwa Cielm\u00f3w i Czerna"},"previousItem":{"@type":"ListItem","@id":"https:\/\/tuplice.pl#listItem","name":"Home"}},{"@type":"ListItem","@id":"https:\/\/tuplice.pl\/index.php\/2013\/01\/11\/solectwa-cielmow-i-czerna\/#listItem","position":3,"name":"So\u0142ectwa Cielm\u00f3w i Czerna","previousItem":{"@type":"ListItem","@id":"https:\/\/tuplice.pl\/index.php\/category\/menu-boczne\/#listItem","name":"Menu boczne"}}]},{"@type":"Organization","@id":"https:\/\/tuplice.pl\/#organization","name":"Gmina Tuplice Gmina Tuplice","description":"Strona Gminy Tuplice Strona Urz\u0119du Gminy Tuplice","url":"https:\/\/tuplice.pl\/","telephone":"+48683625720","logo":{"@type":"ImageObject","url":"https:\/\/tuplice.pl\/wp-content\/uploads\/2025\/07\/images.png","@id":"https:\/\/tuplice.pl\/index.php\/2013\/01\/11\/solectwa-cielmow-i-czerna\/#organizationLogo","width":282,"height":179},"image":{"@id":"https:\/\/tuplice.pl\/index.php\/2013\/01\/11\/solectwa-cielmow-i-czerna\/#organizationLogo"},"sameAs":["https:\/\/facebook.com\/Tuplicki Biuletyn Informacyjny","https:\/\/pinterest.com\/Tuplicki Biuletyn Informacyjny","https:\/\/youtube.com\/Tuplicki Biuletyn Informacyjny"]},{"@type":"Person","@id":"https:\/\/tuplice.pl\/index.php\/author\/admin-2\/#author","url":"https:\/\/tuplice.pl\/index.php\/author\/admin-2\/","name":"admin","image":{"@type":"ImageObject","@id":"https:\/\/tuplice.pl\/index.php\/2013\/01\/11\/solectwa-cielmow-i-czerna\/#authorImage","url":"https:\/\/secure.gravatar.com\/avatar\/8a55bb0a6c2b7d7d608f6e5c7d99e391?s=96&d=mm&r=g","width":96,"height":96,"caption":"admin"}},{"@type":"WebPage","@id":"https:\/\/tuplice.pl\/index.php\/2013\/01\/11\/solectwa-cielmow-i-czerna\/#webpage","url":"https:\/\/tuplice.pl\/index.php\/2013\/01\/11\/solectwa-cielmow-i-czerna\/","name":"So\u0142ectwa Cielm\u00f3w i Czerna - Gmina Tuplice","description":"{slider= Festyn integracyjny so\u0142ectw Cielm\u00f3w i Czerna 2011} Jolanta smyk ju\u017c drug\u0105 kadencj\u0119 jest so\u0142tysem Cielmowa, Marek Tomiuk za\u015b poraz pierwszy w swoim \u017cyciu zosta\u0142 so\u0142tysem Czernej. Oboje m\u0142odzi, niemaj\u0105cy rutyny, a dzi\u0119ki temu pe\u0142ni energii , pomys\u0142\u00f3w. Co zrobi\u0107 - zadawali sobie pytanie - aby o\u017cywi\u0107 so\u0142ectwa i wnie\u015b\u0107 nowego. Idea powsta\u0142a nast\u0119puj\u0105ca :","inLanguage":"pl-PL","isPartOf":{"@id":"https:\/\/tuplice.pl\/#website"},"breadcrumb":{"@id":"https:\/\/tuplice.pl\/index.php\/2013\/01\/11\/solectwa-cielmow-i-czerna\/#breadcrumblist"},"author":{"@id":"https:\/\/tuplice.pl\/index.php\/author\/admin-2\/#author"},"creator":{"@id":"https:\/\/tuplice.pl\/index.php\/author\/admin-2\/#author"},"datePublished":"2013-01-11T11:01:25+01:00","dateModified":"2013-01-11T11:01:25+01:00"},{"@type":"WebSite","@id":"https:\/\/tuplice.pl\/#website","url":"https:\/\/tuplice.pl\/","name":"Gmina Tuplice","description":"Strona Gminy Tuplice","inLanguage":"pl-PL","publisher":{"@id":"https:\/\/tuplice.pl\/#organization"}}]},"og:locale":"pl_PL","og:site_name":"Gmina Tuplice - Strona Gminy Tuplice","og:type":"article","og:title":"So\u0142ectwa Cielm\u00f3w i Czerna - Gmina Tuplice","og:description":"{slider= Festyn integracyjny so\u0142ectw Cielm\u00f3w i Czerna 2011} Jolanta smyk ju\u017c drug\u0105 kadencj\u0119 jest so\u0142tysem Cielmowa, Marek Tomiuk za\u015b poraz pierwszy w swoim \u017cyciu zosta\u0142 so\u0142tysem Czernej. Oboje m\u0142odzi, niemaj\u0105cy rutyny, a dzi\u0119ki temu pe\u0142ni energii , pomys\u0142\u00f3w. Co zrobi\u0107 - zadawali sobie pytanie - aby o\u017cywi\u0107 so\u0142ectwa i wnie\u015b\u0107 nowego. Idea powsta\u0142a nast\u0119puj\u0105ca :","og:url":"https:\/\/tuplice.pl\/index.php\/2013\/01\/11\/solectwa-cielmow-i-czerna\/","article:published_time":"2013-01-11T10:01:25+00:00","article:modified_time":"2013-01-11T10:01:25+00:00","article:publisher":"https:\/\/facebook.com\/Tuplicki Biuletyn Informacyjny","twitter:card":"summary_large_image","twitter:title":"So\u0142ectwa Cielm\u00f3w i Czerna - Gmina Tuplice","twitter:description":"{slider= Festyn integracyjny so\u0142ectw Cielm\u00f3w i Czerna 2011} Jolanta smyk ju\u017c drug\u0105 kadencj\u0119 jest so\u0142tysem Cielmowa, Marek Tomiuk za\u015b poraz pierwszy w swoim \u017cyciu zosta\u0142 so\u0142tysem Czernej. Oboje m\u0142odzi, niemaj\u0105cy rutyny, a dzi\u0119ki temu pe\u0142ni energii , pomys\u0142\u00f3w. Co zrobi\u0107 - zadawali sobie pytanie - aby o\u017cywi\u0107 so\u0142ectwa i wnie\u015b\u0107 nowego. Idea powsta\u0142a nast\u0119puj\u0105ca :"},"aioseo_meta_data":{"post_id":"680","title":null,"description":null,"keywords":null,"keyphrases":null,"primary_term":null,"canonical_url":null,"og_title":null,"og_description":null,"og_object_type":"default","og_image_type":"default","og_image_url":null,"og_image_width":null,"og_image_height":null,"og_image_custom_url":null,"og_image_custom_fields":null,"og_video":null,"og_custom_url":null,"og_article_section":null,"og_article_tags":null,"twitter_use_og":false,"twitter_card":"default","twitter_image_type":"default","twitter_image_url":null,"twitter_image_custom_url":null,"twitter_image_custom_fields":null,"twitter_title":null,"twitter_description":null,"schema":{"blockGraphs":[],"customGraphs":[],"default":{"data":{"Article":[],"Course":[],"Dataset":[],"FAQPage":[],"Movie":[],"Person":[],"Product":[],"ProductReview":[],"Car":[],"Recipe":[],"Service":[],"SoftwareApplication":[],"WebPage":[]},"graphName":"","isEnabled":true},"graphs":[]},"schema_type":"default","schema_type_options":null,"pillar_content":false,"robots_default":true,"robots_noindex":false,"robots_noarchive":false,"robots_nosnippet":false,"robots_nofollow":false,"robots_noimageindex":false,"robots_noodp":false,"robots_notranslate":false,"robots_max_snippet":null,"robots_max_videopreview":null,"robots_max_imagepreview":"large","priority":null,"frequency":null,"local_seo":null,"breadcrumb_settings":null,"limit_modified_date":false,"ai":null,"created":"2025-07-22 18:51:14","updated":"2025-07-22 18:51:14","seo_analyzer_scan_date":null},"aioseo_breadcrumb":"<div class=\"aioseo-breadcrumbs\"><span class=\"aioseo-breadcrumb\">\n\t\t\t<a href=\"https:\/\/tuplice.pl\" title=\"Home\">Home<\/a>\n\t\t<\/span><span class=\"aioseo-breadcrumb-separator\">&raquo;<\/span><span class=\"aioseo-breadcrumb\">\n\t\t\t<a href=\"https:\/\/tuplice.pl\/index.php\/category\/menu-boczne\/\" title=\"Menu boczne\">Menu boczne<\/a>\n\t\t<\/span><span class=\"aioseo-breadcrumb-separator\">&raquo;<\/span><span class=\"aioseo-breadcrumb\">\n\t\t\tSo\u0142ectwa Cielm\u00f3w i Czerna\n\t\t<\/span><\/div>","aioseo_breadcrumb_json":[{"label":"Home","link":"https:\/\/tuplice.pl"},{"label":"Menu boczne","link":"https:\/\/tuplice.pl\/index.php\/category\/menu-boczne\/"},{"label":"So\u0142ectwa Cielm\u00f3w i Czerna","link":"https:\/\/tuplice.pl\/index.php\/2013\/01\/11\/solectwa-cielmow-i-czerna\/"}],"a3_pvc":{"activated":false,"total_views":0,"today_views":0},"_links":{"self":[{"href":"https:\/\/tuplice.pl\/index.php\/wp-json\/wp\/v2\/posts\/680"}],"collection":[{"href":"https:\/\/tuplice.pl\/index.php\/wp-json\/wp\/v2\/posts"}],"about":[{"href":"https:\/\/tuplice.pl\/index.php\/wp-json\/wp\/v2\/types\/post"}],"author":[{"embeddable":true,"href":"https:\/\/tuplice.pl\/index.php\/wp-json\/wp\/v2\/users\/4"}],"replies":[{"embeddable":true,"href":"https:\/\/tuplice.pl\/index.php\/wp-json\/wp\/v2\/comments?post=680"}],"version-history":[{"count":0,"href":"https:\/\/tuplice.pl\/index.php\/wp-json\/wp\/v2\/posts\/680\/revisions"}],"wp:attachment":[{"href":"https:\/\/tuplice.pl\/index.php\/wp-json\/wp\/v2\/media?parent=680"}],"wp:term":[{"taxonomy":"category","embeddable":true,"href":"https:\/\/tuplice.pl\/index.php\/wp-json\/wp\/v2\/categories?post=680"},{"taxonomy":"post_tag","embeddable":true,"href":"https:\/\/tuplice.pl\/index.php\/wp-json\/wp\/v2\/tags?post=680"}],"curies":[{"name":"wp","href":"https:\/\/api.w.org\/{rel}","templated":true}]}}