{"id":690,"date":"2013-02-01T11:01:37","date_gmt":"2013-02-01T10:01:37","guid":{"rendered":"https:\/\/tuplice.pl\/wydarzenia-drzeniow\/"},"modified":"2013-02-01T11:01:37","modified_gmt":"2013-02-01T10:01:37","slug":"wydarzenia-drzeniow","status":"publish","type":"post","link":"https:\/\/tuplice.pl\/index.php\/2013\/02\/01\/wydarzenia-drzeniow\/","title":{"rendered":"Wydarzenia Drzeni\u00f3w"},"content":{"rendered":"<p>{slider=Jagodowe \u015awi\u0119to 2012}<\/p>\n<p>{gallery}menu_right\/jagodowe_swieto_2012{\/gallery}<\/p>\n<p>{\/slider}<\/p>\n<p>{slider=&#8221;Rycerski Dzie\u0144 Dziecka&#8221;}<\/p>\n<p><img decoding=\"async\" loading=\"lazy\" class=\" alignleft size-full wp-image-606\" src=\"https:\/\/tuplice.pl\/wp-content\/uploads\/2012\/05\/rycerski_dzien_dziecka_drzeniow_2012_1024.jpg\" border=\"0\" width=\"544\" height=\"761\" align=\"left\" \/><\/p>\n<p>\u00a0<\/p>\n<p>\u00a0<\/p>\n<p>\u00a0<\/p>\n<p>\u00a0<\/p>\n<p>\u00a0<\/p>\n<p>\u00a0<\/p>\n<p>\u00a0<\/p>\n<p>\u00a0<\/p>\n<p>\u00a0<\/p>\n<p>\u00a0<\/p>\n<p>\u00a0<\/p>\n<p>\u00a0<\/p>\n<p>\u00a0<\/p>\n<p>\u00a0<\/p>\n<p>\u00a0<\/p>\n<p>\u00a0<\/p>\n<p>\u00a0<\/p>\n<p>\u00a0<\/p>\n<p>\u00a0<\/p>\n<p>\u00a0<\/p>\n<p>\u00a0<\/p>\n<p>\u00a0<\/p>\n<p>\u00a0<\/p>\n<p>\u00a0<\/p>\n<p>\u00a0<\/p>\n<p>\u00a0<\/p>\n<p>\u00a0<\/p>\n<p>\u00a0<\/p>\n<p>{\/slider}<\/p>\n<p>{slider=Jagodowe \u015awi\u0119to 2011}<\/p>\n<p>{gallery}09072011_Drzeniow{\/gallery}<\/p>\n<p>{\/slider}<\/p>\n<p>{slider=&#8221;Wsp\u00f3\u0142praca bli\u017aniak\u00f3w&#8221;}<\/p>\n<p>\u201eWSP\u00d3\u0141PRACA BLI\u0179NIAK\u00d3W\u201d<br \/>O istnieniu wsi o identycznej nazwie wiedzieli\u015bmy ju\u017c od dawna ale nigdy nie zdecydowali\u015bmy si\u0119 na ten ostateczny krok ku nawi\u0105zaniu przyja\u017ani.<\/p>\n<p>I sta\u0142o si\u0119\u2026 w niedziel\u0119,tj.20 marca w naszej \u015bwietlicy go\u015bcili\u015bmy: pani\u0105 Edyt\u0119 Szymczak- opiekunk\u0119 \u015bwietlicy w Drzeniowie z gm. Cybinka, pana\u00a0 Janusza Tumi\u0142owicza &#8211; radnego i so\u0142tysa, pana Tomasza Szymczaka-przewodnicz\u0105cego Ko\u0142a \u201eD\u0119binki\u201d oraz pani\u0105 Beat\u0119 Wo\u017any-cz\u0142onkini\u0119 tego\u017c Ko\u0142a.<\/p>\n<p>Atmosfera spotkania by\u0142a bardzo mi\u0142a. Wymienili\u015bmy swoje do\u015bwiadczenia z dotychczasowej pracy na rzecz naszych wiosek. Okazuje si\u0119, \u017ce opr\u00f3cz nazwy wiele nas \u0142\u0105czy. Wsp\u00f3\u0142prac\u0119 zaczniemy od wsp\u00f3\u0142udzia\u0142u naszych dzieci w imprezach integracyjnych. Zostali\u015bmy zaproszeni do \u201dzmaga\u0144 z okazji Dnia Wojska Polskiego\u201d(sierpie\u0144), natomiast my ugo\u015bcimy dzieci z Drzeniowa podczas \u201eJagodowego \u015awi\u0119ta\u201d(lipiec).<br \/>Stowarzyszenie Na Rzecz Rozwoju i Promocji Wsi Drzeni\u00f3w <br \/>{gallery}rozne\/drzeniow{\/gallery}<\/p>\n<p>{\/slider}<\/p>\n<p>{slider=&#8221;Drzeni\u00f3w &amp; Drzeni\u00f3w &#8222;Z bli\u017aniakiem ra\u017aniej&#8221;&#8221;}<\/p>\n<p><img decoding=\"async\" loading=\"lazy\" class=\" alignleft size-full wp-image-458\" src=\"https:\/\/tuplice.pl\/wp-content\/uploads\/2011\/06\/blizniaki.jpg\" border=\"0\" hspace=\"5\" width=\"196\" height=\"96\" align=\"left\" \/>Kolejnym dzia\u0142aniem w ramach projektu \u201eZ BLI\u0179NIAKIEM RA\u0179NIEJ&#8221; by\u0142o spotkanie \u201eNA INDIA\u0143SKIM SZLAKU\u201d. Szesna\u015bcioro dzieci z Drzeniowa\u00a0 go\u015bci\u0142o w dniach 10-12 czerwca br. w bli\u017aniaczej wsi w gminie Cybinka. Podczas wsp\u00f3lnej zabawy\u00a0 zawi\u0105za\u0142y si\u0119 liczne przyja\u017anie. Zrodzi\u0142y si\u0119 nowe pomys\u0142y na inne formy dalszej wsp\u00f3\u0142pracy. Przyj\u0119to nas z wielk\u0105 serdeczno\u015bci\u0105.<\/p>\n<p>Wizyta mia\u0142a tak\u017ce oficjalny w\u0105tek. Podpisy pod certyfikatem potwierdzaj\u0105cym wsp\u00f3\u0142prac\u0119 mi\u0119dzy \u201eBLI\u0179NIAKAMI\u201d z\u0142o\u017cyli\u00a0 Wojewoda Lubuski pani Helena Hatka, W\u00f3jt Gminy Tuplice pan Tadeusz Rybak ,Burmistrz Cybinki pan Roman Siemi\u0144skim,\u00a0 opiekunowie \u015bwietlic\u00a0 wiejskich\u00a0 Edyta Szymczak i Bo\u017cena Jab\u0142o\u0144ska oraz pan Tomasz Szymczak.<\/p>\n<p>Cz\u0142onkowie Stowarzyszenia Na Rzecz Rozwoju i Promocji Wsi Drzeni\u00f3w mieli mo\u017cliwo\u015b\u0107 podziwiania dokona\u0144 mieszka\u0144c\u00f3w Drzeniowa k. Cybinki. Om\u00f3wili tak\u017ce szczeg\u00f3\u0142y udzia\u0142u Ko\u0142a \u201eD\u0119binki Drzeni\u00f3w\u201d w lipcowym festynie \u201eJagodowe \u015awi\u0119to\u201d.<br \/>Nast\u0119pne spotkanie u nas w dniach 8-10 lipca.<\/p>\n<p>{gallery}drzeniow{\/gallery}<\/p>\n<p>{\/slider}<\/p>\n<p>\u00a0<\/p>\n<p>\u00a0<\/p>\n","protected":false},"excerpt":{"rendered":"<p>{slider=Jagodowe \u015awi\u0119to 2012} {gallery}menu_right\/jagodowe_swieto_2012{\/gallery} {\/slider} {slider=&#8221;Rycerski Dzie\u0144 Dziecka&#8221;} \u00a0 \u00a0 \u00a0 \u00a0 \u00a0 \u00a0 \u00a0 \u00a0 \u00a0 \u00a0 \u00a0 \u00a0 \u00a0 \u00a0 \u00a0 \u00a0 \u00a0 \u00a0 \u00a0 \u00a0 \u00a0 \u00a0 \u00a0 \u00a0 \u00a0 \u00a0 \u00a0 \u00a0 {\/slider} {slider=Jagodowe \u015awi\u0119to 2011} {gallery}09072011_Drzeniow{\/gallery} {\/slider} {slider=&#8221;Wsp\u00f3\u0142praca bli\u017aniak\u00f3w&#8221;} \u201eWSP\u00d3\u0141PRACA BLI\u0179NIAK\u00d3W\u201dO istnieniu wsi o identycznej nazwie wiedzieli\u015bmy ju\u017c od dawna [&hellip;]<\/p>\n","protected":false},"author":4,"featured_media":606,"comment_status":"closed","ping_status":"closed","sticky":false,"template":"","format":"standard","meta":{"_et_pb_use_builder":"","_et_pb_old_content":"","_et_gb_content_width":"","_monsterinsights_skip_tracking":false},"categories":[83],"tags":[],"aioseo_notices":[],"aioseo_head":"\n\t\t<!-- All in One SEO 4.9.10 - aioseo.com -->\n\t<meta name=\"description\" content=\"{slider=Jagodowe \u015awi\u0119to 2012} {gallery}menu_right\/jagodowe_swieto_2012{\/gallery} {\/slider} {slider=&quot;Rycerski Dzie\u0144 Dziecka&quot;} {\/slider} {slider=Jagodowe \u015awi\u0119to 2011} {gallery}09072011_Drzeniow{\/gallery} {\/slider} {slider=&quot;Wsp\u00f3\u0142praca bli\u017aniak\u00f3w&quot;} \u201eWSP\u00d3\u0141PRACA BLI\u0179NIAK\u00d3W\u201dO istnieniu wsi o identycznej nazwie wiedzieli\u015bmy ju\u017c od dawna\" \/>\n\t<meta name=\"robots\" content=\"max-image-preview:large\" \/>\n\t<meta name=\"author\" content=\"admin\"\/>\n\t<link rel=\"canonical\" href=\"https:\/\/tuplice.pl\/index.php\/2013\/02\/01\/wydarzenia-drzeniow\/\" \/>\n\t<meta name=\"generator\" content=\"All in One SEO (AIOSEO) 4.9.10\" \/>\n\t\t<meta property=\"og:locale\" content=\"pl_PL\" \/>\n\t\t<meta property=\"og:site_name\" content=\"Gmina Tuplice - Strona Gminy Tuplice\" \/>\n\t\t<meta property=\"og:type\" content=\"article\" \/>\n\t\t<meta property=\"og:title\" content=\"Wydarzenia Drzeni\u00f3w - Gmina Tuplice\" \/>\n\t\t<meta property=\"og:description\" content=\"{slider=Jagodowe \u015awi\u0119to 2012} {gallery}menu_right\/jagodowe_swieto_2012{\/gallery} {\/slider} {slider=&quot;Rycerski Dzie\u0144 Dziecka&quot;} {\/slider} {slider=Jagodowe \u015awi\u0119to 2011} {gallery}09072011_Drzeniow{\/gallery} {\/slider} {slider=&quot;Wsp\u00f3\u0142praca bli\u017aniak\u00f3w&quot;} \u201eWSP\u00d3\u0141PRACA BLI\u0179NIAK\u00d3W\u201dO istnieniu wsi o identycznej nazwie wiedzieli\u015bmy ju\u017c od dawna\" \/>\n\t\t<meta property=\"og:url\" content=\"https:\/\/tuplice.pl\/index.php\/2013\/02\/01\/wydarzenia-drzeniow\/\" \/>\n\t\t<meta property=\"article:published_time\" content=\"2013-02-01T10:01:37+00:00\" \/>\n\t\t<meta property=\"article:modified_time\" content=\"2013-02-01T10:01:37+00:00\" \/>\n\t\t<meta property=\"article:publisher\" content=\"https:\/\/facebook.com\/Tuplicki Biuletyn Informacyjny\" \/>\n\t\t<meta name=\"twitter:card\" content=\"summary_large_image\" \/>\n\t\t<meta name=\"twitter:title\" content=\"Wydarzenia Drzeni\u00f3w - Gmina Tuplice\" \/>\n\t\t<meta name=\"twitter:description\" content=\"{slider=Jagodowe \u015awi\u0119to 2012} {gallery}menu_right\/jagodowe_swieto_2012{\/gallery} {\/slider} {slider=&quot;Rycerski Dzie\u0144 Dziecka&quot;} {\/slider} {slider=Jagodowe \u015awi\u0119to 2011} {gallery}09072011_Drzeniow{\/gallery} {\/slider} {slider=&quot;Wsp\u00f3\u0142praca bli\u017aniak\u00f3w&quot;} \u201eWSP\u00d3\u0141PRACA BLI\u0179NIAK\u00d3W\u201dO istnieniu wsi o identycznej nazwie wiedzieli\u015bmy ju\u017c od dawna\" \/>\n\t\t<script type=\"application\/ld+json\" class=\"aioseo-schema\">\n\t\t\t{\"@context\":\"https:\\\/\\\/schema.org\",\"@graph\":[{\"@type\":\"BlogPosting\",\"@id\":\"https:\\\/\\\/tuplice.pl\\\/index.php\\\/2013\\\/02\\\/01\\\/wydarzenia-drzeniow\\\/#blogposting\",\"name\":\"Wydarzenia Drzeni\\u00f3w - Gmina Tuplice\",\"headline\":\"Wydarzenia Drzeni\\u00f3w\",\"author\":{\"@id\":\"https:\\\/\\\/tuplice.pl\\\/index.php\\\/author\\\/admin-2\\\/#author\"},\"publisher\":{\"@id\":\"https:\\\/\\\/tuplice.pl\\\/#organization\"},\"image\":{\"@type\":\"ImageObject\",\"url\":606},\"datePublished\":\"2013-02-01T11:01:37+01:00\",\"dateModified\":\"2013-02-01T11:01:37+01:00\",\"inLanguage\":\"pl-PL\",\"mainEntityOfPage\":{\"@id\":\"https:\\\/\\\/tuplice.pl\\\/index.php\\\/2013\\\/02\\\/01\\\/wydarzenia-drzeniow\\\/#webpage\"},\"isPartOf\":{\"@id\":\"https:\\\/\\\/tuplice.pl\\\/index.php\\\/2013\\\/02\\\/01\\\/wydarzenia-drzeniow\\\/#webpage\"},\"articleSection\":\"Menu boczne\"},{\"@type\":\"BreadcrumbList\",\"@id\":\"https:\\\/\\\/tuplice.pl\\\/index.php\\\/2013\\\/02\\\/01\\\/wydarzenia-drzeniow\\\/#breadcrumblist\",\"itemListElement\":[{\"@type\":\"ListItem\",\"@id\":\"https:\\\/\\\/tuplice.pl#listItem\",\"position\":1,\"name\":\"Home\",\"item\":\"https:\\\/\\\/tuplice.pl\",\"nextItem\":{\"@type\":\"ListItem\",\"@id\":\"https:\\\/\\\/tuplice.pl\\\/index.php\\\/category\\\/menu-boczne\\\/#listItem\",\"name\":\"Menu boczne\"}},{\"@type\":\"ListItem\",\"@id\":\"https:\\\/\\\/tuplice.pl\\\/index.php\\\/category\\\/menu-boczne\\\/#listItem\",\"position\":2,\"name\":\"Menu boczne\",\"item\":\"https:\\\/\\\/tuplice.pl\\\/index.php\\\/category\\\/menu-boczne\\\/\",\"nextItem\":{\"@type\":\"ListItem\",\"@id\":\"https:\\\/\\\/tuplice.pl\\\/index.php\\\/2013\\\/02\\\/01\\\/wydarzenia-drzeniow\\\/#listItem\",\"name\":\"Wydarzenia Drzeni\\u00f3w\"},\"previousItem\":{\"@type\":\"ListItem\",\"@id\":\"https:\\\/\\\/tuplice.pl#listItem\",\"name\":\"Home\"}},{\"@type\":\"ListItem\",\"@id\":\"https:\\\/\\\/tuplice.pl\\\/index.php\\\/2013\\\/02\\\/01\\\/wydarzenia-drzeniow\\\/#listItem\",\"position\":3,\"name\":\"Wydarzenia Drzeni\\u00f3w\",\"previousItem\":{\"@type\":\"ListItem\",\"@id\":\"https:\\\/\\\/tuplice.pl\\\/index.php\\\/category\\\/menu-boczne\\\/#listItem\",\"name\":\"Menu boczne\"}}]},{\"@type\":\"Organization\",\"@id\":\"https:\\\/\\\/tuplice.pl\\\/#organization\",\"name\":\"Gmina Tuplice Gmina Tuplice\",\"description\":\"Strona Gminy Tuplice Strona Urz\\u0119du Gminy Tuplice\",\"url\":\"https:\\\/\\\/tuplice.pl\\\/\",\"telephone\":\"+48683625720\",\"logo\":{\"@type\":\"ImageObject\",\"url\":\"https:\\\/\\\/tuplice.pl\\\/wp-content\\\/uploads\\\/2025\\\/07\\\/images.png\",\"@id\":\"https:\\\/\\\/tuplice.pl\\\/index.php\\\/2013\\\/02\\\/01\\\/wydarzenia-drzeniow\\\/#organizationLogo\",\"width\":282,\"height\":179},\"image\":{\"@id\":\"https:\\\/\\\/tuplice.pl\\\/index.php\\\/2013\\\/02\\\/01\\\/wydarzenia-drzeniow\\\/#organizationLogo\"},\"sameAs\":[\"https:\\\/\\\/facebook.com\\\/Tuplicki Biuletyn Informacyjny\",\"https:\\\/\\\/pinterest.com\\\/Tuplicki Biuletyn Informacyjny\",\"https:\\\/\\\/youtube.com\\\/Tuplicki Biuletyn Informacyjny\"]},{\"@type\":\"Person\",\"@id\":\"https:\\\/\\\/tuplice.pl\\\/index.php\\\/author\\\/admin-2\\\/#author\",\"url\":\"https:\\\/\\\/tuplice.pl\\\/index.php\\\/author\\\/admin-2\\\/\",\"name\":\"admin\",\"image\":{\"@type\":\"ImageObject\",\"@id\":\"https:\\\/\\\/tuplice.pl\\\/index.php\\\/2013\\\/02\\\/01\\\/wydarzenia-drzeniow\\\/#authorImage\",\"url\":\"https:\\\/\\\/secure.gravatar.com\\\/avatar\\\/8a55bb0a6c2b7d7d608f6e5c7d99e391?s=96&d=mm&r=g\",\"width\":96,\"height\":96,\"caption\":\"admin\"}},{\"@type\":\"WebPage\",\"@id\":\"https:\\\/\\\/tuplice.pl\\\/index.php\\\/2013\\\/02\\\/01\\\/wydarzenia-drzeniow\\\/#webpage\",\"url\":\"https:\\\/\\\/tuplice.pl\\\/index.php\\\/2013\\\/02\\\/01\\\/wydarzenia-drzeniow\\\/\",\"name\":\"Wydarzenia Drzeni\\u00f3w - Gmina Tuplice\",\"description\":\"{slider=Jagodowe \\u015awi\\u0119to 2012} {gallery}menu_right\\\/jagodowe_swieto_2012{\\\/gallery} {\\\/slider} {slider=\\\"Rycerski Dzie\\u0144 Dziecka\\\"} {\\\/slider} {slider=Jagodowe \\u015awi\\u0119to 2011} {gallery}09072011_Drzeniow{\\\/gallery} {\\\/slider} {slider=\\\"Wsp\\u00f3\\u0142praca bli\\u017aniak\\u00f3w\\\"} \\u201eWSP\\u00d3\\u0141PRACA BLI\\u0179NIAK\\u00d3W\\u201dO istnieniu wsi o identycznej nazwie wiedzieli\\u015bmy ju\\u017c od dawna\",\"inLanguage\":\"pl-PL\",\"isPartOf\":{\"@id\":\"https:\\\/\\\/tuplice.pl\\\/#website\"},\"breadcrumb\":{\"@id\":\"https:\\\/\\\/tuplice.pl\\\/index.php\\\/2013\\\/02\\\/01\\\/wydarzenia-drzeniow\\\/#breadcrumblist\"},\"author\":{\"@id\":\"https:\\\/\\\/tuplice.pl\\\/index.php\\\/author\\\/admin-2\\\/#author\"},\"creator\":{\"@id\":\"https:\\\/\\\/tuplice.pl\\\/index.php\\\/author\\\/admin-2\\\/#author\"},\"image\":{\"@type\":\"ImageObject\",\"url\":606,\"@id\":\"https:\\\/\\\/tuplice.pl\\\/index.php\\\/2013\\\/02\\\/01\\\/wydarzenia-drzeniow\\\/#mainImage\"},\"primaryImageOfPage\":{\"@id\":\"https:\\\/\\\/tuplice.pl\\\/index.php\\\/2013\\\/02\\\/01\\\/wydarzenia-drzeniow\\\/#mainImage\"},\"datePublished\":\"2013-02-01T11:01:37+01:00\",\"dateModified\":\"2013-02-01T11:01:37+01:00\"},{\"@type\":\"WebSite\",\"@id\":\"https:\\\/\\\/tuplice.pl\\\/#website\",\"url\":\"https:\\\/\\\/tuplice.pl\\\/\",\"name\":\"Gmina Tuplice\",\"description\":\"Strona Gminy Tuplice\",\"inLanguage\":\"pl-PL\",\"publisher\":{\"@id\":\"https:\\\/\\\/tuplice.pl\\\/#organization\"}}]}\n\t\t<\/script>\n\t\t<!-- All in One SEO -->\n\n","aioseo_head_json":{"title":"Wydarzenia Drzeni\u00f3w - Gmina Tuplice","description":"{slider=Jagodowe \u015awi\u0119to 2012} {gallery}menu_right\/jagodowe_swieto_2012{\/gallery} {\/slider} {slider=\"Rycerski Dzie\u0144 Dziecka\"} {\/slider} {slider=Jagodowe \u015awi\u0119to 2011} {gallery}09072011_Drzeniow{\/gallery} {\/slider} {slider=\"Wsp\u00f3\u0142praca bli\u017aniak\u00f3w\"} \u201eWSP\u00d3\u0141PRACA BLI\u0179NIAK\u00d3W\u201dO istnieniu wsi o identycznej nazwie wiedzieli\u015bmy ju\u017c od dawna","canonical_url":"https:\/\/tuplice.pl\/index.php\/2013\/02\/01\/wydarzenia-drzeniow\/","robots":"max-image-preview:large","keywords":"","webmasterTools":{"miscellaneous":""},"schema":{"@context":"https:\/\/schema.org","@graph":[{"@type":"BlogPosting","@id":"https:\/\/tuplice.pl\/index.php\/2013\/02\/01\/wydarzenia-drzeniow\/#blogposting","name":"Wydarzenia Drzeni\u00f3w - Gmina Tuplice","headline":"Wydarzenia Drzeni\u00f3w","author":{"@id":"https:\/\/tuplice.pl\/index.php\/author\/admin-2\/#author"},"publisher":{"@id":"https:\/\/tuplice.pl\/#organization"},"image":{"@type":"ImageObject","url":606},"datePublished":"2013-02-01T11:01:37+01:00","dateModified":"2013-02-01T11:01:37+01:00","inLanguage":"pl-PL","mainEntityOfPage":{"@id":"https:\/\/tuplice.pl\/index.php\/2013\/02\/01\/wydarzenia-drzeniow\/#webpage"},"isPartOf":{"@id":"https:\/\/tuplice.pl\/index.php\/2013\/02\/01\/wydarzenia-drzeniow\/#webpage"},"articleSection":"Menu boczne"},{"@type":"BreadcrumbList","@id":"https:\/\/tuplice.pl\/index.php\/2013\/02\/01\/wydarzenia-drzeniow\/#breadcrumblist","itemListElement":[{"@type":"ListItem","@id":"https:\/\/tuplice.pl#listItem","position":1,"name":"Home","item":"https:\/\/tuplice.pl","nextItem":{"@type":"ListItem","@id":"https:\/\/tuplice.pl\/index.php\/category\/menu-boczne\/#listItem","name":"Menu boczne"}},{"@type":"ListItem","@id":"https:\/\/tuplice.pl\/index.php\/category\/menu-boczne\/#listItem","position":2,"name":"Menu boczne","item":"https:\/\/tuplice.pl\/index.php\/category\/menu-boczne\/","nextItem":{"@type":"ListItem","@id":"https:\/\/tuplice.pl\/index.php\/2013\/02\/01\/wydarzenia-drzeniow\/#listItem","name":"Wydarzenia Drzeni\u00f3w"},"previousItem":{"@type":"ListItem","@id":"https:\/\/tuplice.pl#listItem","name":"Home"}},{"@type":"ListItem","@id":"https:\/\/tuplice.pl\/index.php\/2013\/02\/01\/wydarzenia-drzeniow\/#listItem","position":3,"name":"Wydarzenia Drzeni\u00f3w","previousItem":{"@type":"ListItem","@id":"https:\/\/tuplice.pl\/index.php\/category\/menu-boczne\/#listItem","name":"Menu boczne"}}]},{"@type":"Organization","@id":"https:\/\/tuplice.pl\/#organization","name":"Gmina Tuplice Gmina Tuplice","description":"Strona Gminy Tuplice Strona Urz\u0119du Gminy Tuplice","url":"https:\/\/tuplice.pl\/","telephone":"+48683625720","logo":{"@type":"ImageObject","url":"https:\/\/tuplice.pl\/wp-content\/uploads\/2025\/07\/images.png","@id":"https:\/\/tuplice.pl\/index.php\/2013\/02\/01\/wydarzenia-drzeniow\/#organizationLogo","width":282,"height":179},"image":{"@id":"https:\/\/tuplice.pl\/index.php\/2013\/02\/01\/wydarzenia-drzeniow\/#organizationLogo"},"sameAs":["https:\/\/facebook.com\/Tuplicki Biuletyn Informacyjny","https:\/\/pinterest.com\/Tuplicki Biuletyn Informacyjny","https:\/\/youtube.com\/Tuplicki Biuletyn Informacyjny"]},{"@type":"Person","@id":"https:\/\/tuplice.pl\/index.php\/author\/admin-2\/#author","url":"https:\/\/tuplice.pl\/index.php\/author\/admin-2\/","name":"admin","image":{"@type":"ImageObject","@id":"https:\/\/tuplice.pl\/index.php\/2013\/02\/01\/wydarzenia-drzeniow\/#authorImage","url":"https:\/\/secure.gravatar.com\/avatar\/8a55bb0a6c2b7d7d608f6e5c7d99e391?s=96&d=mm&r=g","width":96,"height":96,"caption":"admin"}},{"@type":"WebPage","@id":"https:\/\/tuplice.pl\/index.php\/2013\/02\/01\/wydarzenia-drzeniow\/#webpage","url":"https:\/\/tuplice.pl\/index.php\/2013\/02\/01\/wydarzenia-drzeniow\/","name":"Wydarzenia Drzeni\u00f3w - Gmina Tuplice","description":"{slider=Jagodowe \u015awi\u0119to 2012} {gallery}menu_right\/jagodowe_swieto_2012{\/gallery} {\/slider} {slider=\"Rycerski Dzie\u0144 Dziecka\"} {\/slider} {slider=Jagodowe \u015awi\u0119to 2011} {gallery}09072011_Drzeniow{\/gallery} {\/slider} {slider=\"Wsp\u00f3\u0142praca bli\u017aniak\u00f3w\"} \u201eWSP\u00d3\u0141PRACA BLI\u0179NIAK\u00d3W\u201dO istnieniu wsi o identycznej nazwie wiedzieli\u015bmy ju\u017c od dawna","inLanguage":"pl-PL","isPartOf":{"@id":"https:\/\/tuplice.pl\/#website"},"breadcrumb":{"@id":"https:\/\/tuplice.pl\/index.php\/2013\/02\/01\/wydarzenia-drzeniow\/#breadcrumblist"},"author":{"@id":"https:\/\/tuplice.pl\/index.php\/author\/admin-2\/#author"},"creator":{"@id":"https:\/\/tuplice.pl\/index.php\/author\/admin-2\/#author"},"image":{"@type":"ImageObject","url":606,"@id":"https:\/\/tuplice.pl\/index.php\/2013\/02\/01\/wydarzenia-drzeniow\/#mainImage"},"primaryImageOfPage":{"@id":"https:\/\/tuplice.pl\/index.php\/2013\/02\/01\/wydarzenia-drzeniow\/#mainImage"},"datePublished":"2013-02-01T11:01:37+01:00","dateModified":"2013-02-01T11:01:37+01:00"},{"@type":"WebSite","@id":"https:\/\/tuplice.pl\/#website","url":"https:\/\/tuplice.pl\/","name":"Gmina Tuplice","description":"Strona Gminy Tuplice","inLanguage":"pl-PL","publisher":{"@id":"https:\/\/tuplice.pl\/#organization"}}]},"og:locale":"pl_PL","og:site_name":"Gmina Tuplice - Strona Gminy Tuplice","og:type":"article","og:title":"Wydarzenia Drzeni\u00f3w - Gmina Tuplice","og:description":"{slider=Jagodowe \u015awi\u0119to 2012} {gallery}menu_right\/jagodowe_swieto_2012{\/gallery} {\/slider} {slider=&quot;Rycerski Dzie\u0144 Dziecka&quot;} {\/slider} {slider=Jagodowe \u015awi\u0119to 2011} {gallery}09072011_Drzeniow{\/gallery} {\/slider} {slider=&quot;Wsp\u00f3\u0142praca bli\u017aniak\u00f3w&quot;} \u201eWSP\u00d3\u0141PRACA BLI\u0179NIAK\u00d3W\u201dO istnieniu wsi o identycznej nazwie wiedzieli\u015bmy ju\u017c od dawna","og:url":"https:\/\/tuplice.pl\/index.php\/2013\/02\/01\/wydarzenia-drzeniow\/","article:published_time":"2013-02-01T10:01:37+00:00","article:modified_time":"2013-02-01T10:01:37+00:00","article:publisher":"https:\/\/facebook.com\/Tuplicki Biuletyn Informacyjny","twitter:card":"summary_large_image","twitter:title":"Wydarzenia Drzeni\u00f3w - Gmina Tuplice","twitter:description":"{slider=Jagodowe \u015awi\u0119to 2012} {gallery}menu_right\/jagodowe_swieto_2012{\/gallery} {\/slider} {slider=&quot;Rycerski Dzie\u0144 Dziecka&quot;} {\/slider} {slider=Jagodowe \u015awi\u0119to 2011} {gallery}09072011_Drzeniow{\/gallery} {\/slider} {slider=&quot;Wsp\u00f3\u0142praca bli\u017aniak\u00f3w&quot;} \u201eWSP\u00d3\u0141PRACA BLI\u0179NIAK\u00d3W\u201dO istnieniu wsi o identycznej nazwie wiedzieli\u015bmy ju\u017c od dawna"},"aioseo_meta_data":{"post_id":"690","title":null,"description":null,"keywords":null,"keyphrases":null,"primary_term":null,"canonical_url":null,"og_title":null,"og_description":null,"og_object_type":"default","og_image_type":"default","og_image_url":null,"og_image_width":null,"og_image_height":null,"og_image_custom_url":null,"og_image_custom_fields":null,"og_video":null,"og_custom_url":null,"og_article_section":null,"og_article_tags":null,"twitter_use_og":false,"twitter_card":"default","twitter_image_type":"default","twitter_image_url":null,"twitter_image_custom_url":null,"twitter_image_custom_fields":null,"twitter_title":null,"twitter_description":null,"schema":{"blockGraphs":[],"customGraphs":[],"default":{"data":{"Article":[],"Course":[],"Dataset":[],"FAQPage":[],"Movie":[],"Person":[],"Product":[],"ProductReview":[],"Car":[],"Recipe":[],"Service":[],"SoftwareApplication":[],"WebPage":[]},"graphName":"","isEnabled":true},"graphs":[]},"schema_type":"default","schema_type_options":null,"pillar_content":false,"robots_default":true,"robots_noindex":false,"robots_noarchive":false,"robots_nosnippet":false,"robots_nofollow":false,"robots_noimageindex":false,"robots_noodp":false,"robots_notranslate":false,"robots_max_snippet":null,"robots_max_videopreview":null,"robots_max_imagepreview":"large","priority":null,"frequency":null,"local_seo":null,"breadcrumb_settings":null,"limit_modified_date":false,"ai":null,"created":"2025-07-22 18:53:54","updated":"2025-07-22 18:53:54","seo_analyzer_scan_date":null},"aioseo_breadcrumb":"<div class=\"aioseo-breadcrumbs\"><span class=\"aioseo-breadcrumb\">\n\t\t\t<a href=\"https:\/\/tuplice.pl\" title=\"Home\">Home<\/a>\n\t\t<\/span><span class=\"aioseo-breadcrumb-separator\">&raquo;<\/span><span class=\"aioseo-breadcrumb\">\n\t\t\t<a href=\"https:\/\/tuplice.pl\/index.php\/category\/menu-boczne\/\" title=\"Menu boczne\">Menu boczne<\/a>\n\t\t<\/span><span class=\"aioseo-breadcrumb-separator\">&raquo;<\/span><span class=\"aioseo-breadcrumb\">\n\t\t\tWydarzenia Drzeni\u00f3w\n\t\t<\/span><\/div>","aioseo_breadcrumb_json":[{"label":"Home","link":"https:\/\/tuplice.pl"},{"label":"Menu boczne","link":"https:\/\/tuplice.pl\/index.php\/category\/menu-boczne\/"},{"label":"Wydarzenia Drzeni\u00f3w","link":"https:\/\/tuplice.pl\/index.php\/2013\/02\/01\/wydarzenia-drzeniow\/"}],"a3_pvc":{"activated":false,"total_views":0,"today_views":0},"_links":{"self":[{"href":"https:\/\/tuplice.pl\/index.php\/wp-json\/wp\/v2\/posts\/690"}],"collection":[{"href":"https:\/\/tuplice.pl\/index.php\/wp-json\/wp\/v2\/posts"}],"about":[{"href":"https:\/\/tuplice.pl\/index.php\/wp-json\/wp\/v2\/types\/post"}],"author":[{"embeddable":true,"href":"https:\/\/tuplice.pl\/index.php\/wp-json\/wp\/v2\/users\/4"}],"replies":[{"embeddable":true,"href":"https:\/\/tuplice.pl\/index.php\/wp-json\/wp\/v2\/comments?post=690"}],"version-history":[{"count":0,"href":"https:\/\/tuplice.pl\/index.php\/wp-json\/wp\/v2\/posts\/690\/revisions"}],"wp:featuredmedia":[{"embeddable":true,"href":"https:\/\/tuplice.pl\/index.php\/wp-json\/"}],"wp:attachment":[{"href":"https:\/\/tuplice.pl\/index.php\/wp-json\/wp\/v2\/media?parent=690"}],"wp:term":[{"taxonomy":"category","embeddable":true,"href":"https:\/\/tuplice.pl\/index.php\/wp-json\/wp\/v2\/categories?post=690"},{"taxonomy":"post_tag","embeddable":true,"href":"https:\/\/tuplice.pl\/index.php\/wp-json\/wp\/v2\/tags?post=690"}],"curies":[{"name":"wp","href":"https:\/\/api.w.org\/{rel}","templated":true}]}}